{"id":23590,"date":"2013-07-12T13:21:12","date_gmt":"2013-07-12T13:21:12","guid":{"rendered":"http:\/\/www.hoymercedes.com.ar\/principal\/?p=23590"},"modified":"2013-07-12T13:21:12","modified_gmt":"2013-07-12T13:21:12","slug":"podemos-creemos-que-la-gente-quiere-cambiar","status":"publish","type":"post","link":"https:\/\/www.hoymercedes.com.ar\/principal\/2013\/07\/12\/podemos-creemos-que-la-gente-quiere-cambiar\/","title":{"rendered":"PoDeMos: \u201cCreemos que la gente quiere cambiar\u201d"},"content":{"rendered":"<figure id=\"attachment_23592\" aria-describedby=\"caption-attachment-23592\" style=\"width: 610px\" class=\"wp-caption aligncenter\"><a href=\"https:\/\/www.hoymercedes.com.ar\/principal\/wp-content\/uploads\/2013\/07\/PoDeMos-Mercedes.jpg\"><img loading=\"lazy\" decoding=\"async\" data-attachment-id=\"23592\" data-permalink=\"https:\/\/www.hoymercedes.com.ar\/principal\/2013\/07\/12\/podemos-creemos-que-la-gente-quiere-cambiar\/podemos-mercedes\/#main\" data-orig-file=\"https:\/\/www.hoymercedes.com.ar\/principal\/wp-content\/uploads\/2013\/07\/PoDeMos-Mercedes.jpg\" data-orig-size=\"620,465\" data-comments-opened=\"1\" data-image-meta=\"{&quot;aperture&quot;:&quot;0&quot;,&quot;credit&quot;:&quot;&quot;,&quot;camera&quot;:&quot;&quot;,&quot;caption&quot;:&quot;&quot;,&quot;created_timestamp&quot;:&quot;0&quot;,&quot;copyright&quot;:&quot;&quot;,&quot;focal_length&quot;:&quot;0&quot;,&quot;iso&quot;:&quot;0&quot;,&quot;shutter_speed&quot;:&quot;0&quot;,&quot;title&quot;:&quot;&quot;}\" data-image-title=\"PoDeMos-Mercedes\" data-image-description=\"\" data-image-caption=\"&lt;p&gt;PoDeMos Mercedes&lt;\/p&gt;\n\" data-large-file=\"https:\/\/www.hoymercedes.com.ar\/principal\/wp-content\/uploads\/2013\/07\/PoDeMos-Mercedes.jpg\" class=\"size-full wp-image-23592\" alt=\"PoDeMos Mercedes \" src=\"https:\/\/www.hoymercedes.com.ar\/principal\/wp-content\/uploads\/2013\/07\/PoDeMos-Mercedes.jpg\" width=\"620\" height=\"465\" \/><\/a><figcaption id=\"caption-attachment-23592\" class=\"wp-caption-text\">PoDeMos Mercedes<\/figcaption><\/figure>\n<p><em><strong>Se present\u00f3 ante la prensa el espacio pol\u00edtico PoDeMos que lleva como primer candidato a Hugo Bonafina al Concejo Deliberante, acompa\u00f1ado de Jos\u00e9 Luis Pisano. Ante la prensa efectuaron una narraci\u00f3n de su posicionamiento pol\u00edtico, ante la realidad, cr\u00edticas al estado actual del pa\u00eds y la ciudad y\u00a0 una invitaci\u00f3n para ser parte del movimiento que vienen efectuando.<\/strong><\/em><\/p>\n<p>En lo que fue la presentaci\u00f3n de candidatos, formalmente ante la prensa, se vertieron diversos conceptos por parte de los principales candidatos.<\/p>\n<p>\u201cPoDeMos\u201d es un Frente multipartidario que busca tener presencia en el Concejo Deliberante.<\/p>\n<p>Bonafina sostuvo<i>: \u201ctenemos un sistema representativo delegativo, nosotros planteamos que hay que tener una democracia realmente participativa, para eso hay que hacer cambios, incluso la constituci\u00f3n. Esto se cambia s\u00f3lo desde el voto popular y que el compa\u00f1ero del barrio lo comprenda y apoye\u201d. <\/i><\/p>\n<p>Paula Siri afirm\u00f3: <i>\u201cLa patria no es el otro, somos todos, suponer que es el otro es supuner que uno sabe las necesidades que tiene el otro. Lo que vemos hoy en d\u00eca es que todas las pol\u00edticas de este modelo, que est\u00e1 en crisis, no toman en cuenta la necesidad del otro, sino lo que uno supone desde su lugar de Concejal, Diputado, etc., por eso planteamos un cambio de verdad\u201d respecto a la uni\u00f3n y la conformaci\u00f3n del Frente afirm\u00f3: \u201csomos un grupo que hace tiempo trabajamos, MST, ATE, Uni\u00f3n Popular, son espacios que se encuentran todos los d\u00edas en la lucha. A nivel local tengo un conocimiento personal con Jos\u00e9 y ven\u00edamos hablando muchos a\u00f1os y discutiendo hasta ahora que se gener\u00f3 este espacio y estamos muy contentos todos los compa\u00f1eros porque debatimos mucho, nos juntamos seguido y estamos sumando gente, que es algo importante, abrir los espacios. El espacio del Frente Democr\u00e1tico Popular y Social es generar una alternativa, un modelo de cambio. Creemos que la gente quiere cambiar, pero no se gestaron alternativas de cambio.\u201d<\/i><\/p>\n<p>Por su parte, Jos\u00e9 Luis Pisano afirm\u00f3: <i>\u201chace mucho tiempo venimos trabajando en mejorar la pol\u00edtica local. Hemos cambiado algunas cosas, luchamos por otras, pero siempre en un camino de inclusi\u00f3n y respeto. Nuestros actos culturales, nuestras expresiones sociales, los proyectos presentados, son parte de la visi\u00f3n pol\u00edtica creativa que ponemos y entendemos las elecciones son una herramienta m\u00e1s. Venimos trabajando desde antes y continuaremos, pero, en esta ocasi\u00f3n, buscamos un cambio real de la pol\u00edtica local con apertura y participaci\u00f3n. No vamos a bajar nuestros brazos ni ideas por acceder a un cargo, pero, es una herramienta m\u00e1s de trabajo que deseamos obtener con el apoyo de la gente.\u201d.<\/i><\/p>\n<p>Hugo Bonafina coment\u00f3 respecto a la coyuntura actual: <i>\u201chace falta el cambio, hoy en Argentina los menores de 25 no trabajan ni estudian en un gran porcentaje. Las propuestas de este gobierno son para que no llegue el agua al cuello. Hoy se podr\u00eda estar el doble mejor. Los planes no han generado m\u00e1s trabajo. La asignaci\u00f3n universal no es universal y no es m\u00e1s que un paliativo, no ha mejorado la capacidad de trabajo, es un plan que no se debe eliminar, pero debe crear mejor calidad de vida sin dependencia. No ser\u00e9 libre para militar sin las necesidades b\u00e1sicas satisfechas. Falta salud, trabajo, vivienda, educaci\u00f3n para el que est\u00e1 en el l\u00edmite y le alcanza s\u00f3lo para vivir, nada m\u00e1s. Poder mostrar esto es un trabajo importante.\u201d<\/i><\/p>\n","protected":false},"excerpt":{"rendered":"<p>Se present\u00f3 ante la prensa el espacio pol\u00edtico PoDeMos que lleva como primer candidato a Hugo Bonafina al Concejo Deliberante, &#8230; <a title=\"PoDeMos: \u201cCreemos que la gente quiere cambiar\u201d\" class=\"read-more\" href=\"https:\/\/www.hoymercedes.com.ar\/principal\/2013\/07\/12\/podemos-creemos-que-la-gente-quiere-cambiar\/\" aria-label=\"Leer m\u00e1s sobre PoDeMos: \u201cCreemos que la gente quiere cambiar\u201d\">Leer m\u00e1s<\/a><\/p>\n","protected":false},"author":1,"featured_media":0,"comment_status":"open","ping_status":"open","sticky":false,"template":"","format":"standard","meta":{"_monsterinsights_skip_tracking":false,"_monsterinsights_sitenote_active":false,"_monsterinsights_sitenote_note":"","_monsterinsights_sitenote_category":0,"jetpack_post_was_ever_published":false,"_jetpack_newsletter_access":"","_jetpack_dont_email_post_to_subs":false,"_jetpack_newsletter_tier_id":0,"_jetpack_memberships_contains_paywalled_content":false,"_jetpack_memberships_contains_paid_content":false,"footnotes":"","jetpack_publicize_message":"","jetpack_publicize_feature_enabled":true,"jetpack_social_post_already_shared":true,"jetpack_social_options":{"image_generator_settings":{"template":"highway","default_image_id":0,"font":"","enabled":false},"version":2},"_wpas_customize_per_network":false},"categories":[5],"tags":[254,1869,3576,3598],"class_list":["post-23590","post","type-post","status-publish","format-standard","hentry","category-politica","tag-hugo-bonafina","tag-jose-luis-pisano","tag-paula-siri","tag-podemos","generate-columns","tablet-grid-50","mobile-grid-100","grid-parent","grid-50"],"jetpack_publicize_connections":[],"jetpack_featured_media_url":"","wps_subtitle":"","jetpack_sharing_enabled":true,"_links":{"self":[{"href":"https:\/\/www.hoymercedes.com.ar\/principal\/wp-json\/wp\/v2\/posts\/23590","targetHints":{"allow":["GET"]}}],"collection":[{"href":"https:\/\/www.hoymercedes.com.ar\/principal\/wp-json\/wp\/v2\/posts"}],"about":[{"href":"https:\/\/www.hoymercedes.com.ar\/principal\/wp-json\/wp\/v2\/types\/post"}],"author":[{"embeddable":true,"href":"https:\/\/www.hoymercedes.com.ar\/principal\/wp-json\/wp\/v2\/users\/1"}],"replies":[{"embeddable":true,"href":"https:\/\/www.hoymercedes.com.ar\/principal\/wp-json\/wp\/v2\/comments?post=23590"}],"version-history":[{"count":0,"href":"https:\/\/www.hoymercedes.com.ar\/principal\/wp-json\/wp\/v2\/posts\/23590\/revisions"}],"wp:attachment":[{"href":"https:\/\/www.hoymercedes.com.ar\/principal\/wp-json\/wp\/v2\/media?parent=23590"}],"wp:term":[{"taxonomy":"category","embeddable":true,"href":"https:\/\/www.hoymercedes.com.ar\/principal\/wp-json\/wp\/v2\/categories?post=23590"},{"taxonomy":"post_tag","embeddable":true,"href":"https:\/\/www.hoymercedes.com.ar\/principal\/wp-json\/wp\/v2\/tags?post=23590"}],"curies":[{"name":"wp","href":"https:\/\/api.w.org\/{rel}","templated":true}]}}