{"id":23609,"date":"2013-07-13T16:24:23","date_gmt":"2013-07-13T16:24:23","guid":{"rendered":"http:\/\/www.hoymercedes.com.ar\/principal\/?p=23609"},"modified":"2013-07-13T16:24:23","modified_gmt":"2013-07-13T16:24:23","slug":"frente-mercedino-lanzo-candidatos-oficialmente-con-amplia-militancia","status":"publish","type":"post","link":"https:\/\/www.hoymercedes.com.ar\/principal\/2013\/07\/13\/frente-mercedino-lanzo-candidatos-oficialmente-con-amplia-militancia\/","title":{"rendered":"Frente Mercedino lanz\u00f3 candidatos oficialmente con amplia militancia"},"content":{"rendered":"<figure id=\"attachment_23611\" aria-describedby=\"caption-attachment-23611\" style=\"width: 610px\" class=\"wp-caption aligncenter\"><a href=\"https:\/\/www.hoymercedes.com.ar\/principal\/wp-content\/uploads\/2013\/07\/fmpv-lanzamiento.2013-II.jpg\"><img loading=\"lazy\" decoding=\"async\" data-attachment-id=\"23611\" data-permalink=\"https:\/\/www.hoymercedes.com.ar\/principal\/2013\/07\/13\/frente-mercedino-lanzo-candidatos-oficialmente-con-amplia-militancia\/fmpv-lanzamiento-2013-ii\/#main\" data-orig-file=\"https:\/\/www.hoymercedes.com.ar\/principal\/wp-content\/uploads\/2013\/07\/fmpv-lanzamiento.2013-II.jpg\" data-orig-size=\"620,413\" data-comments-opened=\"1\" data-image-meta=\"{&quot;aperture&quot;:&quot;4&quot;,&quot;credit&quot;:&quot;&quot;,&quot;camera&quot;:&quot;Canon EOS REBEL T3i&quot;,&quot;caption&quot;:&quot;&quot;,&quot;created_timestamp&quot;:&quot;1373669592&quot;,&quot;copyright&quot;:&quot;&quot;,&quot;focal_length&quot;:&quot;27&quot;,&quot;iso&quot;:&quot;3200&quot;,&quot;shutter_speed&quot;:&quot;0.0125&quot;,&quot;title&quot;:&quot;&quot;}\" data-image-title=\"fmpv-lanzamiento.2013-II\" data-image-description=\"\" data-image-caption=\"&lt;p&gt;Lanzamiento Frente Mercedino&lt;\/p&gt;\n\" data-large-file=\"https:\/\/www.hoymercedes.com.ar\/principal\/wp-content\/uploads\/2013\/07\/fmpv-lanzamiento.2013-II.jpg\" class=\"size-full wp-image-23611\" alt=\"Lanzamiento Frente Mercedino \" src=\"https:\/\/www.hoymercedes.com.ar\/principal\/wp-content\/uploads\/2013\/07\/fmpv-lanzamiento.2013-II.jpg\" width=\"620\" height=\"413\" \/><\/a><figcaption id=\"caption-attachment-23611\" class=\"wp-caption-text\">Lanzamiento Frente Mercedino<\/figcaption><\/figure>\n<p><em><strong>El Frente Mercedino para la Victoria, que ya hab\u00eda anunciado su lista completa d\u00edas atr\u00e1s con Ustarroz y Prenitune a la cabeza, efectu\u00f3 este viernes por la noche en el Club Comunicaciones un encuentro militante donde presentaron formal y oficialmente la lista de candidatos a una banca en el Concejo Deliberativo bajo un marco de gran presencia de p\u00fablico.<\/strong><\/em><\/p>\n<p>El Club Comunicaciones, como en el pasado, fue el gran espacio donde desarrollaron el lanzamiento. Juan Ustarroz, principal referente, fue el gran orador de la noche, sosteniendo:\u00a0<em>\u201cEste acto es fundamentalmente un agradecimiento para nuestra militancia, para los referentes de cada barrio, para todos los que cada d\u00eda caminan las calles de la ciudad para conocer las necesidades de la gente y tratar de solucionarle los problemas. Esta convocatoria me pone orgulloso, porque todos ac\u00e1 entendemos que la pol\u00edtica es una herramienta de transformaci\u00f3n y se la toma con vocaci\u00f3n de servicio.\u00a0<\/em>En este mismo espacio comenzamos el sue\u00f1o hace ya m\u00e1s de dos a\u00f1os y quisimos volver a reunirnos aqu\u00ed como un s\u00edmbolo del trabajo que venimos haciendo y de la uni\u00f3n que nos impulsa. A lo largo del camino se fue sumando mucha m\u00e1s gente, lo que confirma nuestra vocaci\u00f3n de ser un lugar para todos los vecinos, de mantener las puertas abiertas permanentemente. Ojal\u00e1 sigamos siendo cada d\u00eda muchos m\u00e1s y que este esp\u00edritu de alegr\u00eda, de ganas de hacer, de armon\u00eda, se siga replicando en toda la ciudad\u201d, afirm\u00f3.<\/p>\n<figure id=\"attachment_23612\" aria-describedby=\"caption-attachment-23612\" style=\"width: 610px\" class=\"wp-caption aligncenter\"><a href=\"https:\/\/www.hoymercedes.com.ar\/principal\/wp-content\/uploads\/2013\/07\/fmpv-lanzamiento.2013.jpg\"><img loading=\"lazy\" decoding=\"async\" data-attachment-id=\"23612\" data-permalink=\"https:\/\/www.hoymercedes.com.ar\/principal\/2013\/07\/13\/frente-mercedino-lanzo-candidatos-oficialmente-con-amplia-militancia\/fmpv-lanzamiento-2013\/#main\" data-orig-file=\"https:\/\/www.hoymercedes.com.ar\/principal\/wp-content\/uploads\/2013\/07\/fmpv-lanzamiento.2013.jpg\" data-orig-size=\"620,413\" data-comments-opened=\"1\" data-image-meta=\"{&quot;aperture&quot;:&quot;4.5&quot;,&quot;credit&quot;:&quot;&quot;,&quot;camera&quot;:&quot;Canon EOS REBEL T3i&quot;,&quot;caption&quot;:&quot;&quot;,&quot;created_timestamp&quot;:&quot;1373669380&quot;,&quot;copyright&quot;:&quot;&quot;,&quot;focal_length&quot;:&quot;36&quot;,&quot;iso&quot;:&quot;3200&quot;,&quot;shutter_speed&quot;:&quot;0.02&quot;,&quot;title&quot;:&quot;&quot;}\" data-image-title=\"fmpv-lanzamiento.2013\" data-image-description=\"\" data-image-caption=\"&lt;p&gt;Frente Mercedino, lanzamiento 2013&lt;\/p&gt;\n\" data-large-file=\"https:\/\/www.hoymercedes.com.ar\/principal\/wp-content\/uploads\/2013\/07\/fmpv-lanzamiento.2013.jpg\" class=\"size-full wp-image-23612\" alt=\"Frente Mercedino, lanzamiento 2013\" src=\"https:\/\/www.hoymercedes.com.ar\/principal\/wp-content\/uploads\/2013\/07\/fmpv-lanzamiento.2013.jpg\" width=\"620\" height=\"413\" srcset=\"https:\/\/www.hoymercedes.com.ar\/principal\/wp-content\/uploads\/2013\/07\/fmpv-lanzamiento.2013.jpg 620w, https:\/\/www.hoymercedes.com.ar\/principal\/wp-content\/uploads\/2013\/07\/fmpv-lanzamiento.2013-300x199.jpg 300w\" sizes=\"auto, (max-width: 620px) 100vw, 620px\" \/><\/a><figcaption id=\"caption-attachment-23612\" class=\"wp-caption-text\">Frente Mercedino, lanzamiento 2013<\/figcaption><\/figure>\n<p>M\u00e1s de 300 voluntades frentistas fueron parte del encuentro en que presentaron uno a uno los candidatos a concejales y consejeros escolares.\u00a0Patricia Prenitune, Mat\u00edas Dematei, C\u00e9sar Zalazar, Mariana San Mart\u00edn, Daniel Bojorge, Diego Ciley, Leandro Valerga y Marcela Brown (titulares); y Dar\u00edo Oliva, Hugo Paganino, Juana Garc\u00eda y Clara Battista, entre algunos de los suplentes y los candidatos al Consejo Escolar:\u00a0Sergio Carini, Silvina Blanco y Federico Belzunces (titulares); y Leticia Matalobos, Mar\u00eda Ronanduano y Alicia Renzelli (suplentes).<\/p>\n<p>El Comunicaciones fue escenario de encuentro de todas las fuerzas integrantes, como La C\u00e1mpora, Casa J\u00f3ven conducida pro Juan Pablo L\u00f3pez Baggio, actual concejal , Leales a Per\u00f3n, Movimiento Evita y los recientemente incorporados de \u00abLos pasos previos\u00bb.<\/p>\n<p>\u201cEstuvimos reunidos y decidimos brindarle nuestro acompa\u00f1amiento a \u2018Juani\u2019 para estas elecciones, porque tanto \u00e9l como nosotros buscamos seguir construyendo y seguir consolidando el proyecto nacional y popular\u201d de la Presidenta Cristina Fern\u00e1ndez de Kirchner, explic\u00f3 el propio Alvarez en declaraciones al sitio web\u00a0<a href=\"http:\/\/www.hoymercedes.com.ar.ar\/\" target=\"_blank\">hoymercedes.com.ar<\/a>.<\/p>\n<p>Aunque los precandidatos ya hab\u00edan sido presentados en un breve acto realizado en el local de la calle 25 (entre 14 y 16), el encuentro del viernes represent\u00f3 la formalidad y el lanzamiento de campa\u00f1a luego de la oficializaci\u00f3n de la lista por parte de la Junta Electoral: ser\u00e1 la \u2018Celeste y Blanca K\u2019 del Frente para la Victoria.<\/p>\n<p>Ustarroz cont\u00f3 con el apoyo de su bloque de concejales (Juan Pablo L\u00f3pez Baggio, quien convoc\u00f3 \u201ca seguir trabajando, a seguir militando para que \u2018Juani\u2019 sea intendente en 2015\u201d), Juan Mart\u00edn Andr\u00e9s, Roberto Cirillo y Celeste Burone; adem\u00e1s de integrantes de cada una de las comisiones que vienen trabajando dentro del Frente Mercedino; y del diputado provincial Alberto \u2018Cucho\u2019 Espa\u00f1a.<\/p>\n<p>\u201cGracias a todos, de verdad \u2013cerr\u00f3\u00a0Ustarroz-. Estoy orgulloso de los que me acompa\u00f1an en la lista, porque son un leal reflejo de los que forman parte del Frente Mercedino: sobre todo, buenas personas. Esta fiesta nos renueva el compromiso con la ciudad y nos obliga a multiplicar nuestros esfuerzos para alcanzar los sue\u00f1os de todos los vecinos\u201d.<\/p>\n<p>&nbsp;<\/p>\n<p>&nbsp;<\/p>\n","protected":false},"excerpt":{"rendered":"<p>El Frente Mercedino para la Victoria, que ya hab\u00eda anunciado su lista completa d\u00edas atr\u00e1s con Ustarroz y Prenitune a &#8230; <a title=\"Frente Mercedino lanz\u00f3 candidatos oficialmente con amplia militancia\" class=\"read-more\" href=\"https:\/\/www.hoymercedes.com.ar\/principal\/2013\/07\/13\/frente-mercedino-lanzo-candidatos-oficialmente-con-amplia-militancia\/\" aria-label=\"Leer m\u00e1s sobre Frente Mercedino lanz\u00f3 candidatos oficialmente con amplia militancia\">Leer m\u00e1s<\/a><\/p>\n","protected":false},"author":1,"featured_media":0,"comment_status":"open","ping_status":"open","sticky":false,"template":"","format":"standard","meta":{"_monsterinsights_skip_tracking":false,"_monsterinsights_sitenote_active":false,"_monsterinsights_sitenote_note":"","_monsterinsights_sitenote_category":0,"jetpack_post_was_ever_published":false,"_jetpack_newsletter_access":"","_jetpack_dont_email_post_to_subs":false,"_jetpack_newsletter_tier_id":0,"_jetpack_memberships_contains_paywalled_content":false,"_jetpack_memberships_contains_paid_content":false,"footnotes":"","jetpack_publicize_message":"","jetpack_publicize_feature_enabled":true,"jetpack_social_post_already_shared":true,"jetpack_social_options":{"image_generator_settings":{"template":"highway","default_image_id":0,"font":"","enabled":false},"version":2},"_wpas_customize_per_network":false},"categories":[5],"tags":[3645],"class_list":["post-23609","post","type-post","status-publish","format-standard","hentry","category-politica","tag-frente-mercedino-2013","generate-columns","tablet-grid-50","mobile-grid-100","grid-parent","grid-50"],"jetpack_publicize_connections":[],"jetpack_featured_media_url":"","wps_subtitle":"","jetpack_sharing_enabled":true,"_links":{"self":[{"href":"https:\/\/www.hoymercedes.com.ar\/principal\/wp-json\/wp\/v2\/posts\/23609","targetHints":{"allow":["GET"]}}],"collection":[{"href":"https:\/\/www.hoymercedes.com.ar\/principal\/wp-json\/wp\/v2\/posts"}],"about":[{"href":"https:\/\/www.hoymercedes.com.ar\/principal\/wp-json\/wp\/v2\/types\/post"}],"author":[{"embeddable":true,"href":"https:\/\/www.hoymercedes.com.ar\/principal\/wp-json\/wp\/v2\/users\/1"}],"replies":[{"embeddable":true,"href":"https:\/\/www.hoymercedes.com.ar\/principal\/wp-json\/wp\/v2\/comments?post=23609"}],"version-history":[{"count":0,"href":"https:\/\/www.hoymercedes.com.ar\/principal\/wp-json\/wp\/v2\/posts\/23609\/revisions"}],"wp:attachment":[{"href":"https:\/\/www.hoymercedes.com.ar\/principal\/wp-json\/wp\/v2\/media?parent=23609"}],"wp:term":[{"taxonomy":"category","embeddable":true,"href":"https:\/\/www.hoymercedes.com.ar\/principal\/wp-json\/wp\/v2\/categories?post=23609"},{"taxonomy":"post_tag","embeddable":true,"href":"https:\/\/www.hoymercedes.com.ar\/principal\/wp-json\/wp\/v2\/tags?post=23609"}],"curies":[{"name":"wp","href":"https:\/\/api.w.org\/{rel}","templated":true}]}}