{"id":23615,"date":"2013-07-14T22:23:54","date_gmt":"2013-07-14T22:23:54","guid":{"rendered":"http:\/\/www.hoymercedes.com.ar\/principal\/?p=23615"},"modified":"2013-07-14T22:25:24","modified_gmt":"2013-07-14T22:25:24","slug":"nuevo-campeonato-de-futbol-barrial-en-barrio-almafuerte","status":"publish","type":"post","link":"https:\/\/www.hoymercedes.com.ar\/principal\/2013\/07\/14\/nuevo-campeonato-de-futbol-barrial-en-barrio-almafuerte\/","title":{"rendered":"Nuevo campeonato de f\u00fatbol barrial en Barrio Almafuerte"},"content":{"rendered":"<p>&nbsp;<\/p>\n<figure id=\"attachment_23617\" aria-describedby=\"caption-attachment-23617\" style=\"width: 610px\" class=\"wp-caption aligncenter\"><a href=\"https:\/\/www.hoymercedes.com.ar\/principal\/wp-content\/uploads\/2013\/07\/barrioalmafuerte.jpg\"><img loading=\"lazy\" decoding=\"async\" data-attachment-id=\"23617\" data-permalink=\"https:\/\/www.hoymercedes.com.ar\/principal\/2013\/07\/14\/nuevo-campeonato-de-futbol-barrial-en-barrio-almafuerte\/barrioalmafuerte\/#main\" data-orig-file=\"https:\/\/www.hoymercedes.com.ar\/principal\/wp-content\/uploads\/2013\/07\/barrioalmafuerte.jpg\" data-orig-size=\"620,465\" data-comments-opened=\"1\" data-image-meta=\"{&quot;aperture&quot;:&quot;0&quot;,&quot;credit&quot;:&quot;&quot;,&quot;camera&quot;:&quot;&quot;,&quot;caption&quot;:&quot;&quot;,&quot;created_timestamp&quot;:&quot;0&quot;,&quot;copyright&quot;:&quot;&quot;,&quot;focal_length&quot;:&quot;0&quot;,&quot;iso&quot;:&quot;0&quot;,&quot;shutter_speed&quot;:&quot;0&quot;,&quot;title&quot;:&quot;&quot;}\" data-image-title=\"barrioalmafuerte\" data-image-description=\"\" data-image-caption=\"&lt;p&gt;F\u00fatbol en Barrio Almafuerte&lt;\/p&gt;\n\" data-large-file=\"https:\/\/www.hoymercedes.com.ar\/principal\/wp-content\/uploads\/2013\/07\/barrioalmafuerte.jpg\" class=\"size-full wp-image-23617\" alt=\"F\u00fatbol en Barrio Almafuerte\" src=\"https:\/\/www.hoymercedes.com.ar\/principal\/wp-content\/uploads\/2013\/07\/barrioalmafuerte.jpg\" width=\"620\" height=\"465\" \/><\/a><figcaption id=\"caption-attachment-23617\" class=\"wp-caption-text\">F\u00fatbol en Barrio Almafuerte<\/figcaption><\/figure>\n<p><em><strong>Este domingo 14 de julio en la ex Cancha de Holanda en la 115 y las v\u00edas del Sarmiento y el San Mart\u00edn la Direcci\u00f3n Municipal de Deportes organiz\u00f3 junto con la sociedad de fomento del barrio Almafuerte un nuevo torneo barrial de f\u00fatbol.<\/strong><\/em><\/p>\n<p>A pesar que durante la semana las malas condiciones clim\u00e1ticas hicieron peligrar el evento, la excelente predisposici\u00f3n de la gente de la sociedad de fomento del barrio Almafuerte dej\u00f3 la cancha impecable para que el torneo barrial se llevara a cabo.<\/p>\n<p>Con la presencia de chicos del barrio Blandengue, Almafuerte y de la 12 y 1 se realizo este cl\u00e1sico torneo reservado para las categor\u00edas menores 8 y 9 a\u00f1os y mayores de 10, 11 y 12 a\u00f1os. En categor\u00eda menores en la final el equipo del barrio Almafuerte gano por 2 a 1 al equipo de barrio Blandengue, el equipo dirigido por Franco L\u00f3pez estuvo integrado por Uriel Pardo, Gonzalo Ramallo, Ezequiel Acevedo, Joaqu\u00edn Guzm\u00e1n, Lautaro Guzm\u00e1n, Brando Acu\u00f1a, Kevin Parodi, Lautaro Carrizo, Isa\u00edas Ullua, Martin Auza, Juan Orellano y Rom\u00e1n Lanegrasse.<\/p>\n<p>En la categor\u00eda mayores la 1 le gano 2 a 1 a Almafuerte y 2 a 1 a Blandengue consagr\u00e1ndose campe\u00f3n. El equipo estuvo integrado por Jos\u00e9 Regalado, Leandro Ortalia, Alex L\u00f3pez, Cristian Mu\u00f1oz, Lucas Fernandez, Agust\u00edn Mu\u00f1iz, Pablo Palacios, Pedro Contreras, Lautaro Rivas.<\/p>\n<p>Como es costumbre al finalizar el torneo los chicos recibieron chocolate y facturas que la Direcci\u00f3n de Desarrollo Social entrego y se dio paso a la entrega de los premios para los primeros con un juego de camisetas y los segundos una pelota de f\u00fatbol acci\u00f3n llevada a cabo por el presidente del barrio Almafuerte y los pre-candidatos a concejales Sabrina Selva y Ricardo Bozzini.<\/p>\n<p>El Director de Deportes Julio Campora y la Coordinadora de Desarrollo Social Cristina Arias de Selva coordinaron con los representantes de los barrios en efectuar mejoras en el espacio deportivo para efectuar mas canchas con el fin de darle m\u00e1s posibilidades a los chicos de contar con espacios deportivos as\u00ed como la posible iluminaci\u00f3n de las mismas.<\/p>\n<p><span style=\"color: #888888;\">Fuente: Direcci\u00f3n de Deportes<\/span><\/p>\n","protected":false},"excerpt":{"rendered":"<p>&nbsp; Este domingo 14 de julio en la ex Cancha de Holanda en la 115 y las v\u00edas del Sarmiento &#8230; <a title=\"Nuevo campeonato de f\u00fatbol barrial en Barrio Almafuerte\" class=\"read-more\" href=\"https:\/\/www.hoymercedes.com.ar\/principal\/2013\/07\/14\/nuevo-campeonato-de-futbol-barrial-en-barrio-almafuerte\/\" aria-label=\"Leer m\u00e1s sobre Nuevo campeonato de f\u00fatbol barrial en Barrio Almafuerte\">Leer m\u00e1s<\/a><\/p>\n","protected":false},"author":1,"featured_media":0,"comment_status":"open","ping_status":"open","sticky":false,"template":"","format":"standard","meta":{"_monsterinsights_skip_tracking":false,"_monsterinsights_sitenote_active":false,"_monsterinsights_sitenote_note":"","_monsterinsights_sitenote_category":0,"jetpack_post_was_ever_published":false,"_jetpack_newsletter_access":"","_jetpack_dont_email_post_to_subs":false,"_jetpack_newsletter_tier_id":0,"_jetpack_memberships_contains_paywalled_content":false,"_jetpack_memberships_contains_paid_content":false,"footnotes":"","jetpack_publicize_message":"","jetpack_publicize_feature_enabled":true,"jetpack_social_post_already_shared":true,"jetpack_social_options":{"image_generator_settings":{"template":"highway","default_image_id":0,"font":"","enabled":false},"version":2},"_wpas_customize_per_network":false},"categories":[30],"tags":[3646,3139,652],"class_list":["post-23615","post","type-post","status-publish","format-standard","hentry","category-municipio","tag-campeonato-deportivo","tag-cristina-arias","tag-julio-campora","generate-columns","tablet-grid-50","mobile-grid-100","grid-parent","grid-50"],"jetpack_publicize_connections":[],"jetpack_featured_media_url":"","wps_subtitle":"","jetpack_sharing_enabled":true,"_links":{"self":[{"href":"https:\/\/www.hoymercedes.com.ar\/principal\/wp-json\/wp\/v2\/posts\/23615","targetHints":{"allow":["GET"]}}],"collection":[{"href":"https:\/\/www.hoymercedes.com.ar\/principal\/wp-json\/wp\/v2\/posts"}],"about":[{"href":"https:\/\/www.hoymercedes.com.ar\/principal\/wp-json\/wp\/v2\/types\/post"}],"author":[{"embeddable":true,"href":"https:\/\/www.hoymercedes.com.ar\/principal\/wp-json\/wp\/v2\/users\/1"}],"replies":[{"embeddable":true,"href":"https:\/\/www.hoymercedes.com.ar\/principal\/wp-json\/wp\/v2\/comments?post=23615"}],"version-history":[{"count":0,"href":"https:\/\/www.hoymercedes.com.ar\/principal\/wp-json\/wp\/v2\/posts\/23615\/revisions"}],"wp:attachment":[{"href":"https:\/\/www.hoymercedes.com.ar\/principal\/wp-json\/wp\/v2\/media?parent=23615"}],"wp:term":[{"taxonomy":"category","embeddable":true,"href":"https:\/\/www.hoymercedes.com.ar\/principal\/wp-json\/wp\/v2\/categories?post=23615"},{"taxonomy":"post_tag","embeddable":true,"href":"https:\/\/www.hoymercedes.com.ar\/principal\/wp-json\/wp\/v2\/tags?post=23615"}],"curies":[{"name":"wp","href":"https:\/\/api.w.org\/{rel}","templated":true}]}}