{"id":2363,"date":"2011-02-23T04:29:10","date_gmt":"2011-02-23T04:29:10","guid":{"rendered":"http:\/\/www.hoymercedes.com.ar\/principal\/?p=2363"},"modified":"2011-02-23T04:29:10","modified_gmt":"2011-02-23T04:29:10","slug":"se-acerca-el-con-cierto-rock-2011","status":"publish","type":"post","link":"https:\/\/www.hoymercedes.com.ar\/principal\/2011\/02\/23\/se-acerca-el-con-cierto-rock-2011\/","title":{"rendered":"Se acerca el Con Cierto Rock 2011"},"content":{"rendered":"<p>a medida que nos acercamos al s\u00e1bado crecen las expectativas sobrela realizaci\u1e55on del festival de m\u00fasica Con Cierto Rock en las instalaciones del ex Instituto Mart\u00edn Rodr\u00edguez con la organizaci\u00f3n de la Direcci\u00f3n de Turismo de la municipalidadd<\/p>\n<p>De acuerdo a los datos obtenidos a trav\u00e9s de la palabra del Secretario de Gobierno Sergio L\u00f3pez \u00absi bien la organizaci\u00f3n es del \u00e1rea de Turismo hay otras esferas municplaes que deben estar colaborando en diferentes tareas como por ejemplo la preparaci\u00f3n del instituto donde est\u00e1 el escenario, el lugar reservado para estacionamiento que pensamos\u00a0 que en esta oportunidad pensamos que est\u00e9 ubicado en el sector que utiliza el Club Velez para su su campo deportivo y de paso ellos pueden generar alg\u00fan recurso oara seguir trabajando como lo estan haciendo hsta el momento en el orden social y deportivo.<\/p>\n<p>Tambien debemos tener en cuenta al personal de\u00a0 iluminaci\u00f3n que deber\u00e1 cuidar los detalles\u00a0 especiales y garantizar la suficiente generaci\u00f3n electrioca para alimentar la totalidad de los equipos que las diferentes bandas utilizaran. Por tal motivo hemos realizado una reuni\u00f3n de los funcioarios a cargo de los sectores afectados para coordinar las tareas\u00bb.<\/p>\n<p>Por su parte Marcelo Melo precis\u00f3 \u00abes impresionante el poder de convocatoria que tiene entre los m\u00e1s j\u00f3venes Las Pastillas del Abuelo, en cambio Ratones Paranoicos ya es algho para gente m\u00e1s grande, m\u00e1s tranquila aunque no deja de tener una muy buena cantidad de seguidores y es por eso que nos hanllamado desde diversas localidades de la zona pidiendo reserva de entradas m\u00e1s all\u00e1 que enla Direcci\u00f3n de Turismo ya hoy martes hayamos superado las cuatrocientas localidades vendidas.<\/p>\n<p>Ocurre que a la gente de las ciudades vecinas no les conviene venir a comprar las entradas adelantada por solo diez pesos de diferencia ya se lo que ahorran se les va en el doble viaje que deben realizar, por eso van a venir directamente el s{abado.<\/p>\n<p>Por otra parte tenemos confirmada la presencia de grupos de cabakllito, , de Pergamino, hsta de la propia Capital Federal, incluso una persona vino y compro 31 entrada, se nota que se encarga de hacer una salida especial hacia nuestra\u00a0 ciudad de manera especialpara ver el festival.<\/p>\n<p>La idea es estar comenzando con la presencia de las diferentes bandas alrededor de las 19-00 as\u00ed que las puertas del Mart\u00edn Rodriguez ya estar\u00e1n abiertas junto a las boletrias desde las 15.00 recordando que est\u00e1 terminantemente prohibido por contrato que las emisoras locales de FM y\/o los canales de TV emitan en directo el evento.<\/p>\n<p>Para una mejor organizaci\u00f3n los representantes de los medios de prensa que concurran a cubrir el festival deber\u00e1n ingresar por la puerta de la avenida 2 poresentando la correspondiente credencial oficial otorgada por la Municipalidad de Mercedes<\/p>\n","protected":false},"excerpt":{"rendered":"<p>a medida que nos acercamos al s\u00e1bado crecen las expectativas sobrela realizaci\u1e55on del festival de m\u00fasica Con Cierto Rock en &#8230; <a title=\"Se acerca el Con Cierto Rock 2011\" class=\"read-more\" href=\"https:\/\/www.hoymercedes.com.ar\/principal\/2011\/02\/23\/se-acerca-el-con-cierto-rock-2011\/\" aria-label=\"Leer m\u00e1s sobre Se acerca el Con Cierto Rock 2011\">Leer m\u00e1s<\/a><\/p>\n","protected":false},"author":1,"featured_media":0,"comment_status":"open","ping_status":"open","sticky":false,"template":"","format":"standard","meta":{"_monsterinsights_skip_tracking":false,"_monsterinsights_sitenote_active":false,"_monsterinsights_sitenote_note":"","_monsterinsights_sitenote_category":0,"jetpack_post_was_ever_published":false,"_jetpack_newsletter_access":"","_jetpack_dont_email_post_to_subs":false,"_jetpack_newsletter_tier_id":0,"_jetpack_memberships_contains_paywalled_content":false,"_jetpack_memberships_contains_paid_content":false,"footnotes":"","jetpack_publicize_message":"","jetpack_publicize_feature_enabled":true,"jetpack_social_post_already_shared":false,"jetpack_social_options":{"image_generator_settings":{"template":"highway","default_image_id":0,"font":"","enabled":false},"version":2},"_wpas_customize_per_network":false},"categories":[1],"tags":[],"class_list":["post-2363","post","type-post","status-publish","format-standard","hentry","category-opinion","generate-columns","tablet-grid-50","mobile-grid-100","grid-parent","grid-50"],"jetpack_publicize_connections":[],"jetpack_featured_media_url":"","wps_subtitle":"","jetpack_sharing_enabled":true,"_links":{"self":[{"href":"https:\/\/www.hoymercedes.com.ar\/principal\/wp-json\/wp\/v2\/posts\/2363","targetHints":{"allow":["GET"]}}],"collection":[{"href":"https:\/\/www.hoymercedes.com.ar\/principal\/wp-json\/wp\/v2\/posts"}],"about":[{"href":"https:\/\/www.hoymercedes.com.ar\/principal\/wp-json\/wp\/v2\/types\/post"}],"author":[{"embeddable":true,"href":"https:\/\/www.hoymercedes.com.ar\/principal\/wp-json\/wp\/v2\/users\/1"}],"replies":[{"embeddable":true,"href":"https:\/\/www.hoymercedes.com.ar\/principal\/wp-json\/wp\/v2\/comments?post=2363"}],"version-history":[{"count":0,"href":"https:\/\/www.hoymercedes.com.ar\/principal\/wp-json\/wp\/v2\/posts\/2363\/revisions"}],"wp:attachment":[{"href":"https:\/\/www.hoymercedes.com.ar\/principal\/wp-json\/wp\/v2\/media?parent=2363"}],"wp:term":[{"taxonomy":"category","embeddable":true,"href":"https:\/\/www.hoymercedes.com.ar\/principal\/wp-json\/wp\/v2\/categories?post=2363"},{"taxonomy":"post_tag","embeddable":true,"href":"https:\/\/www.hoymercedes.com.ar\/principal\/wp-json\/wp\/v2\/tags?post=2363"}],"curies":[{"name":"wp","href":"https:\/\/api.w.org\/{rel}","templated":true}]}}