{"id":23630,"date":"2013-07-14T23:25:19","date_gmt":"2013-07-14T23:25:19","guid":{"rendered":"http:\/\/www.hoymercedes.com.ar\/principal\/?p=23630"},"modified":"2013-07-14T23:25:19","modified_gmt":"2013-07-14T23:25:19","slug":"detinenen-a-sujeto-con-pedido-urgente-de-captura","status":"publish","type":"post","link":"https:\/\/www.hoymercedes.com.ar\/principal\/2013\/07\/14\/detinenen-a-sujeto-con-pedido-urgente-de-captura\/","title":{"rendered":"Detinenen a sujeto con pedido urgente de captura"},"content":{"rendered":"<p><em><strong>La detenci\u00f3n sucedi\u00f3 d\u00edas atr\u00e1s cuando la Polic\u00eda local detuvo a un mercedino que se encontraba imputado en acontecimientos delictivos varios, especialmente robo. Ten\u00eda un pedido de captura emitido por \u00a0la justicia. La acci\u00f3n policial lleg\u00f3 a su detenci\u00f3n.<\/strong><\/em><\/p>\n<p>La detenci\u00f3n \u00a0fue tras un procedimiento de la Polic\u00eda comunal que logr\u00f3 la detenci\u00f3n de un sujeto de 19 a\u00f1os de edad, sobre qui\u00e9n pesaba una orden de captura de car\u00e1cter urgente solicitada por el Dr. Pedro Illanes de la UFI N3 de nuestra ciudad y dispuesta por el Juez Lisciotto.<\/p>\n<p>La investigaci\u00f3n estaba caratulada como \u00abrobo\u00bb.<\/p>\n<p>El detenido est\u00e1 vinculado con diversos robos. Qued\u00f3 detenido y a disposici\u00f3n de la justicia.<\/p>\n","protected":false},"excerpt":{"rendered":"<p>La detenci\u00f3n sucedi\u00f3 d\u00edas atr\u00e1s cuando la Polic\u00eda local detuvo a un mercedino que se encontraba imputado en acontecimientos delictivos &#8230; <a title=\"Detinenen a sujeto con pedido urgente de captura\" class=\"read-more\" href=\"https:\/\/www.hoymercedes.com.ar\/principal\/2013\/07\/14\/detinenen-a-sujeto-con-pedido-urgente-de-captura\/\" aria-label=\"Leer m\u00e1s sobre Detinenen a sujeto con pedido urgente de captura\">Leer m\u00e1s<\/a><\/p>\n","protected":false},"author":1,"featured_media":0,"comment_status":"open","ping_status":"open","sticky":false,"template":"","format":"standard","meta":{"_monsterinsights_skip_tracking":false,"_monsterinsights_sitenote_active":false,"_monsterinsights_sitenote_note":"","_monsterinsights_sitenote_category":0,"jetpack_post_was_ever_published":false,"_jetpack_newsletter_access":"","_jetpack_dont_email_post_to_subs":false,"_jetpack_newsletter_tier_id":0,"_jetpack_memberships_contains_paywalled_content":false,"_jetpack_memberships_contains_paid_content":false,"footnotes":"","jetpack_publicize_message":"","jetpack_publicize_feature_enabled":true,"jetpack_social_post_already_shared":true,"jetpack_social_options":{"image_generator_settings":{"template":"highway","default_image_id":0,"font":"","enabled":false},"version":2},"_wpas_customize_per_network":false},"categories":[85],"tags":[3649],"class_list":["post-23630","post","type-post","status-publish","format-standard","hentry","category-policial","tag-detenido-por-robo","generate-columns","tablet-grid-50","mobile-grid-100","grid-parent","grid-50"],"jetpack_publicize_connections":[],"jetpack_featured_media_url":"","wps_subtitle":"","jetpack_sharing_enabled":true,"jetpack-related-posts":[{"id":29738,"url":"https:\/\/www.hoymercedes.com.ar\/principal\/2014\/02\/08\/policia-logra-detener-a-sujeto-con-pedido-de-captura-por-robo-y-dano\/","url_meta":{"origin":23630,"position":0},"title":"Polic\u00eda logra detener a sujeto con pedido de captura por robo y da\u00f1o","author":"hoymercedes","date":"8 febrero, 2014","format":false,"excerpt":"La polic\u00eda de nuestra ciudad logr\u00f3 detener d\u00edas atr\u00e1s a un sujeto que ten\u00eda pedido de captura y era buscado por robo agravado y da\u00f1o. El mismo ya fue puesto a disposici\u00f3n de la justicia. D\u00edas atr\u00e1s efectivos de la Comisaria local logr\u00f3 la detenci\u00f3n de un sujeto de 30\u2026","rel":"","context":"En \u00abPolicial\u00bb","block_context":{"text":"Policial","link":"https:\/\/www.hoymercedes.com.ar\/principal\/category\/policial\/"},"img":{"alt_text":"policia","src":"https:\/\/i0.wp.com\/www.hoymercedes.com.ar\/principal\/wp-content\/uploads\/2014\/02\/policia.jpg?resize=350%2C200","width":350,"height":200,"srcset":"https:\/\/i0.wp.com\/www.hoymercedes.com.ar\/principal\/wp-content\/uploads\/2014\/02\/policia.jpg?resize=350%2C200 1x, https:\/\/i0.wp.com\/www.hoymercedes.com.ar\/principal\/wp-content\/uploads\/2014\/02\/policia.jpg?resize=525%2C300 1.5x"},"classes":[]},{"id":175271,"url":"https:\/\/www.hoymercedes.com.ar\/principal\/2024\/04\/29\/detenido-por-robo-agravado-a-pedido-de-saladillo\/","url_meta":{"origin":23630,"position":1},"title":"Detenido por robo agravado a pedido de Saladillo","author":"hoymercedes","date":"29 abril, 2024","format":false,"excerpt":"Tras una investigaci\u00f3n realizada por la Polic\u00eda Comunal se logr\u00f3 la detenci\u00f3n de un hombre de 21 a\u00f1os de edad quien est\u00e1 acusado de \u201crobo agravado por comisi\u00f3n en poblado y banda\u201d en la localidad de Saladillo. Solicitado por justicia de Saladillo la Polic\u00eda Comunal atento a la alerta emitida\u2026","rel":"","context":"En \u00abPolicial\u00bb","block_context":{"text":"Policial","link":"https:\/\/www.hoymercedes.com.ar\/principal\/category\/policial\/"},"img":{"alt_text":"Detenido por robo agravado a pedido de Saladillo","src":"https:\/\/i0.wp.com\/www.hoymercedes.com.ar\/principal\/wp-content\/uploads\/2024\/04\/or-e1714433185189.jpeg?resize=350%2C200&ssl=1","width":350,"height":200,"srcset":"https:\/\/i0.wp.com\/www.hoymercedes.com.ar\/principal\/wp-content\/uploads\/2024\/04\/or-e1714433185189.jpeg?resize=350%2C200&ssl=1 1x, https:\/\/i0.wp.com\/www.hoymercedes.com.ar\/principal\/wp-content\/uploads\/2024\/04\/or-e1714433185189.jpeg?resize=525%2C300&ssl=1 1.5x"},"classes":[]},{"id":76362,"url":"https:\/\/www.hoymercedes.com.ar\/principal\/2018\/05\/25\/policia-comunal-detiene-a-morenense-con-pedido-de-captura\/","url_meta":{"origin":23630,"position":2},"title":"Polic\u00eda Comunal detiene a morenense con pedido de captura","author":"hoymercedes","date":"25 mayo, 2018","format":false,"excerpt":"\u00a0 La cuadrilla de patrullaje de la Estaci\u00f3n Comunal Mercedes, estando alerta a los sucesos cotidianos, logr\u00f3 identificar a un sujeto de la localidad de Moreno que estaba en nuestra ciudad y que desde hace un tiempo ten\u00eda pedido de captura. Los dirigidos por el Comisario Sergio Macedo lograron su\u2026","rel":"","context":"En \u00abPolicial\u00bb","block_context":{"text":"Policial","link":"https:\/\/www.hoymercedes.com.ar\/principal\/category\/policial\/"},"img":{"alt_text":"","src":"https:\/\/i0.wp.com\/www.hoymercedes.com.ar\/principal\/wp-content\/uploads\/2017\/12\/Comisario.Macedo.jpg?resize=350%2C200&ssl=1","width":350,"height":200,"srcset":"https:\/\/i0.wp.com\/www.hoymercedes.com.ar\/principal\/wp-content\/uploads\/2017\/12\/Comisario.Macedo.jpg?resize=350%2C200&ssl=1 1x, https:\/\/i0.wp.com\/www.hoymercedes.com.ar\/principal\/wp-content\/uploads\/2017\/12\/Comisario.Macedo.jpg?resize=525%2C300&ssl=1 1.5x"},"classes":[]},{"id":89586,"url":"https:\/\/www.hoymercedes.com.ar\/principal\/2019\/03\/16\/policia-comunal-identifica-y-detiene-masculino-con-pedido-de-captura\/","url_meta":{"origin":23630,"position":3},"title":"Polic\u00eda Comunal identifica y detiene masculino con pedido de captura","author":"hoymercedes","date":"16 marzo, 2019","format":false,"excerpt":"En una nueva acci\u00f3n de prevenci\u00f3n y cuidado vecinal miembro de la Polic\u00eda Comunal lograron detener a un sujeto que ten\u00eda una orden de detenci\u00f3n sobre su persona. Vale recordar que hace casi un mes hab\u00edan tambi\u00e9n en tareas preventivas detenido en el radio c\u00e9ntrico a un masculino con pedido\u2026","rel":"","context":"En \u00abPolicial\u00bb","block_context":{"text":"Policial","link":"https:\/\/www.hoymercedes.com.ar\/principal\/category\/policial\/"},"img":{"alt_text":"","src":"https:\/\/i0.wp.com\/www.hoymercedes.com.ar\/principal\/wp-content\/uploads\/2019\/03\/Detenido.PoliciaComunal.jpeg?resize=350%2C200&ssl=1","width":350,"height":200,"srcset":"https:\/\/i0.wp.com\/www.hoymercedes.com.ar\/principal\/wp-content\/uploads\/2019\/03\/Detenido.PoliciaComunal.jpeg?resize=350%2C200&ssl=1 1x, https:\/\/i0.wp.com\/www.hoymercedes.com.ar\/principal\/wp-content\/uploads\/2019\/03\/Detenido.PoliciaComunal.jpeg?resize=525%2C300&ssl=1 1.5x, https:\/\/i0.wp.com\/www.hoymercedes.com.ar\/principal\/wp-content\/uploads\/2019\/03\/Detenido.PoliciaComunal.jpeg?resize=700%2C400&ssl=1 2x"},"classes":[]},{"id":172570,"url":"https:\/\/www.hoymercedes.com.ar\/principal\/2024\/02\/05\/de-rodriguez-detenido-en-mercedes-por-robo-y-homicidio\/","url_meta":{"origin":23630,"position":4},"title":"De Rodr\u00edguez detenido en Mercedes por robo y homicidio","author":"hoymercedes","date":"5 febrero, 2024","format":false,"excerpt":"Acusado de un robo la Polic\u00eda Comunal logr\u00f3 la detenci\u00f3n de un hombre mayor de edad que ten\u00eda solicitud de detenci\u00f3n de un hombre de General Rodr\u00edguez bajo car\u00e1tula de robo con homicidio desde medidados del 2023. El sujeto todo indicaba se estaba escondiendo en Mercedes, pero el alerta y\u2026","rel":"","context":"En \u00abPolicial\u00bb","block_context":{"text":"Policial","link":"https:\/\/www.hoymercedes.com.ar\/principal\/category\/policial\/"},"img":{"alt_text":"Polic\u00eda Comual","src":"https:\/\/i0.wp.com\/www.hoymercedes.com.ar\/principal\/wp-content\/uploads\/2024\/02\/RodriguezDetenido.jpeg?resize=350%2C200&ssl=1","width":350,"height":200,"srcset":"https:\/\/i0.wp.com\/www.hoymercedes.com.ar\/principal\/wp-content\/uploads\/2024\/02\/RodriguezDetenido.jpeg?resize=350%2C200&ssl=1 1x, https:\/\/i0.wp.com\/www.hoymercedes.com.ar\/principal\/wp-content\/uploads\/2024\/02\/RodriguezDetenido.jpeg?resize=525%2C300&ssl=1 1.5x, https:\/\/i0.wp.com\/www.hoymercedes.com.ar\/principal\/wp-content\/uploads\/2024\/02\/RodriguezDetenido.jpeg?resize=700%2C400&ssl=1 2x"},"classes":[]},{"id":33008,"url":"https:\/\/www.hoymercedes.com.ar\/principal\/2014\/05\/18\/policia-efectua-cuatro-detenciones-de-sujetos-con-pedidos-de-caputa\/","url_meta":{"origin":23630,"position":5},"title":"Polic\u00eda efect\u00faa cuatro detenciones de sujetos con pedidos de captura","author":"hoymercedes","date":"18 mayo, 2014","format":false,"excerpt":"La polic\u00eda de nuestra ciudad logr\u00f3 detener a cuatro personas con pedido de captura emitido por la justicia. Adultos y menores estaban tras las pesquisas de las fuerzas de seguridad.\u00a0 El primero de los hechos tuvo lugar en la estaci\u00f3n del ferrocarril Sarmiento, cuando efectivos de la Comisaria local ven\u2026","rel":"","context":"En \u00abPolicial\u00bb","block_context":{"text":"Policial","link":"https:\/\/www.hoymercedes.com.ar\/principal\/category\/policial\/"},"img":{"alt_text":"policia","src":"https:\/\/i0.wp.com\/www.hoymercedes.com.ar\/principal\/wp-content\/uploads\/2014\/05\/policia2.jpg?resize=350%2C200","width":350,"height":200,"srcset":"https:\/\/i0.wp.com\/www.hoymercedes.com.ar\/principal\/wp-content\/uploads\/2014\/05\/policia2.jpg?resize=350%2C200 1x, https:\/\/i0.wp.com\/www.hoymercedes.com.ar\/principal\/wp-content\/uploads\/2014\/05\/policia2.jpg?resize=525%2C300 1.5x"},"classes":[]}],"_links":{"self":[{"href":"https:\/\/www.hoymercedes.com.ar\/principal\/wp-json\/wp\/v2\/posts\/23630","targetHints":{"allow":["GET"]}}],"collection":[{"href":"https:\/\/www.hoymercedes.com.ar\/principal\/wp-json\/wp\/v2\/posts"}],"about":[{"href":"https:\/\/www.hoymercedes.com.ar\/principal\/wp-json\/wp\/v2\/types\/post"}],"author":[{"embeddable":true,"href":"https:\/\/www.hoymercedes.com.ar\/principal\/wp-json\/wp\/v2\/users\/1"}],"replies":[{"embeddable":true,"href":"https:\/\/www.hoymercedes.com.ar\/principal\/wp-json\/wp\/v2\/comments?post=23630"}],"version-history":[{"count":0,"href":"https:\/\/www.hoymercedes.com.ar\/principal\/wp-json\/wp\/v2\/posts\/23630\/revisions"}],"wp:attachment":[{"href":"https:\/\/www.hoymercedes.com.ar\/principal\/wp-json\/wp\/v2\/media?parent=23630"}],"wp:term":[{"taxonomy":"category","embeddable":true,"href":"https:\/\/www.hoymercedes.com.ar\/principal\/wp-json\/wp\/v2\/categories?post=23630"},{"taxonomy":"post_tag","embeddable":true,"href":"https:\/\/www.hoymercedes.com.ar\/principal\/wp-json\/wp\/v2\/tags?post=23630"}],"curies":[{"name":"wp","href":"https:\/\/api.w.org\/{rel}","templated":true}]}}