{"id":23651,"date":"2013-07-15T00:07:44","date_gmt":"2013-07-15T00:07:44","guid":{"rendered":"http:\/\/www.hoymercedes.com.ar\/principal\/?p=23651"},"modified":"2013-07-15T00:07:44","modified_gmt":"2013-07-15T00:07:44","slug":"podemos-y-una-cena-de-presentacion-con-amplio-marco-de-publico","status":"publish","type":"post","link":"https:\/\/www.hoymercedes.com.ar\/principal\/2013\/07\/15\/podemos-y-una-cena-de-presentacion-con-amplio-marco-de-publico\/","title":{"rendered":"PoDeMos y una cena de presentaci\u00f3n con amplio marco de p\u00fablico"},"content":{"rendered":"<p><a href=\"https:\/\/www.hoymercedes.com.ar\/principal\/wp-content\/uploads\/2013\/07\/Pisano.Siri_.Bonafini.jpg\"><img loading=\"lazy\" decoding=\"async\" data-attachment-id=\"23653\" data-permalink=\"https:\/\/www.hoymercedes.com.ar\/principal\/2013\/07\/15\/podemos-y-una-cena-de-presentacion-con-amplio-marco-de-publico\/olympus-digital-camera-18\/#main\" data-orig-file=\"https:\/\/www.hoymercedes.com.ar\/principal\/wp-content\/uploads\/2013\/07\/Pisano.Siri_.Bonafini.jpg\" data-orig-size=\"620,465\" data-comments-opened=\"1\" data-image-meta=\"{&quot;aperture&quot;:&quot;3.9&quot;,&quot;credit&quot;:&quot;&quot;,&quot;camera&quot;:&quot;SP810UZ,SP815UZ&quot;,&quot;caption&quot;:&quot;&quot;,&quot;created_timestamp&quot;:&quot;1373670615&quot;,&quot;copyright&quot;:&quot;&quot;,&quot;focal_length&quot;:&quot;10.4&quot;,&quot;iso&quot;:&quot;320&quot;,&quot;shutter_speed&quot;:&quot;0.033333333333333&quot;,&quot;title&quot;:&quot;OLYMPUS DIGITAL CAMERA&quot;}\" data-image-title=\"OLYMPUS DIGITAL CAMERA\" data-image-description=\"\" data-image-caption=\"\" data-large-file=\"https:\/\/www.hoymercedes.com.ar\/principal\/wp-content\/uploads\/2013\/07\/Pisano.Siri_.Bonafini.jpg\" class=\"aligncenter size-full wp-image-23653\" alt=\"OLYMPUS DIGITAL CAMERA\" src=\"https:\/\/www.hoymercedes.com.ar\/principal\/wp-content\/uploads\/2013\/07\/Pisano.Siri_.Bonafini.jpg\" width=\"620\" height=\"465\" \/><\/a><\/p>\n<p><em><strong>El pasado viernes 12, en el sal\u00f3n de la Casa del Pueblo se realiz\u00f3 el lanzamiento oficial de la lista del Frente Popular Democr\u00e1tico y Social PODEMOS, con la realizaci\u00f3n de una cena y la participaci\u00f3n art\u00edstica de Sebastian Fredes acompa\u00f1ado de sus m\u00fasicos.<\/strong><\/em><\/p>\n<p>Con la concurrencia de militantes y simpatizantes, quienes pagaron una tarjeta para participar y as\u00ed colaborar financieramente con la campa\u00f1a, se realiz\u00f3 un acto diferente a lo que se est\u00e1 acostumbrado para este tipo de presentaciones.<\/p>\n<p><a href=\"https:\/\/www.hoymercedes.com.ar\/principal\/wp-content\/uploads\/2013\/07\/Pisano.Siri_.Bonafini-II.jpg\"><img loading=\"lazy\" decoding=\"async\" data-attachment-id=\"23654\" data-permalink=\"https:\/\/www.hoymercedes.com.ar\/principal\/2013\/07\/15\/podemos-y-una-cena-de-presentacion-con-amplio-marco-de-publico\/olympus-digital-camera-19\/#main\" data-orig-file=\"https:\/\/www.hoymercedes.com.ar\/principal\/wp-content\/uploads\/2013\/07\/Pisano.Siri_.Bonafini-II.jpg\" data-orig-size=\"620,465\" data-comments-opened=\"1\" data-image-meta=\"{&quot;aperture&quot;:&quot;2.9&quot;,&quot;credit&quot;:&quot;&quot;,&quot;camera&quot;:&quot;SP810UZ,SP815UZ&quot;,&quot;caption&quot;:&quot;&quot;,&quot;created_timestamp&quot;:&quot;1373670386&quot;,&quot;copyright&quot;:&quot;&quot;,&quot;focal_length&quot;:&quot;4.3&quot;,&quot;iso&quot;:&quot;200&quot;,&quot;shutter_speed&quot;:&quot;0.033333333333333&quot;,&quot;title&quot;:&quot;OLYMPUS DIGITAL CAMERA&quot;}\" data-image-title=\"OLYMPUS DIGITAL CAMERA\" data-image-description=\"\" data-image-caption=\"\" data-large-file=\"https:\/\/www.hoymercedes.com.ar\/principal\/wp-content\/uploads\/2013\/07\/Pisano.Siri_.Bonafini-II.jpg\" class=\"aligncenter size-full wp-image-23654\" alt=\"OLYMPUS DIGITAL CAMERA\" src=\"https:\/\/www.hoymercedes.com.ar\/principal\/wp-content\/uploads\/2013\/07\/Pisano.Siri_.Bonafini-II.jpg\" width=\"620\" height=\"465\" srcset=\"https:\/\/www.hoymercedes.com.ar\/principal\/wp-content\/uploads\/2013\/07\/Pisano.Siri_.Bonafini-II.jpg 620w, https:\/\/www.hoymercedes.com.ar\/principal\/wp-content\/uploads\/2013\/07\/Pisano.Siri_.Bonafini-II-300x225.jpg 300w\" sizes=\"auto, (max-width: 620px) 100vw, 620px\" \/><\/a><\/p>\n<p>La presentaci\u00f3n se dio de la mano de la pre-candidata a concejal en tercer t\u00e9rmino, la Lic. Paula Siri, integrante del MST, quien realiz\u00f3 una introducci\u00f3n acerca de c\u00f3mo se construy\u00f3 el Frente y cuales son sus objetivos principales, para luego nombrar uno a uno los integrantes de la lista, agregando: \u00absomos espacios pol\u00edticos que hace tiempo venimos trabajando en conjunto en distintas luchas. A nivel local ven\u00edamos hablando y discutiendo, hasta ahora que se gener\u00f3 este espacio y estamos todos los compa\u00f1eros muy contentos, porque debatimos mucho, nos juntamos seguido y estamos sumando gente, que es algo importante, abrir los espacios. El objetivo del Frente Popular, Democr\u00e1tico y Social es generar una alternativa, un modelo de cambio.<\/p>\n<p>Por su parte, el referente del Socialismo Mercedino y segundo pre-candidato a concejal, Jose Luis Pisano, agradeciendo la presencia y el aporte realizado por los presentes, dijo \u00bb Nos encontramos construyendo un nuevo espacio, que tiene la firmeza y las convicciones que siempre hemos defendido, porque nos propusimos no bajar los brazos a pesar de las traiciones y mucho menos bajar nuestros sue\u00f1os y esperanzas, que no son otras que los de la mayor\u00eda del pueblo mercedino. Tambi\u00e9n agradecemos a quienes nos han abierto las puertas del frente, ya que como saben nuestro espacio se encuentra en rebeld\u00eda con sus autoridades provinciales, y en un gesto de humildad los compa\u00f1eros del MST y Unidad Popular nos permitieron ser parte del Frente PODEMOS. Nos encontramos esta noche ante el comienzo de un nuevo camino, que no ser\u00e1 f\u00e1cil transitar, pero como nuestro proyecto es la construcci\u00f3n a futuro de un espacio realmente alternativo y de cambio, lo haremos con alegr\u00eda.<\/p>\n<p><a href=\"https:\/\/www.hoymercedes.com.ar\/principal\/wp-content\/uploads\/2013\/07\/Podemos-Fredes.jpg\"><img loading=\"lazy\" decoding=\"async\" data-attachment-id=\"23655\" data-permalink=\"https:\/\/www.hoymercedes.com.ar\/principal\/2013\/07\/15\/podemos-y-una-cena-de-presentacion-con-amplio-marco-de-publico\/olympus-digital-camera-20\/#main\" data-orig-file=\"https:\/\/www.hoymercedes.com.ar\/principal\/wp-content\/uploads\/2013\/07\/Podemos-Fredes.jpg\" data-orig-size=\"620,465\" data-comments-opened=\"1\" data-image-meta=\"{&quot;aperture&quot;:&quot;2.9&quot;,&quot;credit&quot;:&quot;&quot;,&quot;camera&quot;:&quot;SP810UZ,SP815UZ&quot;,&quot;caption&quot;:&quot;&quot;,&quot;created_timestamp&quot;:&quot;1373672485&quot;,&quot;copyright&quot;:&quot;&quot;,&quot;focal_length&quot;:&quot;4.3&quot;,&quot;iso&quot;:&quot;800&quot;,&quot;shutter_speed&quot;:&quot;0.33333333333333&quot;,&quot;title&quot;:&quot;OLYMPUS DIGITAL CAMERA&quot;}\" data-image-title=\"OLYMPUS DIGITAL CAMERA\" data-image-description=\"\" data-image-caption=\"\" data-large-file=\"https:\/\/www.hoymercedes.com.ar\/principal\/wp-content\/uploads\/2013\/07\/Podemos-Fredes.jpg\" class=\"aligncenter size-full wp-image-23655\" alt=\"OLYMPUS DIGITAL CAMERA\" src=\"https:\/\/www.hoymercedes.com.ar\/principal\/wp-content\/uploads\/2013\/07\/Podemos-Fredes.jpg\" width=\"620\" height=\"465\" srcset=\"https:\/\/www.hoymercedes.com.ar\/principal\/wp-content\/uploads\/2013\/07\/Podemos-Fredes.jpg 620w, https:\/\/www.hoymercedes.com.ar\/principal\/wp-content\/uploads\/2013\/07\/Podemos-Fredes-300x225.jpg 300w\" sizes=\"auto, (max-width: 620px) 100vw, 620px\" \/><\/a><\/p>\n<p>Luego, el representante de Unidad Popular y primer pre-candidato a concejal, Hugo Bonafina, realiz\u00f3 una breve referencia sobre la construcci\u00f3n provincial y local del frente y sobre el eje primordial a partir del cual se generan las propuestas, que es la participaci\u00f3n popular en la toma de decisiones, expresando \u00abfrente al sistema representativo delegativo que en la actualidad tenemos, nosotros planteamos que hay que tener una democracia realmente participativa, donde el conjunto del pueblo sea quien tome las decisiones y no solo los que est\u00e1n en el poder, que ni siquiera son los verdaderos due\u00f1os del poder, sino solo los administradores, porque quienes siguen manteni\u00e9ndolo son las corporaciones econ\u00f3micas y financieras, quienes amparados en pol\u00edticas p\u00fablicas neoliberales que siguen vigentes, siguen saqueando nuestros recursos naturales y nuestras riquezas, concentrando cada vez mas la econom\u00eda en las manos de unos pocos, generando mayor desigualdad y ninguna distribuci\u00f3n verdadera de la riqueza\u00bb<\/p>\n<p>Por \u00faltimo y retomando la palabra, Josi Pisano, agradeci\u00f3 especialmente a los artistas que participaron del acto en forma gratuita y destac\u00f3 \u00bb Este no es un acto tradicional, porque nosotros no somos parte de lo tradicional, sino que somos parte de los que creemos que la pol\u00edtica se practica de otra manera, con humildad, con respeto, desde las bases, y este acto es una demostraci\u00f3n mas de ello, porque cada uno de los aqu\u00ed presentes vinieron a un lanzamiento de campa\u00f1a pagando una entrada, y esa actitud tiene mas valor simb\u00f3lico que econ\u00f3mico porque nuestra fuerza est\u00e1 solventada desde nuestros bolsillos, que no son para nada grandes. Es un orgullo ser parte de un espacio que no recibe donaciones de ninguna empresa y de ning\u00fan terrateniente, y mucho menos, hacer uso del aparato estatal para hacer campa\u00f1a\u00bb<\/p>\n<p>Para finalizar el acto, los presentes disfrutaron de la actuaci\u00f3n art\u00edstica del reconocido guitarrista y cantante Sebastian Fredes, quien acompa\u00f1ado de sus m\u00fasicos deleit\u00f3 a los presentes con los cl\u00e1sicos del folclore nacional.<\/p>\n<p><span style=\"color: #888888;\">Fuente: PoDeMos<\/span><\/p>\n","protected":false},"excerpt":{"rendered":"<p>El pasado viernes 12, en el sal\u00f3n de la Casa del Pueblo se realiz\u00f3 el lanzamiento oficial de la lista &#8230; <a title=\"PoDeMos y una cena de presentaci\u00f3n con amplio marco de p\u00fablico\" class=\"read-more\" href=\"https:\/\/www.hoymercedes.com.ar\/principal\/2013\/07\/15\/podemos-y-una-cena-de-presentacion-con-amplio-marco-de-publico\/\" aria-label=\"Leer m\u00e1s sobre PoDeMos y una cena de presentaci\u00f3n con amplio marco de p\u00fablico\">Leer m\u00e1s<\/a><\/p>\n","protected":false},"author":1,"featured_media":0,"comment_status":"open","ping_status":"open","sticky":false,"template":"","format":"standard","meta":{"_monsterinsights_skip_tracking":false,"_monsterinsights_sitenote_active":false,"_monsterinsights_sitenote_note":"","_monsterinsights_sitenote_category":0,"jetpack_post_was_ever_published":false,"_jetpack_newsletter_access":"","_jetpack_dont_email_post_to_subs":false,"_jetpack_newsletter_tier_id":0,"_jetpack_memberships_contains_paywalled_content":false,"_jetpack_memberships_contains_paid_content":false,"footnotes":"","jetpack_publicize_message":"","jetpack_publicize_feature_enabled":true,"jetpack_social_post_already_shared":true,"jetpack_social_options":{"image_generator_settings":{"template":"highway","default_image_id":0,"font":"","enabled":false},"version":2},"_wpas_customize_per_network":false},"categories":[5],"tags":[254,1869,3576,3598,3651],"class_list":["post-23651","post","type-post","status-publish","format-standard","hentry","category-politica","tag-hugo-bonafina","tag-jose-luis-pisano","tag-paula-siri","tag-podemos","tag-podemos-merceces","generate-columns","tablet-grid-50","mobile-grid-100","grid-parent","grid-50"],"jetpack_publicize_connections":[],"jetpack_featured_media_url":"","wps_subtitle":"","jetpack_sharing_enabled":true,"_links":{"self":[{"href":"https:\/\/www.hoymercedes.com.ar\/principal\/wp-json\/wp\/v2\/posts\/23651","targetHints":{"allow":["GET"]}}],"collection":[{"href":"https:\/\/www.hoymercedes.com.ar\/principal\/wp-json\/wp\/v2\/posts"}],"about":[{"href":"https:\/\/www.hoymercedes.com.ar\/principal\/wp-json\/wp\/v2\/types\/post"}],"author":[{"embeddable":true,"href":"https:\/\/www.hoymercedes.com.ar\/principal\/wp-json\/wp\/v2\/users\/1"}],"replies":[{"embeddable":true,"href":"https:\/\/www.hoymercedes.com.ar\/principal\/wp-json\/wp\/v2\/comments?post=23651"}],"version-history":[{"count":0,"href":"https:\/\/www.hoymercedes.com.ar\/principal\/wp-json\/wp\/v2\/posts\/23651\/revisions"}],"wp:attachment":[{"href":"https:\/\/www.hoymercedes.com.ar\/principal\/wp-json\/wp\/v2\/media?parent=23651"}],"wp:term":[{"taxonomy":"category","embeddable":true,"href":"https:\/\/www.hoymercedes.com.ar\/principal\/wp-json\/wp\/v2\/categories?post=23651"},{"taxonomy":"post_tag","embeddable":true,"href":"https:\/\/www.hoymercedes.com.ar\/principal\/wp-json\/wp\/v2\/tags?post=23651"}],"curies":[{"name":"wp","href":"https:\/\/api.w.org\/{rel}","templated":true}]}}