{"id":23657,"date":"2013-07-15T00:14:32","date_gmt":"2013-07-15T00:14:32","guid":{"rendered":"http:\/\/www.hoymercedes.com.ar\/principal\/?p=23657"},"modified":"2013-07-15T00:14:32","modified_gmt":"2013-07-15T00:14:32","slug":"detienen-a-hombre-acusado-de-abuso-sexual","status":"publish","type":"post","link":"https:\/\/www.hoymercedes.com.ar\/principal\/2013\/07\/15\/detienen-a-hombre-acusado-de-abuso-sexual\/","title":{"rendered":"Detienen a hombre acusado de abuso sexual"},"content":{"rendered":"<p><em><strong>El hecho se produjo d\u00edas atr\u00e1s tras una serie de instancias llevadas a cabo por la Polic\u00eda local que atendiera el caso tras conocer las circunstancias del hecho. El sujeto est\u00e1 bajo custodia policial y a la orden de la justicia.<\/strong><\/em><\/p>\n<p>La detenci\u00f3n la realizaron sobre un vecino de nuestra ciudad de 40 a\u00f1os de edad que fue imputado en una causa caratulada \u00ababuso sexual grave\u00bb.<\/p>\n<p>En el acontecimiento interviene la Fiscal\u00eda N\u00b06 de nuestra comunidad.<\/p>\n<p>&nbsp;<\/p>\n","protected":false},"excerpt":{"rendered":"<p>El hecho se produjo d\u00edas atr\u00e1s tras una serie de instancias llevadas a cabo por la Polic\u00eda local que atendiera &#8230; <a title=\"Detienen a hombre acusado de abuso sexual\" class=\"read-more\" href=\"https:\/\/www.hoymercedes.com.ar\/principal\/2013\/07\/15\/detienen-a-hombre-acusado-de-abuso-sexual\/\" aria-label=\"Leer m\u00e1s sobre Detienen a hombre acusado de abuso sexual\">Leer m\u00e1s<\/a><\/p>\n","protected":false},"author":1,"featured_media":0,"comment_status":"open","ping_status":"open","sticky":false,"template":"","format":"standard","meta":{"_monsterinsights_skip_tracking":false,"_monsterinsights_sitenote_active":false,"_monsterinsights_sitenote_note":"","_monsterinsights_sitenote_category":0,"jetpack_post_was_ever_published":false,"_jetpack_newsletter_access":"","_jetpack_dont_email_post_to_subs":false,"_jetpack_newsletter_tier_id":0,"_jetpack_memberships_contains_paywalled_content":false,"_jetpack_memberships_contains_paid_content":false,"footnotes":"","jetpack_publicize_message":"","jetpack_publicize_feature_enabled":true,"jetpack_social_post_already_shared":true,"jetpack_social_options":{"image_generator_settings":{"template":"highway","default_image_id":0,"font":"","enabled":false},"version":2},"_wpas_customize_per_network":false},"categories":[85],"tags":[3652,3653],"class_list":["post-23657","post","type-post","status-publish","format-standard","hentry","category-policial","tag-abusador","tag-detencion-policial","generate-columns","tablet-grid-50","mobile-grid-100","grid-parent","grid-50"],"jetpack_publicize_connections":[],"jetpack_featured_media_url":"","wps_subtitle":"","jetpack_sharing_enabled":true,"_links":{"self":[{"href":"https:\/\/www.hoymercedes.com.ar\/principal\/wp-json\/wp\/v2\/posts\/23657","targetHints":{"allow":["GET"]}}],"collection":[{"href":"https:\/\/www.hoymercedes.com.ar\/principal\/wp-json\/wp\/v2\/posts"}],"about":[{"href":"https:\/\/www.hoymercedes.com.ar\/principal\/wp-json\/wp\/v2\/types\/post"}],"author":[{"embeddable":true,"href":"https:\/\/www.hoymercedes.com.ar\/principal\/wp-json\/wp\/v2\/users\/1"}],"replies":[{"embeddable":true,"href":"https:\/\/www.hoymercedes.com.ar\/principal\/wp-json\/wp\/v2\/comments?post=23657"}],"version-history":[{"count":0,"href":"https:\/\/www.hoymercedes.com.ar\/principal\/wp-json\/wp\/v2\/posts\/23657\/revisions"}],"wp:attachment":[{"href":"https:\/\/www.hoymercedes.com.ar\/principal\/wp-json\/wp\/v2\/media?parent=23657"}],"wp:term":[{"taxonomy":"category","embeddable":true,"href":"https:\/\/www.hoymercedes.com.ar\/principal\/wp-json\/wp\/v2\/categories?post=23657"},{"taxonomy":"post_tag","embeddable":true,"href":"https:\/\/www.hoymercedes.com.ar\/principal\/wp-json\/wp\/v2\/tags?post=23657"}],"curies":[{"name":"wp","href":"https:\/\/api.w.org\/{rel}","templated":true}]}}