{"id":2366,"date":"2011-02-23T23:55:18","date_gmt":"2011-02-23T23:55:18","guid":{"rendered":"http:\/\/www.hoymercedes.com.ar\/principal\/?p=2366"},"modified":"2011-02-23T23:55:18","modified_gmt":"2011-02-23T23:55:18","slug":"jose-cestari-acompana-a-juan-carlos-moran-en-la-campana-por-el-desarrollo-regional-de-la-coalicion-civica-ari","status":"publish","type":"post","link":"https:\/\/www.hoymercedes.com.ar\/principal\/2011\/02\/23\/jose-cestari-acompana-a-juan-carlos-moran-en-la-campana-por-el-desarrollo-regional-de-la-coalicion-civica-ari\/","title":{"rendered":"Jos\u00e9 Cestari acompa\u00f1a a Juan Carlos Mor\u00e1n en la campa\u00f1a por el desarrollo regional de la Coalici\u00f3n C\u00edvica Ari"},"content":{"rendered":"<p style=\"text-align: center;\"><a href=\"https:\/\/www.hoymercedes.com.ar\/principal\/wp-content\/uploads\/2011\/02\/cestarimoran.jpg\"><img loading=\"lazy\" decoding=\"async\" data-attachment-id=\"2368\" data-permalink=\"https:\/\/www.hoymercedes.com.ar\/principal\/2011\/02\/23\/jose-cestari-acompana-a-juan-carlos-moran-en-la-campana-por-el-desarrollo-regional-de-la-coalicion-civica-ari\/attachment\/2368\/#main\" data-orig-file=\"https:\/\/www.hoymercedes.com.ar\/principal\/wp-content\/uploads\/2011\/02\/cestarimoran.jpg\" data-orig-size=\"500,375\" data-comments-opened=\"1\" data-image-meta=\"{&quot;aperture&quot;:&quot;2.8&quot;,&quot;credit&quot;:&quot;&quot;,&quot;camera&quot;:&quot;&lt;Samsung D70 \/ D75 \/ S730 \/ S750&gt;&quot;,&quot;caption&quot;:&quot;&quot;,&quot;created_timestamp&quot;:&quot;1203724579&quot;,&quot;copyright&quot;:&quot;COPYRIGHT, 2007&quot;,&quot;focal_length&quot;:&quot;5.8&quot;,&quot;iso&quot;:&quot;80&quot;,&quot;shutter_speed&quot;:&quot;0.008&quot;,&quot;title&quot;:&quot;&lt;Samsung D70 \/ D75 \/ S730 \/ S750&gt;&quot;}\" data-image-title=\"morancestaria\" data-image-description=\"\" data-image-caption=\"\" data-large-file=\"https:\/\/www.hoymercedes.com.ar\/principal\/wp-content\/uploads\/2011\/02\/cestarimoran.jpg\" class=\"size-full wp-image-2368  aligncenter\" title=\"morancestaria\" src=\"https:\/\/www.hoymercedes.com.ar\/principal\/wp-content\/uploads\/2011\/02\/cestarimoran.jpg\" alt=\"\" width=\"500\" height=\"375\" \/><\/a><\/p>\n<p style=\"text-align: justify;\"><span style=\"font-family: Arial;\">El Diputado Nacional de la Coalici\u00f3n C\u00edvica Ari\u00a0 Juan Carlos Mor\u00e1n visit\u00f3 la ciudad de Pilar.<\/span><\/p>\n<p style=\"text-align: justify;\"><span style=\"font-family: Arial;\">Lo hizo en su car\u00e1cter de candidato a gobernador por la Provincia de Buenos Aires.<\/span><\/p>\n<p style=\"text-align: justify;\"><span style=\"font-family: Arial;\">En el recorrido por la localidad estuvo acompa\u00f1ado por la candidata a Intendente local, Doctora Marcela Campagnoli y los candidatos a intendente de Mercedes, Licenciado Jos\u00e9 Cestari y de Luj\u00e1n, Ra\u00fal Suescun, que en los \u00faltimos tiempos se est\u00e1n reuniendo junto con el candidato de General Rodr\u00edguez, Profesor Mario Deguiz, para analizar la problem\u00e1tica regional de estos distritos del oeste de la Primera Secci\u00f3n Electoral.<\/span><\/p>\n<p style=\"text-align: justify;\"><span style=\"font-family: Arial;\">En el recorrido Mor\u00e1n visit\u00f3 el \u00e1rea del Obrador Municipal, con el objetivo de plantear su relocalizaci\u00f3n para construir en ese predio una escuela primaria y una secundaria. En un terreno contiguo se levanta el Jardin de Infantes 925 y ser\u00eda una de las propuestas para el gobierno local de la Coalici\u00f3n C\u00edvica, construir un centro educativo que d\u00e9 una respuesta a la falta de escuelas en los barrios cercanos a Villa Buide, Villa Verde y Vicente L\u00f3pez.<\/span><\/p>\n<p style=\"text-align: justify;\"><span style=\"font-family: Arial;\">Luego se observ\u00f3 el estado hidr\u00e1ulico del Arroyo La Verde. Mor\u00e1n destac\u00f3 la necesidad de que la provincia encare tareas de saneamiento en cursos de agua como \u00e9stos, que atraviesan \u00e1reas urbanas y provocan inundaciones en las crecidas ocasionadas por lluvias intensas.<\/span><\/p>\n<p style=\"text-align: justify;\"><span style=\"font-family: Arial;\">A media ma\u00f1ana se traslad\u00f3 la comitiva al Parque Industrial de Pilar, donde se pudo constatar el estado del acceso.<\/span><\/p>\n<p style=\"text-align: justify;\"><span style=\"font-family: Arial;\">Mor\u00e1n destac\u00f3 que no es coherente que un centro industrial tan importante no cuente con accesos conforme a los movimientos de personas y bienes que se dan lugar en este sector de Pilar.<\/span><\/p>\n<p style=\"text-align: justify;\"><span style=\"font-family: Arial;\">Seguidamente, se llegaron hasta los desag\u00fbes del Parque en el Arroyo Larena.<\/span><\/p>\n<p style=\"text-align: justify;\"><span style=\"font-family: Arial;\">Para finalizar, en el centro de Pilar se llev\u00f3 a cabo una conferencia de prensa con medios locales en que el candidato a intendente por Mercedes; Jos\u00e9 Cestari,\u00a0\u00a0manifest\u00f3 \u201dEs importante esta iniciativa que tomamos los cuatros candidatos a intendente para trabajar en algunas tem\u00e1ticas en forma regional, una de ellas es la revalorizaci\u00f3n de la cuenca del r\u00edo Luj\u00e1n a trav\u00e9s de los Comit\u00e9 de Cuenca, donde es imperioso confeccionar una agenda no solo de las aguas superficiales sino tambi\u00e9n del estudio de las aguas subterr\u00e1neas. Nosotros nos diferenciamos del PJ, entre otras cosas, porque proponemos pol\u00edticas de estado a mediano y largo plazo, no parches coyunturales que no resuelven las problem\u00e1ticas de fondo. En Mercedes, si somos gobierno crearemos la Secretar\u00eda de Producci\u00f3n y Medio ambiente para que la generaci\u00f3n de empleo vaya de la mano con el cuidado del ambiente\u201d<\/span><\/p>\n<p style=\"text-align: justify;\"><span style=\"color: #888888;\">Info: Prensa Coalici\u00f3n C\u00edvica<\/span><\/p>\n","protected":false},"excerpt":{"rendered":"<p>El Diputado Nacional de la Coalici\u00f3n C\u00edvica Ari\u00a0 Juan Carlos Mor\u00e1n visit\u00f3 la ciudad de Pilar. Lo hizo en su &#8230; <a title=\"Jos\u00e9 Cestari acompa\u00f1a a Juan Carlos Mor\u00e1n en la campa\u00f1a por el desarrollo regional de la Coalici\u00f3n C\u00edvica Ari\" class=\"read-more\" href=\"https:\/\/www.hoymercedes.com.ar\/principal\/2011\/02\/23\/jose-cestari-acompana-a-juan-carlos-moran-en-la-campana-por-el-desarrollo-regional-de-la-coalicion-civica-ari\/\" aria-label=\"Leer m\u00e1s sobre Jos\u00e9 Cestari acompa\u00f1a a Juan Carlos Mor\u00e1n en la campa\u00f1a por el desarrollo regional de la Coalici\u00f3n C\u00edvica Ari\">Leer m\u00e1s<\/a><\/p>\n","protected":false},"author":1,"featured_media":0,"comment_status":"open","ping_status":"open","sticky":false,"template":"","format":"standard","meta":{"_monsterinsights_skip_tracking":false,"_monsterinsights_sitenote_active":false,"_monsterinsights_sitenote_note":"","_monsterinsights_sitenote_category":0,"jetpack_post_was_ever_published":false,"_jetpack_newsletter_access":"","_jetpack_dont_email_post_to_subs":false,"_jetpack_newsletter_tier_id":0,"_jetpack_memberships_contains_paywalled_content":false,"_jetpack_memberships_contains_paid_content":false,"footnotes":"","jetpack_publicize_message":"","jetpack_publicize_feature_enabled":true,"jetpack_social_post_already_shared":false,"jetpack_social_options":{"image_generator_settings":{"template":"highway","default_image_id":0,"font":"","enabled":false},"version":2},"_wpas_customize_per_network":false},"categories":[5],"tags":[200,321,57],"class_list":["post-2366","post","type-post","status-publish","format-standard","hentry","category-politica","tag-coalicion-civica-mercedes","tag-jose-cestari","tag-moran","generate-columns","tablet-grid-50","mobile-grid-100","grid-parent","grid-50"],"jetpack_publicize_connections":[],"jetpack_featured_media_url":"","wps_subtitle":"","jetpack_sharing_enabled":true,"_links":{"self":[{"href":"https:\/\/www.hoymercedes.com.ar\/principal\/wp-json\/wp\/v2\/posts\/2366","targetHints":{"allow":["GET"]}}],"collection":[{"href":"https:\/\/www.hoymercedes.com.ar\/principal\/wp-json\/wp\/v2\/posts"}],"about":[{"href":"https:\/\/www.hoymercedes.com.ar\/principal\/wp-json\/wp\/v2\/types\/post"}],"author":[{"embeddable":true,"href":"https:\/\/www.hoymercedes.com.ar\/principal\/wp-json\/wp\/v2\/users\/1"}],"replies":[{"embeddable":true,"href":"https:\/\/www.hoymercedes.com.ar\/principal\/wp-json\/wp\/v2\/comments?post=2366"}],"version-history":[{"count":0,"href":"https:\/\/www.hoymercedes.com.ar\/principal\/wp-json\/wp\/v2\/posts\/2366\/revisions"}],"wp:attachment":[{"href":"https:\/\/www.hoymercedes.com.ar\/principal\/wp-json\/wp\/v2\/media?parent=2366"}],"wp:term":[{"taxonomy":"category","embeddable":true,"href":"https:\/\/www.hoymercedes.com.ar\/principal\/wp-json\/wp\/v2\/categories?post=2366"},{"taxonomy":"post_tag","embeddable":true,"href":"https:\/\/www.hoymercedes.com.ar\/principal\/wp-json\/wp\/v2\/tags?post=2366"}],"curies":[{"name":"wp","href":"https:\/\/api.w.org\/{rel}","templated":true}]}}