{"id":23668,"date":"2013-07-15T14:20:43","date_gmt":"2013-07-15T14:20:43","guid":{"rendered":"http:\/\/www.hoymercedes.com.ar\/principal\/?p=23668"},"modified":"2013-07-15T14:20:43","modified_gmt":"2013-07-15T14:20:43","slug":"encuesta-ustarroz-y-bozzini-cabeza-a-cabeza-con-leve-para-ustarroz","status":"publish","type":"post","link":"https:\/\/www.hoymercedes.com.ar\/principal\/2013\/07\/15\/encuesta-ustarroz-y-bozzini-cabeza-a-cabeza-con-leve-para-ustarroz\/","title":{"rendered":"Encuesta: Ustarroz y Bozzini cabeza a cabeza con leve para Ustarroz"},"content":{"rendered":"<p><iframe loading=\"lazy\" src=\"\/\/infogr.am\/Encuesta-candidatos-Mercedes\/\" width=\"620\" height=\"677\" scrolling=\"no\" frameborder=\"0\" style=\"border:none;\"><\/iframe><\/p>\n<div style=\"width:550px;border-top:1px solid #acacac;padding-top:3px;font-family:Arial;font-size:10px;text-align:center;\"><a target=\"_blank\" href=\"http:\/\/infogr.am\/1373897545\" style=\"color:#acacac;text-decoration:none;\" rel=\"noopener\">Encuesta candidatos Mercedes<\/a> | <a style=\"color:#acacac;text-decoration:none;\" href=\"http:\/\/infogr.am\" target=\"_blank\" rel=\"noopener\">Infographics<\/a><\/div>\n<p>&nbsp;<\/p>\n<p><em><strong>Se dio a conocer una encuesta sobre un universo de 532 encuestados realizada por la Universidad Nacional de La Plata en la que da una ventaja al candidato Juan Ustarroz por sobre Ricardo Bozzini. Massa a nivel provincial por sobre Insaurralde.<\/strong><\/em><\/p>\n<p>La primera encuesta que se conoce en nuestra ciudad arroj\u00f3 que Juan Ustarroz est\u00e1 encabezando la intenci\u00f3n de voto con 25,6% por sobre el candidato oficialista \u00a0que obtendr\u00eda 23,5%. En tercer termino nos encontramos con el referente del MIC, Jos\u00e9 Cestari, quien rondar\u00eda el 17,1%. Oscar Albini cuarto con 10,5% y Pablo Demarco aparece en quinto escal\u00f3n con el 1,7%.<\/p>\n<p><strong>Metodolog\u00eda<\/strong><\/p>\n<p>La encuesta no es la \u00fanica que se sabe por el momento, pero es la una de las \u00fanicas que se hace p\u00fablica. Un grupo de trabajo de la Universidad de La Plata hizo un muestreo err\u00e1tico en la zona c\u00e9ntrica y barrios representativos de la ciudad de 532 casos entre el 5 y el 12 de julio, la encuesta fue telef\u00f3nica y el objetivo fue conocer la intenci\u00f3n de voto, sin opciones, ya que el encuestado s\u00f3lo respond\u00eda\u00a0 por sus apreciaciones y conocimientos.<\/p>\n<p><strong>Consulta<\/strong><\/p>\n<p>El trabajo fue realizado a una pregunta a nivel local, \u00bfA quien votar\u00eda para concejal? Y a nivel nacional, \u00bfA quien votar\u00eda para Diputado Nacional?<\/p>\n<p>Sobre un total de 532 encuestados (287 mujeres y 245 hombres) los datos obtenidos arrojan un \u00edndice general que queda conformado de la siguiente manera:<\/p>\n<p>1.\u00a0Juan Ustarroz 136 votos (25,6%)<\/p>\n<p>2. Ricardo Bozzini 125 votos (23,5%)<\/p>\n<p>3. No Sabe\/No Contesta 115 personas (21,6%)<\/p>\n<p>4. Jose Cestari 91 votos (17,1%)<\/p>\n<p>5. Oscar Albini 56 votos (10,5%)<\/p>\n<p>6. Pablo Demarco 9 votos (1,7%)<\/p>\n<p>Por otro lado a nivel nacional sobre \u00bfa quien votar\u00edas para diputado? los resultados fueron:<\/p>\n<ol>\n<li>Sergio\u00a0Massa 187 votos (35,8%)<\/li>\n<li>Mart\u00edn\u00a0Insaurralde 171\u00a0votos (32,9%)<\/li>\n<li>NS\/NC 91 personas (17,4%)<\/li>\n<li>Francisco De Narv\u00e1ez 45 (8.6%)<\/li>\n<li>Margarita Stolbizer 33 (6,3%)<\/li>\n<li>N\u00e9stor Pitrola 5 (0,9%)<\/li>\n<\/ol>\n<p><strong>Ficha t\u00e9cnica:<\/strong><\/p>\n<p>Encuestador: UNLP.<\/p>\n<p>M\u00e9todo: err\u00e1tico. (92% de confianza)<\/p>\n<p>Encuestados: 532 personas<\/p>\n<p>Periodo: 5 a 12 de julio.<\/p>\n<p>&nbsp;<\/p>\n","protected":false},"excerpt":{"rendered":"<p>Encuesta candidatos Mercedes | Infographics &nbsp; Se dio a conocer una encuesta sobre un universo de 532 encuestados realizada por &#8230; <a title=\"Encuesta: Ustarroz y Bozzini cabeza a cabeza con leve para Ustarroz\" class=\"read-more\" href=\"https:\/\/www.hoymercedes.com.ar\/principal\/2013\/07\/15\/encuesta-ustarroz-y-bozzini-cabeza-a-cabeza-con-leve-para-ustarroz\/\" aria-label=\"Leer m\u00e1s sobre Encuesta: Ustarroz y Bozzini cabeza a cabeza con leve para Ustarroz\">Leer m\u00e1s<\/a><\/p>\n","protected":false},"author":1,"featured_media":0,"comment_status":"open","ping_status":"open","sticky":false,"template":"","format":"standard","meta":{"_monsterinsights_skip_tracking":false,"_monsterinsights_sitenote_active":false,"_monsterinsights_sitenote_note":"","_monsterinsights_sitenote_category":0,"jetpack_post_was_ever_published":false,"_jetpack_newsletter_access":"","_jetpack_dont_email_post_to_subs":false,"_jetpack_newsletter_tier_id":0,"_jetpack_memberships_contains_paywalled_content":false,"_jetpack_memberships_contains_paid_content":false,"footnotes":"","jetpack_publicize_message":"","jetpack_publicize_feature_enabled":true,"jetpack_social_post_already_shared":true,"jetpack_social_options":{"image_generator_settings":{"template":"highway","default_image_id":0,"font":"","enabled":false},"version":2},"_wpas_customize_per_network":false},"categories":[5],"tags":[321,585,2834,3395],"class_list":["post-23668","post","type-post","status-publish","format-standard","hentry","category-politica","tag-jose-cestari","tag-juan-ustarroz","tag-oscar-albini","tag-pablo-demarco","generate-columns","tablet-grid-50","mobile-grid-100","grid-parent","grid-50"],"jetpack_publicize_connections":[],"jetpack_featured_media_url":"","wps_subtitle":"","jetpack_sharing_enabled":true,"_links":{"self":[{"href":"https:\/\/www.hoymercedes.com.ar\/principal\/wp-json\/wp\/v2\/posts\/23668","targetHints":{"allow":["GET"]}}],"collection":[{"href":"https:\/\/www.hoymercedes.com.ar\/principal\/wp-json\/wp\/v2\/posts"}],"about":[{"href":"https:\/\/www.hoymercedes.com.ar\/principal\/wp-json\/wp\/v2\/types\/post"}],"author":[{"embeddable":true,"href":"https:\/\/www.hoymercedes.com.ar\/principal\/wp-json\/wp\/v2\/users\/1"}],"replies":[{"embeddable":true,"href":"https:\/\/www.hoymercedes.com.ar\/principal\/wp-json\/wp\/v2\/comments?post=23668"}],"version-history":[{"count":0,"href":"https:\/\/www.hoymercedes.com.ar\/principal\/wp-json\/wp\/v2\/posts\/23668\/revisions"}],"wp:attachment":[{"href":"https:\/\/www.hoymercedes.com.ar\/principal\/wp-json\/wp\/v2\/media?parent=23668"}],"wp:term":[{"taxonomy":"category","embeddable":true,"href":"https:\/\/www.hoymercedes.com.ar\/principal\/wp-json\/wp\/v2\/categories?post=23668"},{"taxonomy":"post_tag","embeddable":true,"href":"https:\/\/www.hoymercedes.com.ar\/principal\/wp-json\/wp\/v2\/tags?post=23668"}],"curies":[{"name":"wp","href":"https:\/\/api.w.org\/{rel}","templated":true}]}}