{"id":23684,"date":"2013-07-16T11:51:06","date_gmt":"2013-07-16T11:51:06","guid":{"rendered":"http:\/\/www.hoymercedes.com.ar\/principal\/?p=23684"},"modified":"2013-07-16T11:51:06","modified_gmt":"2013-07-16T11:51:06","slug":"frente-mercedino-entrego-botines-a-club-defensores","status":"publish","type":"post","link":"https:\/\/www.hoymercedes.com.ar\/principal\/2013\/07\/16\/frente-mercedino-entrego-botines-a-club-defensores\/","title":{"rendered":"Frente Mercedino entreg\u00f3 botines a Club Defensores"},"content":{"rendered":"<figure id=\"attachment_23686\" aria-describedby=\"caption-attachment-23686\" style=\"width: 610px\" class=\"wp-caption aligncenter\"><a href=\"https:\/\/www.hoymercedes.com.ar\/principal\/wp-content\/uploads\/2013\/07\/Ustarroz-Defensores.jpg\"><img loading=\"lazy\" decoding=\"async\" data-attachment-id=\"23686\" data-permalink=\"https:\/\/www.hoymercedes.com.ar\/principal\/2013\/07\/16\/frente-mercedino-entrego-botines-a-club-defensores\/ustarroz-defensores\/#main\" data-orig-file=\"https:\/\/www.hoymercedes.com.ar\/principal\/wp-content\/uploads\/2013\/07\/Ustarroz-Defensores.jpg\" data-orig-size=\"620,487\" data-comments-opened=\"1\" data-image-meta=\"{&quot;aperture&quot;:&quot;0&quot;,&quot;credit&quot;:&quot;&quot;,&quot;camera&quot;:&quot;BlackBerry 9320&quot;,&quot;caption&quot;:&quot;&quot;,&quot;created_timestamp&quot;:&quot;0&quot;,&quot;copyright&quot;:&quot;&quot;,&quot;focal_length&quot;:&quot;0&quot;,&quot;iso&quot;:&quot;0&quot;,&quot;shutter_speed&quot;:&quot;0&quot;,&quot;title&quot;:&quot;&quot;}\" data-image-title=\"Ustarroz-Defensores\" data-image-description=\"\" data-image-caption=\"&lt;p&gt;Juan Ustarroz&lt;\/p&gt;\n\" data-large-file=\"https:\/\/www.hoymercedes.com.ar\/principal\/wp-content\/uploads\/2013\/07\/Ustarroz-Defensores.jpg\" class=\"size-full wp-image-23686\" alt=\"Juan Ustarroz \" src=\"https:\/\/www.hoymercedes.com.ar\/principal\/wp-content\/uploads\/2013\/07\/Ustarroz-Defensores.jpg\" width=\"620\" height=\"487\" \/><\/a><figcaption id=\"caption-attachment-23686\" class=\"wp-caption-text\">Juan Ustarroz<\/figcaption><\/figure>\n<p>&nbsp;<\/p>\n<p><em><strong>Durante el fin de semana desde el Frente Mercedino para la Victoria, encabezados por Juan Ustarroz, efectuaron entrega de botines nuevos a los m\u00e1s chicos del Club Defensores.\u00a0. \u201cEl f\u00fatbol, m\u00e1s all\u00e1\u00a0del resultado de un partido, nos ense\u00f1a valores como la solidaridad, la amistad, el compa\u00f1erismo. Por eso nosotros quer\u00edamos contribuir con este humilde granito de arena\u201d, explic\u00f3\u00a0Juan Ignacio Ustarroz, primer precandidato a concejal y principal referente del Frente Mercedino para la Victoria y qui\u00e9n gestion\u00f3 la entrega ante la Secretar\u00eda de Deportes de la Naci\u00f3n.<\/strong><\/em><\/p>\n<p>En el acto de entrega estuvieron Ustarroz, Fabi\u00e1n Brandoni, don Jorge y Mauricio Gil (presidente y t\u00e9cnico, respectivamente, del Defensores); padres, familiares y los m\u00e1s importantes: los chicos.<\/p>\n<p><em>\u201cUstedes son los art\u00edfices de todo esto \u2013les dijo Brandoni a los pibes-. Consideramos que, entre todos los derechos que tienen los ni\u00f1os, tambi\u00e9n est\u00e1 el de jugar al f\u00fatbol con los botines que corresponden. Esto es un reconocimiento hacia ustedes, hacia sus padres y hacia la gente del club, que pone su esfuerzo para llevar las cosas adelante\u201d.<\/em><\/p>\n<p>A la hora de tomar la palabra Ustarroz explic\u00f3: <em>\u201cYo paso todas las ma\u00f1anas por el predio y veo a tres o cuatro personas siempre cortando el pasto, poniendo el hombro para que el club tenga lo que se merece; y despu\u00e9s paso a la tarde y los sigo viendo entrenando a los chicos. Ese sacrificio merec\u00eda que nosotros pudi\u00e9ramos aportar algo, como lo fue en su momento el alambrado de la cancha para poder jugar en la Liga o como lo es ahora la entrega de estos botines. Son cosas que nos gratifican mucho\u201d<\/em>.<\/p>\n<p><em>\u201cEn la medida de lo que nosotros podamos, siempre van a contar con nuestro aporte \u2013concluy\u00f3-. Hoy, humildemente ponemos nuestro granito de arena, y ojal\u00e1 lo podamos seguir haciendo. Porque esto es para ustedes, los chicos; y porque consideramos que los clubes son una gran herramienta de inclusi\u00f3n, de contenci\u00f3n, de solidaridad\u201d.<\/em><\/p>\n<p>Desde el Frente, a la vez, agradecieron la excelente predisposici\u00f3n por parte de la Secretar\u00eda de Deportes de la Naci\u00f3n, que conduce Claudio Morresi; y de Luis Vivona, subsecretario de Planeamiento y Gesti\u00f3n Deportiva del Ministerio de Desarrollo Social de la Naci\u00f3n, que hacen posible esta entrega de botines a los distintos clubes mercedinos: como esta vez fue el Defensores, antes lo fueron V\u00e9lez Sarsfield y Quilmes.<\/p>\n<p><em>\u201cLa idea es abarcar a todas las entidades deportivas de nuestra ciudad \u2013adelant\u00f3\u00a0 Brandoni-, haciendo reuniones peri\u00f3dicas con los dirigentes, con los padres o con los t\u00e9cnicos, que son los que garantizan que los botines lleguen a donde deben llegar\u201d,<\/em> sostuvieron<\/p>\n<p>&nbsp;<\/p>\n<p>&nbsp;<\/p>\n","protected":false},"excerpt":{"rendered":"<p>&nbsp; Durante el fin de semana desde el Frente Mercedino para la Victoria, encabezados por Juan Ustarroz, efectuaron entrega de &#8230; <a title=\"Frente Mercedino entreg\u00f3 botines a Club Defensores\" class=\"read-more\" href=\"https:\/\/www.hoymercedes.com.ar\/principal\/2013\/07\/16\/frente-mercedino-entrego-botines-a-club-defensores\/\" aria-label=\"Leer m\u00e1s sobre Frente Mercedino entreg\u00f3 botines a Club Defensores\">Leer m\u00e1s<\/a><\/p>\n","protected":false},"author":1,"featured_media":0,"comment_status":"open","ping_status":"open","sticky":false,"template":"","format":"standard","meta":{"_monsterinsights_skip_tracking":false,"_monsterinsights_sitenote_active":false,"_monsterinsights_sitenote_note":"","_monsterinsights_sitenote_category":0,"jetpack_post_was_ever_published":false,"_jetpack_newsletter_access":"","_jetpack_dont_email_post_to_subs":false,"_jetpack_newsletter_tier_id":0,"_jetpack_memberships_contains_paywalled_content":false,"_jetpack_memberships_contains_paid_content":false,"footnotes":"","jetpack_publicize_message":"","jetpack_publicize_feature_enabled":true,"jetpack_social_post_already_shared":true,"jetpack_social_options":{"image_generator_settings":{"template":"highway","default_image_id":0,"font":"","enabled":false},"version":2},"_wpas_customize_per_network":false},"categories":[5],"tags":[379],"class_list":["post-23684","post","type-post","status-publish","format-standard","hentry","category-politica","tag-frente-mercedino-para-la-victoria","generate-columns","tablet-grid-50","mobile-grid-100","grid-parent","grid-50"],"jetpack_publicize_connections":[],"jetpack_featured_media_url":"","wps_subtitle":"","jetpack_sharing_enabled":true,"_links":{"self":[{"href":"https:\/\/www.hoymercedes.com.ar\/principal\/wp-json\/wp\/v2\/posts\/23684","targetHints":{"allow":["GET"]}}],"collection":[{"href":"https:\/\/www.hoymercedes.com.ar\/principal\/wp-json\/wp\/v2\/posts"}],"about":[{"href":"https:\/\/www.hoymercedes.com.ar\/principal\/wp-json\/wp\/v2\/types\/post"}],"author":[{"embeddable":true,"href":"https:\/\/www.hoymercedes.com.ar\/principal\/wp-json\/wp\/v2\/users\/1"}],"replies":[{"embeddable":true,"href":"https:\/\/www.hoymercedes.com.ar\/principal\/wp-json\/wp\/v2\/comments?post=23684"}],"version-history":[{"count":0,"href":"https:\/\/www.hoymercedes.com.ar\/principal\/wp-json\/wp\/v2\/posts\/23684\/revisions"}],"wp:attachment":[{"href":"https:\/\/www.hoymercedes.com.ar\/principal\/wp-json\/wp\/v2\/media?parent=23684"}],"wp:term":[{"taxonomy":"category","embeddable":true,"href":"https:\/\/www.hoymercedes.com.ar\/principal\/wp-json\/wp\/v2\/categories?post=23684"},{"taxonomy":"post_tag","embeddable":true,"href":"https:\/\/www.hoymercedes.com.ar\/principal\/wp-json\/wp\/v2\/tags?post=23684"}],"curies":[{"name":"wp","href":"https:\/\/api.w.org\/{rel}","templated":true}]}}