{"id":23691,"date":"2013-07-16T12:02:05","date_gmt":"2013-07-16T12:02:05","guid":{"rendered":"http:\/\/www.hoymercedes.com.ar\/principal\/?p=23691"},"modified":"2013-07-16T12:05:20","modified_gmt":"2013-07-16T12:05:20","slug":"mic-mercedes-realizo-importante-actividad-artistica-cultural-y-educativa","status":"publish","type":"post","link":"https:\/\/www.hoymercedes.com.ar\/principal\/2013\/07\/16\/mic-mercedes-realizo-importante-actividad-artistica-cultural-y-educativa\/","title":{"rendered":"MIC Mercedes realiz\u00f3 importante actividad art\u00edstica, cultural y educativa"},"content":{"rendered":"<figure id=\"attachment_23693\" aria-describedby=\"caption-attachment-23693\" style=\"width: 610px\" class=\"wp-caption aligncenter\"><a href=\"https:\/\/www.hoymercedes.com.ar\/principal\/wp-content\/uploads\/2013\/07\/mic-actividadplazasanluis.jpg\"><img loading=\"lazy\" decoding=\"async\" data-attachment-id=\"23693\" data-permalink=\"https:\/\/www.hoymercedes.com.ar\/principal\/2013\/07\/16\/mic-mercedes-realizo-importante-actividad-artistica-cultural-y-educativa\/mic-actividadplazasanluis\/#main\" data-orig-file=\"https:\/\/www.hoymercedes.com.ar\/principal\/wp-content\/uploads\/2013\/07\/mic-actividadplazasanluis.jpg\" data-orig-size=\"620,465\" data-comments-opened=\"1\" data-image-meta=\"{&quot;aperture&quot;:&quot;9.1&quot;,&quot;credit&quot;:&quot;&quot;,&quot;camera&quot;:&quot;DSC-W620&quot;,&quot;caption&quot;:&quot;&quot;,&quot;created_timestamp&quot;:&quot;1373804254&quot;,&quot;copyright&quot;:&quot;&quot;,&quot;focal_length&quot;:&quot;5&quot;,&quot;iso&quot;:&quot;100&quot;,&quot;shutter_speed&quot;:&quot;0.0025&quot;,&quot;title&quot;:&quot;&quot;}\" data-image-title=\"mic-actividadplazasanluis\" data-image-description=\"\" data-image-caption=\"&lt;p&gt;MIC Mercedes&lt;\/p&gt;\n\" data-large-file=\"https:\/\/www.hoymercedes.com.ar\/principal\/wp-content\/uploads\/2013\/07\/mic-actividadplazasanluis.jpg\" class=\"size-full wp-image-23693\" alt=\"MIC Mercedes\" src=\"https:\/\/www.hoymercedes.com.ar\/principal\/wp-content\/uploads\/2013\/07\/mic-actividadplazasanluis.jpg\" width=\"620\" height=\"465\" \/><\/a><figcaption id=\"caption-attachment-23693\" class=\"wp-caption-text\">MIC Mercedes<\/figcaption><\/figure>\n<p><em><strong>Desde el MIC llevaron adelante una importante jornada art\u00edstica, cultura y educativa en Plaza San Mart\u00edn. El MIC se encuentra en pleno proceso de acciones buscando su m\u00e1ximo referente, Jos\u00e9 Cestari, logre la reelecci\u00f3n como candidato a Concejal.<\/strong><\/em><\/p>\n<p>Desde el MIC afirmaron: <em>\u201cEl MIC considera que la Educaci\u00f3n es el Eje Vertebrador de la Pol\u00edtica. Toda problem\u00e1tica que afecte a los mercedinos tiene como variable de resoluci\u00f3n el acceso a la informaci\u00f3n, pero esto no debe quedar solamente en lo discursivo sino fundamentalmente en las acciones concretas a desarrollar\u201d, destacaron desde esta joven agrupaci\u00f3n pol\u00edtica, que cree que \u201ctodos los sectores mercedinos, especialmente los que cuentan con menos recursos, deben tener la posibilidad en un \u00e1mbito democr\u00e1tico, de participar y dar a conocer lo que hacen\u201d.<\/em><\/p>\n<p><a href=\"https:\/\/www.hoymercedes.com.ar\/principal\/wp-content\/uploads\/2013\/07\/expoMICarte-II.jpg\"><img loading=\"lazy\" decoding=\"async\" data-attachment-id=\"23699\" data-permalink=\"https:\/\/www.hoymercedes.com.ar\/principal\/2013\/07\/16\/mic-mercedes-realizo-importante-actividad-artistica-cultural-y-educativa\/expomicarte-ii\/#main\" data-orig-file=\"https:\/\/www.hoymercedes.com.ar\/principal\/wp-content\/uploads\/2013\/07\/expoMICarte-II.jpg\" data-orig-size=\"620,465\" data-comments-opened=\"1\" data-image-meta=\"{&quot;aperture&quot;:&quot;9.1&quot;,&quot;credit&quot;:&quot;&quot;,&quot;camera&quot;:&quot;DSC-W620&quot;,&quot;caption&quot;:&quot;&quot;,&quot;created_timestamp&quot;:&quot;1373815578&quot;,&quot;copyright&quot;:&quot;&quot;,&quot;focal_length&quot;:&quot;5&quot;,&quot;iso&quot;:&quot;100&quot;,&quot;shutter_speed&quot;:&quot;0.005&quot;,&quot;title&quot;:&quot;&quot;}\" data-image-title=\"expoMICarte-II\" data-image-description=\"\" data-image-caption=\"\" data-large-file=\"https:\/\/www.hoymercedes.com.ar\/principal\/wp-content\/uploads\/2013\/07\/expoMICarte-II.jpg\" class=\"aligncenter size-full wp-image-23699\" alt=\"expoMICarte-II\" src=\"https:\/\/www.hoymercedes.com.ar\/principal\/wp-content\/uploads\/2013\/07\/expoMICarte-II.jpg\" width=\"620\" height=\"465\" srcset=\"https:\/\/www.hoymercedes.com.ar\/principal\/wp-content\/uploads\/2013\/07\/expoMICarte-II.jpg 620w, https:\/\/www.hoymercedes.com.ar\/principal\/wp-content\/uploads\/2013\/07\/expoMICarte-II-300x225.jpg 300w\" sizes=\"auto, (max-width: 620px) 100vw, 620px\" \/><\/a><\/p>\n<p>Por eso se llev\u00f3 a cabo la Exposici\u00f3n Art\u00edstica 2013 el domingo 14 de julio, en la Plaza Rivadavia (San Luis) de esta ciudad, de 10 a 17 horas.<\/p>\n<p>La convocatoria fue abierta para todos los artistas que quieren hacer conocer sus obras (art\u00edsticas pl\u00e1sticos, fot\u00f3grafos art\u00edsticos, etc\u00e9tera). La inscripci\u00f3n fue gratuita y expusieron Natalia Ochoa, Mariel Godoy, Florencia Mallo, Marta Pajot, Mar\u00eda Reinoso, Victoria Mu\u00f1oz y Mercedes Rapalini. La Coordinadora General del Evento fue la Profesora Teresita Mansilla, tercera precandidata a concejal por el MIC.<\/p>\n<p>El m\u00e1ximo referente de la Agrupaci\u00f3n Vecinal, el Licenciado Jos\u00e9 Cestari, manifest\u00f3 <em>\u201cFue una oportunidad para disfrutar de la hermosa Plaza San Luis de Mercedes, conocer a algunos de los tantos artistas mercedinos e integrarnos socialmente en un \u00e1mbito p\u00fablico, queda como cierre de esta actividad convocar a todos los artistas que concurrieron y a otros que deseen exponer sus obras para realizar un balance del evento y coordinar un cronograma de acciones a realizar\u201d<\/em><\/p>\n","protected":false},"excerpt":{"rendered":"<p>Desde el MIC llevaron adelante una importante jornada art\u00edstica, cultura y educativa en Plaza San Mart\u00edn. El MIC se encuentra &#8230; <a title=\"MIC Mercedes realiz\u00f3 importante actividad art\u00edstica, cultural y educativa\" class=\"read-more\" href=\"https:\/\/www.hoymercedes.com.ar\/principal\/2013\/07\/16\/mic-mercedes-realizo-importante-actividad-artistica-cultural-y-educativa\/\" aria-label=\"Leer m\u00e1s sobre MIC Mercedes realiz\u00f3 importante actividad art\u00edstica, cultural y educativa\">Leer m\u00e1s<\/a><\/p>\n","protected":false},"author":1,"featured_media":0,"comment_status":"open","ping_status":"open","sticky":false,"template":"","format":"standard","meta":{"_monsterinsights_skip_tracking":false,"_monsterinsights_sitenote_active":false,"_monsterinsights_sitenote_note":"","_monsterinsights_sitenote_category":0,"jetpack_post_was_ever_published":false,"_jetpack_newsletter_access":"","_jetpack_dont_email_post_to_subs":false,"_jetpack_newsletter_tier_id":0,"_jetpack_memberships_contains_paywalled_content":false,"_jetpack_memberships_contains_paid_content":false,"footnotes":"","jetpack_publicize_message":"","jetpack_publicize_feature_enabled":true,"jetpack_social_post_already_shared":true,"jetpack_social_options":{"image_generator_settings":{"template":"highway","default_image_id":0,"font":"","enabled":false},"version":2},"_wpas_customize_per_network":false},"categories":[5],"tags":[321,1956],"class_list":["post-23691","post","type-post","status-publish","format-standard","hentry","category-politica","tag-jose-cestari","tag-mic-mercedes","generate-columns","tablet-grid-50","mobile-grid-100","grid-parent","grid-50"],"jetpack_publicize_connections":[],"jetpack_featured_media_url":"","wps_subtitle":"","jetpack_sharing_enabled":true,"_links":{"self":[{"href":"https:\/\/www.hoymercedes.com.ar\/principal\/wp-json\/wp\/v2\/posts\/23691","targetHints":{"allow":["GET"]}}],"collection":[{"href":"https:\/\/www.hoymercedes.com.ar\/principal\/wp-json\/wp\/v2\/posts"}],"about":[{"href":"https:\/\/www.hoymercedes.com.ar\/principal\/wp-json\/wp\/v2\/types\/post"}],"author":[{"embeddable":true,"href":"https:\/\/www.hoymercedes.com.ar\/principal\/wp-json\/wp\/v2\/users\/1"}],"replies":[{"embeddable":true,"href":"https:\/\/www.hoymercedes.com.ar\/principal\/wp-json\/wp\/v2\/comments?post=23691"}],"version-history":[{"count":0,"href":"https:\/\/www.hoymercedes.com.ar\/principal\/wp-json\/wp\/v2\/posts\/23691\/revisions"}],"wp:attachment":[{"href":"https:\/\/www.hoymercedes.com.ar\/principal\/wp-json\/wp\/v2\/media?parent=23691"}],"wp:term":[{"taxonomy":"category","embeddable":true,"href":"https:\/\/www.hoymercedes.com.ar\/principal\/wp-json\/wp\/v2\/categories?post=23691"},{"taxonomy":"post_tag","embeddable":true,"href":"https:\/\/www.hoymercedes.com.ar\/principal\/wp-json\/wp\/v2\/tags?post=23691"}],"curies":[{"name":"wp","href":"https:\/\/api.w.org\/{rel}","templated":true}]}}