{"id":23695,"date":"2013-07-16T12:10:03","date_gmt":"2013-07-16T12:10:03","guid":{"rendered":"http:\/\/www.hoymercedes.com.ar\/principal\/?p=23695"},"modified":"2013-07-16T12:10:03","modified_gmt":"2013-07-16T12:10:03","slug":"gestionan-subsidio-a-cooperativa-tambera-la-mercedina","status":"publish","type":"post","link":"https:\/\/www.hoymercedes.com.ar\/principal\/2013\/07\/16\/gestionan-subsidio-a-cooperativa-tambera-la-mercedina\/","title":{"rendered":"Gestionan subsidio a Cooperativa Tambera \u00abLa Mercedina\u00bb"},"content":{"rendered":"<p><a href=\"https:\/\/www.hoymercedes.com.ar\/principal\/wp-content\/uploads\/2013\/07\/lamercedina-tambo.jpg\"><img loading=\"lazy\" decoding=\"async\" data-attachment-id=\"23702\" data-permalink=\"https:\/\/www.hoymercedes.com.ar\/principal\/2013\/07\/16\/gestionan-subsidio-a-cooperativa-tambera-la-mercedina\/lamercedina-tambo\/#main\" data-orig-file=\"https:\/\/www.hoymercedes.com.ar\/principal\/wp-content\/uploads\/2013\/07\/lamercedina-tambo.jpg\" data-orig-size=\"620,413\" data-comments-opened=\"1\" data-image-meta=\"{&quot;aperture&quot;:&quot;2.8&quot;,&quot;credit&quot;:&quot;Augusto Famulari.&quot;,&quot;camera&quot;:&quot;Canon EOS 7D&quot;,&quot;caption&quot;:&quot;&quot;,&quot;created_timestamp&quot;:&quot;1373133500&quot;,&quot;copyright&quot;:&quot;&quot;,&quot;focal_length&quot;:&quot;21&quot;,&quot;iso&quot;:&quot;400&quot;,&quot;shutter_speed&quot;:&quot;0.002&quot;,&quot;title&quot;:&quot;&quot;}\" data-image-title=\"lamercedina-tambo\" data-image-description=\"\" data-image-caption=\"\" data-large-file=\"https:\/\/www.hoymercedes.com.ar\/principal\/wp-content\/uploads\/2013\/07\/lamercedina-tambo.jpg\" class=\"aligncenter size-full wp-image-23702\" alt=\"lamercedina-tambo\" src=\"https:\/\/www.hoymercedes.com.ar\/principal\/wp-content\/uploads\/2013\/07\/lamercedina-tambo.jpg\" width=\"620\" height=\"413\" \/><\/a><\/p>\n<p>&nbsp;<\/p>\n<p><em><strong>La Cooperativa de Tamberos La Mercedina recibir\u00e1 un importante subsidio de manos de la Subsecretar\u00eda de Lecher\u00eda la Naci\u00f3n, dependiente del Ministerio de Agricultura, Ganader\u00eda y Pesca, afirmaron desde el Frente Mercedino, espacio que gestion\u00f3 el beneficio.<\/strong><\/em><\/p>\n<p>El anuncio fue realizado en persona por el subsecretario de Lecher\u00eda de la Naci\u00f3n, Arturo Videla, al presidente de la cooperativa, el ingeniero agr\u00f3nomo Jos\u00e9\u00a0Arriola, durante un encuentro del que tambi\u00e9n form\u00f3\u00a0parte Juan Ustarroz y que se realiz\u00f3 en las instalaciones de un tambo ubicado en la zona de Tom\u00e1s Jofr\u00e9.<\/p>\n<p><em>\u201cCreemos en la necesidad del crecimiento productivo como una de las formas de convertir a Mercedes en la ciudad que queremos y nos merecemos. Todo lo que podamos hacer para ayudar al comercio, a la industria, a los emprendedores, a las peque\u00f1as y medianas empresas o, como en este caso, al sector rural, lo vamos a hacer\u201d<\/em>, explic\u00f3\u00a0Ustarroz.<\/p>\n<p>Y agreg\u00f3:\u00a0\u201cA nosotros nos pone muy contentos y orgullosos esta posibilidad de lograr beneficios para nuestra gente, para nuestros vecinos. La subsecretar\u00eda de Lecher\u00eda de la Naci\u00f3n le dar\u00e1\u00a0 un fuerte impulso a la cooperativa de tamberos La Mercedina para sostener su crecimiento y, con ello, fortalecer la econom\u00eda regional. Por eso agradecemos esta visita del se\u00f1or Arturo Videla para contribuir con la ciudad\u201d.<\/p>\n<p>El subsidio, seg\u00fan explicaron, ser\u00e1\u00a0\u2018no reintegrable\u2019\u00a0 y se concentrar\u00e1\u00a0sobre dos ejes. El primero: la implantaci\u00f3n de pasturas y verdeos para subsanar los da\u00f1os ocasionados por las graves inundaciones ocurridas el a\u00f1o pasado.<\/p>\n<p>La otra parte del dinero servir\u00e1\u00a0para la creaci\u00f3n de un fondo de cr\u00e9ditos rotarios para ser utilizados por los tambos que integran la cooperativa. El objetivo final ser\u00e1\u00a0maximizar la producci\u00f3n lechera de cada uno de ellos.<\/p>\n<p>El acuerdo suscripto entre las partes contempla tambi\u00e9n la realizaci\u00f3n de un viaje educativo a la Escuela de Lecher\u00eda de Villa Mar\u00eda (C\u00f3rdoba), y a los principales tambos de la regi\u00f3n, para los alumnos de Cuarto y Quinto a\u00f1o del Centro Educativo para la Producci\u00f3n Total (CEPT 4) de Mercedes y para los integrantes de la Cooperativa.<\/p>\n<p>Durante el encuentro, Arriola gui\u00f3\u00a0a Videla y Ustarroz en un paseo por las instalaciones de un tambo de Tom\u00e1s Jofr\u00e9 (propiedad del productor Guillermo Rinaldi), y los interioriz\u00f3 sobre el trabajo cooperativo que se viene haciendo en el \u00e1rea.<\/p>\n<p><em>\u201cEs muy satisfactorio comprobar que el gobierno nacional est\u00e1 dispuesto a apoyar a los peque\u00f1os productores como nosotros, que trabajamos en forma asociada en busca de objetivos en com\u00fan. Agradecemos la visita y el apoyo del se\u00f1or Videla, y agradecemos especialmente la gesti\u00f3n del doctor Ustarroz para la formaci\u00f3n de esta cooperativa tambera\u201d<\/em>, expres\u00f3 Arriola.<\/p>\n<p>Por su parte, Videla manifest\u00f3:\u00a0\u201c<em>El otorgamiento de fondos a la Cooperativa Tambera La Mercedina se da en el marco del impulso que el gobierno nacional decidi\u00f3 darles a los productores que est\u00e1n haciendo grandes esfuerzos para trabajar en forma asociada para mejorar econ\u00f3mica y socialmente sus comunidades\u201d.<\/em><\/p>\n<p><em>\u00a0<\/em><\/p>\n","protected":false},"excerpt":{"rendered":"<p>&nbsp; La Cooperativa de Tamberos La Mercedina recibir\u00e1 un importante subsidio de manos de la Subsecretar\u00eda de Lecher\u00eda la Naci\u00f3n, &#8230; <a title=\"Gestionan subsidio a Cooperativa Tambera \u00abLa Mercedina\u00bb\" class=\"read-more\" href=\"https:\/\/www.hoymercedes.com.ar\/principal\/2013\/07\/16\/gestionan-subsidio-a-cooperativa-tambera-la-mercedina\/\" aria-label=\"Leer m\u00e1s sobre Gestionan subsidio a Cooperativa Tambera \u00abLa Mercedina\u00bb\">Leer m\u00e1s<\/a><\/p>\n","protected":false},"author":1,"featured_media":0,"comment_status":"open","ping_status":"open","sticky":false,"template":"","format":"standard","meta":{"_monsterinsights_skip_tracking":false,"_monsterinsights_sitenote_active":false,"_monsterinsights_sitenote_note":"","_monsterinsights_sitenote_category":0,"jetpack_post_was_ever_published":false,"_jetpack_newsletter_access":"","_jetpack_dont_email_post_to_subs":false,"_jetpack_newsletter_tier_id":0,"_jetpack_memberships_contains_paywalled_content":false,"_jetpack_memberships_contains_paid_content":false,"footnotes":"","jetpack_publicize_message":"","jetpack_publicize_feature_enabled":true,"jetpack_social_post_already_shared":true,"jetpack_social_options":{"image_generator_settings":{"template":"highway","default_image_id":0,"font":"","enabled":false},"version":2},"_wpas_customize_per_network":false},"categories":[5],"tags":[1007,585],"class_list":["post-23695","post","type-post","status-publish","format-standard","hentry","category-politica","tag-frente-mercedino","tag-juan-ustarroz","generate-columns","tablet-grid-50","mobile-grid-100","grid-parent","grid-50"],"jetpack_publicize_connections":[],"jetpack_featured_media_url":"","wps_subtitle":"","jetpack_sharing_enabled":true,"_links":{"self":[{"href":"https:\/\/www.hoymercedes.com.ar\/principal\/wp-json\/wp\/v2\/posts\/23695","targetHints":{"allow":["GET"]}}],"collection":[{"href":"https:\/\/www.hoymercedes.com.ar\/principal\/wp-json\/wp\/v2\/posts"}],"about":[{"href":"https:\/\/www.hoymercedes.com.ar\/principal\/wp-json\/wp\/v2\/types\/post"}],"author":[{"embeddable":true,"href":"https:\/\/www.hoymercedes.com.ar\/principal\/wp-json\/wp\/v2\/users\/1"}],"replies":[{"embeddable":true,"href":"https:\/\/www.hoymercedes.com.ar\/principal\/wp-json\/wp\/v2\/comments?post=23695"}],"version-history":[{"count":0,"href":"https:\/\/www.hoymercedes.com.ar\/principal\/wp-json\/wp\/v2\/posts\/23695\/revisions"}],"wp:attachment":[{"href":"https:\/\/www.hoymercedes.com.ar\/principal\/wp-json\/wp\/v2\/media?parent=23695"}],"wp:term":[{"taxonomy":"category","embeddable":true,"href":"https:\/\/www.hoymercedes.com.ar\/principal\/wp-json\/wp\/v2\/categories?post=23695"},{"taxonomy":"post_tag","embeddable":true,"href":"https:\/\/www.hoymercedes.com.ar\/principal\/wp-json\/wp\/v2\/tags?post=23695"}],"curies":[{"name":"wp","href":"https:\/\/api.w.org\/{rel}","templated":true}]}}