{"id":2371,"date":"2011-02-24T02:34:57","date_gmt":"2011-02-24T02:34:57","guid":{"rendered":"http:\/\/www.hoymercedes.com.ar\/principal\/?p=2371"},"modified":"2011-02-24T02:34:57","modified_gmt":"2011-02-24T02:34:57","slug":"carolina-fal-fue-mama-nacio-sofia-hija-que-esperaba-junto-a-santo-biasatti","status":"publish","type":"post","link":"https:\/\/www.hoymercedes.com.ar\/principal\/2011\/02\/24\/carolina-fal-fue-mama-nacio-sofia-hija-que-esperaba-junto-a-santo-biasatti\/","title":{"rendered":"Carolina Fal fue mam\u00e1: nacio Sof\u00eda hija que esperaba junto a Santo Biasatti"},"content":{"rendered":"<p style=\"text-align: justify;\">Diversos sitios de internet desde media tarde comenzaron a dar la noticia. La mercedina Carolina Fal y el conductor del noticiero central de Canal 13, Santo Biasatti, fueron padres durante la jornada de hoy al nacer la ni\u00f1a que la pareja estaba esperando y de la cual d\u00e1bamos cuenta tiempo atr\u00e1s desde <a href=\"https:\/\/www.hoymercedes.com.ar\/principal\/2010\/12\/13\/carolina-fal-y-santo-biasatti-estarian-esperando-su-primer-hijo\/\" target=\"_self\">HoyMercedes<\/a>.<\/p>\n<p style=\"text-align: justify;\">El conductor aprovech\u00f3 la pantalla del Canal para confirmar la noticia que ya circulaba en los medios:<\/p>\n<p style=\"text-align: justify;\"><em>\u00abPara nosotros fue el mejor d\u00eda -dijo la periodista, mientras Biasatti  la miraba serio como siempre-. A la tarde, lleg\u00f3 una integrante nueva de  <em> Telenoche <\/em> y estamos todos tan contentos. Los felicitamos, por  la llegada de Sof\u00eda, a quien ya queremos. Este es un momento importante.   Felicitaciones a la mam\u00e1 [la actriz Carolina Fal], tambi\u00e9n\u00bb. (Fragmento:LaNaci\u00f3n.com)<\/em><\/p>\n<p style=\"text-align: justify;\">A esta presentaci\u00f3n realizada por la periodista Mar\u00eda Laura Santill\u00e1n hay que agregarle que la co conductora de Telenoche mencion\u00f3 las ganas de contarles m\u00e1s al p\u00fablico, pero, no pod\u00eda dado que Santo se enojar\u00eda.<\/p>\n<p style=\"text-align: justify;\">Carolina Fal y Santo Biasatti hace varios a\u00f1os son pareja.<\/p>\n","protected":false},"excerpt":{"rendered":"<p>Diversos sitios de internet desde media tarde comenzaron a dar la noticia. La mercedina Carolina Fal y el conductor del &#8230; <a title=\"Carolina Fal fue mam\u00e1: nacio Sof\u00eda hija que esperaba junto a Santo Biasatti\" class=\"read-more\" href=\"https:\/\/www.hoymercedes.com.ar\/principal\/2011\/02\/24\/carolina-fal-fue-mama-nacio-sofia-hija-que-esperaba-junto-a-santo-biasatti\/\" aria-label=\"Leer m\u00e1s sobre Carolina Fal fue mam\u00e1: nacio Sof\u00eda hija que esperaba junto a Santo Biasatti\">Leer m\u00e1s<\/a><\/p>\n","protected":false},"author":1,"featured_media":0,"comment_status":"open","ping_status":"open","sticky":false,"template":"","format":"standard","meta":{"_monsterinsights_skip_tracking":false,"_monsterinsights_sitenote_active":false,"_monsterinsights_sitenote_note":"","_monsterinsights_sitenote_category":0,"jetpack_post_was_ever_published":false,"_jetpack_newsletter_access":"","_jetpack_dont_email_post_to_subs":false,"_jetpack_newsletter_tier_id":0,"_jetpack_memberships_contains_paywalled_content":false,"_jetpack_memberships_contains_paid_content":false,"footnotes":"","jetpack_publicize_message":"","jetpack_publicize_feature_enabled":true,"jetpack_social_post_already_shared":false,"jetpack_social_options":{"image_generator_settings":{"template":"highway","default_image_id":0,"font":"","enabled":false},"version":2},"_wpas_customize_per_network":false},"categories":[8],"tags":[247,248],"class_list":["post-2371","post","type-post","status-publish","format-standard","hentry","category-sociedad","tag-carolina-fal","tag-santo-biasatti","generate-columns","tablet-grid-50","mobile-grid-100","grid-parent","grid-50"],"jetpack_publicize_connections":[],"jetpack_featured_media_url":"","wps_subtitle":"","jetpack_sharing_enabled":true,"_links":{"self":[{"href":"https:\/\/www.hoymercedes.com.ar\/principal\/wp-json\/wp\/v2\/posts\/2371","targetHints":{"allow":["GET"]}}],"collection":[{"href":"https:\/\/www.hoymercedes.com.ar\/principal\/wp-json\/wp\/v2\/posts"}],"about":[{"href":"https:\/\/www.hoymercedes.com.ar\/principal\/wp-json\/wp\/v2\/types\/post"}],"author":[{"embeddable":true,"href":"https:\/\/www.hoymercedes.com.ar\/principal\/wp-json\/wp\/v2\/users\/1"}],"replies":[{"embeddable":true,"href":"https:\/\/www.hoymercedes.com.ar\/principal\/wp-json\/wp\/v2\/comments?post=2371"}],"version-history":[{"count":0,"href":"https:\/\/www.hoymercedes.com.ar\/principal\/wp-json\/wp\/v2\/posts\/2371\/revisions"}],"wp:attachment":[{"href":"https:\/\/www.hoymercedes.com.ar\/principal\/wp-json\/wp\/v2\/media?parent=2371"}],"wp:term":[{"taxonomy":"category","embeddable":true,"href":"https:\/\/www.hoymercedes.com.ar\/principal\/wp-json\/wp\/v2\/categories?post=2371"},{"taxonomy":"post_tag","embeddable":true,"href":"https:\/\/www.hoymercedes.com.ar\/principal\/wp-json\/wp\/v2\/tags?post=2371"}],"curies":[{"name":"wp","href":"https:\/\/api.w.org\/{rel}","templated":true}]}}