{"id":23752,"date":"2013-07-17T00:08:25","date_gmt":"2013-07-17T00:08:25","guid":{"rendered":"http:\/\/www.hoymercedes.com.ar\/principal\/?p=23752"},"modified":"2013-07-17T00:08:25","modified_gmt":"2013-07-17T00:08:25","slug":"fmpv-y-productores-de-seguro-buscan-crear-proteccion-contra-industria-del-juicio","status":"publish","type":"post","link":"https:\/\/www.hoymercedes.com.ar\/principal\/2013\/07\/17\/fmpv-y-productores-de-seguro-buscan-crear-proteccion-contra-industria-del-juicio\/","title":{"rendered":"FMPV y Productores de Seguro buscan crear protecci\u00f3n contra \u00abindustria del juicio\u00bb"},"content":{"rendered":"<p><a href=\"https:\/\/www.hoymercedes.com.ar\/principal\/wp-content\/uploads\/2013\/07\/productoresseguros-fmpv.jpg\"><img loading=\"lazy\" decoding=\"async\" data-attachment-id=\"23754\" data-permalink=\"https:\/\/www.hoymercedes.com.ar\/principal\/2013\/07\/17\/fmpv-y-productores-de-seguro-buscan-crear-proteccion-contra-industria-del-juicio\/productoresseguros-fmpv\/#main\" data-orig-file=\"https:\/\/www.hoymercedes.com.ar\/principal\/wp-content\/uploads\/2013\/07\/productoresseguros-fmpv.jpg\" data-orig-size=\"620,458\" data-comments-opened=\"1\" data-image-meta=\"{&quot;aperture&quot;:&quot;0&quot;,&quot;credit&quot;:&quot;&quot;,&quot;camera&quot;:&quot;&quot;,&quot;caption&quot;:&quot;&quot;,&quot;created_timestamp&quot;:&quot;0&quot;,&quot;copyright&quot;:&quot;&quot;,&quot;focal_length&quot;:&quot;0&quot;,&quot;iso&quot;:&quot;0&quot;,&quot;shutter_speed&quot;:&quot;0&quot;,&quot;title&quot;:&quot;&quot;}\" data-image-title=\"productoresseguros-fmpv\" data-image-description=\"\" data-image-caption=\"\" data-large-file=\"https:\/\/www.hoymercedes.com.ar\/principal\/wp-content\/uploads\/2013\/07\/productoresseguros-fmpv.jpg\" class=\"aligncenter size-full wp-image-23754\" alt=\"productoresseguros-fmpv\" src=\"https:\/\/www.hoymercedes.com.ar\/principal\/wp-content\/uploads\/2013\/07\/productoresseguros-fmpv.jpg\" width=\"620\" height=\"458\" \/><\/a><\/p>\n<p><em><strong>La noticia se conoce por medio del Frente Mercedino. Se trata de un proyecto que buscar\u00eda impedir acciones fraudulentas vinculadas a la \u00bb\u00a0judicializaci\u00f3n de los accidentes y, con ello, abaratar el costo de las p\u00f3lizas de seguro\u00bb, afirmaron desde el Frente<\/strong><\/em><\/p>\n<p>La propuesta surgi\u00f3\u00a0el viernes, en una reuni\u00f3n impulsada por Ustarroz con representantes de la Superintendencia de Seguros de la Naci\u00f3n en el quinto piso del Hotel Mercedes a la que asistieron varios empresarios del \u00e1rea de la ciudad.<\/p>\n<p><em>\u201cEn principio, lo que nos interesaba era que los productores de seguros de Mercedes tuvieran acceso directo a los ejes de capacitaci\u00f3n en los que trabaja la Superintendencia. Hay muchas herramientas disponibles que pueden resultar muy interesantes y \u00fatiles; y adem\u00e1s quer\u00edamos empezar a producir un intercambio directo para facilitar el acceso a las soluciones de las distintas problem\u00e1ticas que exhibe el sector ac\u00e1\u201d<\/em>, cont\u00f3\u00a0Ustarroz.<\/p>\n<p>Y agreg\u00f3:\u00a0<em>\u201cFue en ese ida y vuelta donde surgi\u00f3\u00a0el tema de trabajar sobre un proyecto que permita desbaratar la llamada \u2018industria del juicio\u2019\u00a0en algunos accidentes viales. Mercedes tiene una particularidad: un alt\u00edsimo \u00edndice de litigiosidad indebida en casos de siniestro, y eso provoca que las p\u00f3lizas de seguro sean m\u00e1s caras que en otras ciudades\u201d.<\/em><\/p>\n<p><em>\u201cEn el proyecto es necesario articular a todos los actores: abogados, hospital, municipio, polic\u00eda, usuarios y productores \u2013continu\u00f3\u00a0 Ustarroz-, de modo que sea posible impedir las maniobras fraudulentas en estos casos. Si logramos bajar esos \u00edndices de litigios indebidos, los productores podr\u00e1n ir abaratando el costo del seguro, que en definitiva es lo que buscamos: un beneficio para todos los vecinos de Mercedes\u201d.<\/em><\/p>\n<p>Es que, seg\u00fan el referente del Frente Mercedino, <em>\u201cen esta \u2018industria del juicio\u2019 se van recursos del Estado que podr\u00edan destinarse a cuestiones m\u00e1s urgentes. Lo termina pagando el ciudadano. Sabemos que es una batalla de alguna forma cultural, porque es una pr\u00e1ctica nociva y fraudulenta que est\u00e1 muy instalada. Pero nuestro proyecto se sostiene sobre bases firmes y vamos a ir avanzando con todos los sectores\u201d.<\/em><\/p>\n<p>Por su parte Gast\u00f3n Mart\u00ednez, integrante de la Gerencia de Autorizaciones y Registros de la SSN, calific\u00f3\u00a0como \u201cmuy interesante\u201d\u00a0 la propuesta de organizar foros a trav\u00e9s de las C\u00e1maras en las distintas regiones de la provincia de Buenos Aires.<\/p>\n<p>\u201c<em>Estamos muy conformes con lo que fue la convocatoria a esta reuni\u00f3n en Mercedes, que fue una idea de \u2018Juani\u2019 Ustarroz. Es una propuesta muy interesante porque lo que queremos es acercarnos a los productores y escuchar qu\u00e9 necesitan, qu\u00e9 proyectos sostienen, lo que perciben en el sector y nos pueden manifestar\u201d<\/em> indic\u00f3 Mart\u00ednez.<\/p>\n<p><em>\u201cTenemos la preocupaci\u00f3n de hacer pie en lugares a los que la Superintendencia no concurr\u00eda, descentralizar lo que es la atenci\u00f3n y llevarla a todos lados \u2013cerr\u00f3- Porque es en este intercambio desde donde surgen pol\u00edticas que se pueden aplicar en el sector\u201d.<\/em><\/p>\n<p><span style=\"color: #888888;\">Fuente: FMPV<\/span><\/p>\n","protected":false},"excerpt":{"rendered":"<p>La noticia se conoce por medio del Frente Mercedino. Se trata de un proyecto que buscar\u00eda impedir acciones fraudulentas vinculadas &#8230; <a title=\"FMPV y Productores de Seguro buscan crear protecci\u00f3n contra \u00abindustria del juicio\u00bb\" class=\"read-more\" href=\"https:\/\/www.hoymercedes.com.ar\/principal\/2013\/07\/17\/fmpv-y-productores-de-seguro-buscan-crear-proteccion-contra-industria-del-juicio\/\" aria-label=\"Leer m\u00e1s sobre FMPV y Productores de Seguro buscan crear protecci\u00f3n contra \u00abindustria del juicio\u00bb\">Leer m\u00e1s<\/a><\/p>\n","protected":false},"author":1,"featured_media":0,"comment_status":"open","ping_status":"open","sticky":false,"template":"","format":"standard","meta":{"_monsterinsights_skip_tracking":false,"_monsterinsights_sitenote_active":false,"_monsterinsights_sitenote_note":"","_monsterinsights_sitenote_category":0,"jetpack_post_was_ever_published":false,"_jetpack_newsletter_access":"","_jetpack_dont_email_post_to_subs":false,"_jetpack_newsletter_tier_id":0,"_jetpack_memberships_contains_paywalled_content":false,"_jetpack_memberships_contains_paid_content":false,"footnotes":"","jetpack_publicize_message":"","jetpack_publicize_feature_enabled":true,"jetpack_social_post_already_shared":true,"jetpack_social_options":{"image_generator_settings":{"template":"highway","default_image_id":0,"font":"","enabled":false},"version":2},"_wpas_customize_per_network":false},"categories":[5],"tags":[1007],"class_list":["post-23752","post","type-post","status-publish","format-standard","hentry","category-politica","tag-frente-mercedino","generate-columns","tablet-grid-50","mobile-grid-100","grid-parent","grid-50"],"jetpack_publicize_connections":[],"jetpack_featured_media_url":"","wps_subtitle":"","jetpack_sharing_enabled":true,"_links":{"self":[{"href":"https:\/\/www.hoymercedes.com.ar\/principal\/wp-json\/wp\/v2\/posts\/23752","targetHints":{"allow":["GET"]}}],"collection":[{"href":"https:\/\/www.hoymercedes.com.ar\/principal\/wp-json\/wp\/v2\/posts"}],"about":[{"href":"https:\/\/www.hoymercedes.com.ar\/principal\/wp-json\/wp\/v2\/types\/post"}],"author":[{"embeddable":true,"href":"https:\/\/www.hoymercedes.com.ar\/principal\/wp-json\/wp\/v2\/users\/1"}],"replies":[{"embeddable":true,"href":"https:\/\/www.hoymercedes.com.ar\/principal\/wp-json\/wp\/v2\/comments?post=23752"}],"version-history":[{"count":0,"href":"https:\/\/www.hoymercedes.com.ar\/principal\/wp-json\/wp\/v2\/posts\/23752\/revisions"}],"wp:attachment":[{"href":"https:\/\/www.hoymercedes.com.ar\/principal\/wp-json\/wp\/v2\/media?parent=23752"}],"wp:term":[{"taxonomy":"category","embeddable":true,"href":"https:\/\/www.hoymercedes.com.ar\/principal\/wp-json\/wp\/v2\/categories?post=23752"},{"taxonomy":"post_tag","embeddable":true,"href":"https:\/\/www.hoymercedes.com.ar\/principal\/wp-json\/wp\/v2\/tags?post=23752"}],"curies":[{"name":"wp","href":"https:\/\/api.w.org\/{rel}","templated":true}]}}