{"id":23757,"date":"2013-07-17T00:19:50","date_gmt":"2013-07-17T00:19:50","guid":{"rendered":"http:\/\/www.hoymercedes.com.ar\/principal\/?p=23757"},"modified":"2013-07-17T00:28:53","modified_gmt":"2013-07-17T00:28:53","slug":"almafuerte-bozzini-continua-recorriendo-los-barrios-mercedinos","status":"publish","type":"post","link":"https:\/\/www.hoymercedes.com.ar\/principal\/2013\/07\/17\/almafuerte-bozzini-continua-recorriendo-los-barrios-mercedinos\/","title":{"rendered":"Almafuerte: Bozzini contin\u00faa recorriendo los barrios mercedinos"},"content":{"rendered":"<p><a href=\"https:\/\/www.hoymercedes.com.ar\/principal\/wp-content\/uploads\/2013\/07\/bozzinialmafuerte.jpg\"><img loading=\"lazy\" decoding=\"async\" data-attachment-id=\"23759\" data-permalink=\"https:\/\/www.hoymercedes.com.ar\/principal\/2013\/07\/17\/almafuerte-bozzini-continua-recorriendo-los-barrios-mercedinos\/bozzinialmafuerte\/#main\" data-orig-file=\"https:\/\/www.hoymercedes.com.ar\/principal\/wp-content\/uploads\/2013\/07\/bozzinialmafuerte.jpg\" data-orig-size=\"620,268\" data-comments-opened=\"1\" data-image-meta=\"{&quot;aperture&quot;:&quot;7.1&quot;,&quot;credit&quot;:&quot;&quot;,&quot;camera&quot;:&quot;NIKON D3100&quot;,&quot;caption&quot;:&quot;&quot;,&quot;created_timestamp&quot;:&quot;1373666545&quot;,&quot;copyright&quot;:&quot;&quot;,&quot;focal_length&quot;:&quot;32&quot;,&quot;iso&quot;:&quot;100&quot;,&quot;shutter_speed&quot;:&quot;0.005&quot;,&quot;title&quot;:&quot;&quot;}\" data-image-title=\"bozzinialmafuerte\" data-image-description=\"\" data-image-caption=\"\" data-large-file=\"https:\/\/www.hoymercedes.com.ar\/principal\/wp-content\/uploads\/2013\/07\/bozzinialmafuerte.jpg\" class=\"aligncenter size-full wp-image-23759\" alt=\"bozzinialmafuerte\" src=\"https:\/\/www.hoymercedes.com.ar\/principal\/wp-content\/uploads\/2013\/07\/bozzinialmafuerte.jpg\" width=\"620\" height=\"268\" \/><\/a><\/p>\n<p>&nbsp;<\/p>\n<p><em><strong>Los candidatos del Frente Renovador Mercedes, encabezados por Ricardo Bozzini, recorrieron el barrio Almafuerte y recibieron el apoyo de los vecinos en esta campa\u00f1a electoral que los depositar\u00e1 de lleno en las Primarias del 11 de agosto.<\/strong><\/em><\/p>\n<p>Bozzini, Sabrina Selva, Juan Navarro, Cacho Colotta, Agust\u00edn Lasala, Alicia Arce y la candidata a consejera escolar Yanina Oviedo caminaron y charlaron junto con los vecinos del barrio Almafuerte, una comunidad populosa de la ciudad. Tambi\u00e9n estuvieron acompa\u00f1ados por los actuales concejales Carlos Milhomme y Arnaldo M\u00e9ndez, quienes aportan su experiencia en esta campa\u00f1a.<\/p>\n<p>Fueron casa por casa y charlaron con los vecinos sobre diferentes problem\u00e1ticas, pero tambi\u00e9n hicieron hincapi\u00e9 en varias obras que ha llevado adelante la gesti\u00f3n del intendente Carlos Selva en esta zona de la ciudad. \u201cVenimos en nombre del oficialismo y del intendente Selva y convencidos de las cosas que se han hecho. Es un barrio que tiene mejoramiento de calles, un SUM a punto de ser inaugurado y una notable limpieza. Esto tambi\u00e9n se debe al compromiso que tiene la sociedad de fomento con los vecinos y su mancomuni\u00f3n con el trabajo municipal\u201d, sostuvo el candidato Ricardo Bozzini, quien encabeza la lista 504 que tiene a Sergio Massa como candidato a diputado nacional.<\/p>\n<p><a href=\"https:\/\/www.hoymercedes.com.ar\/principal\/wp-content\/uploads\/2013\/07\/bozzinialmafuerte21.jpg\"><img loading=\"lazy\" decoding=\"async\" data-attachment-id=\"23763\" data-permalink=\"https:\/\/www.hoymercedes.com.ar\/principal\/2013\/07\/17\/almafuerte-bozzini-continua-recorriendo-los-barrios-mercedinos\/bozzinialmafuerte2-2\/#main\" data-orig-file=\"https:\/\/www.hoymercedes.com.ar\/principal\/wp-content\/uploads\/2013\/07\/bozzinialmafuerte21.jpg\" data-orig-size=\"620,275\" data-comments-opened=\"1\" data-image-meta=\"{&quot;aperture&quot;:&quot;7.1&quot;,&quot;credit&quot;:&quot;&quot;,&quot;camera&quot;:&quot;NIKON D3100&quot;,&quot;caption&quot;:&quot;&quot;,&quot;created_timestamp&quot;:&quot;1373667903&quot;,&quot;copyright&quot;:&quot;&quot;,&quot;focal_length&quot;:&quot;30&quot;,&quot;iso&quot;:&quot;100&quot;,&quot;shutter_speed&quot;:&quot;0.005&quot;,&quot;title&quot;:&quot;&quot;}\" data-image-title=\"bozzinialmafuerte2\" data-image-description=\"\" data-image-caption=\"\" data-large-file=\"https:\/\/www.hoymercedes.com.ar\/principal\/wp-content\/uploads\/2013\/07\/bozzinialmafuerte21.jpg\" class=\"aligncenter size-full wp-image-23763\" alt=\"bozzinialmafuerte2\" src=\"https:\/\/www.hoymercedes.com.ar\/principal\/wp-content\/uploads\/2013\/07\/bozzinialmafuerte21.jpg\" width=\"620\" height=\"275\" srcset=\"https:\/\/www.hoymercedes.com.ar\/principal\/wp-content\/uploads\/2013\/07\/bozzinialmafuerte21.jpg 620w, https:\/\/www.hoymercedes.com.ar\/principal\/wp-content\/uploads\/2013\/07\/bozzinialmafuerte21-300x133.jpg 300w\" sizes=\"auto, (max-width: 620px) 100vw, 620px\" \/><\/a><\/p>\n<p>Juna Navarro fue otro que estuvo recorriendo la barriada y se encontr\u00f3 sorprendido por la respuesta de la gente. \u201cLa gente est\u00e1 interesada en la propuesta de Massa y charla con nosotros sobre cuestiones conceptuales como la continuidad de la asignaci\u00f3n universal por hijo, la inclusi\u00f3n jubilatoria y dem\u00e1s. Pero tambi\u00e9n les contamos que hay proyectos para combatir la inflaci\u00f3n y para que el salario del trabajador rinda mucho m\u00e1s\u201d, dijo el candidato en cuarto t\u00e9rmino al Concejo Deliberante.<\/p>\n<p>La militancia y los candidatos de la lista 504 que tiene a Massa como referente nacional y a Selva como local est\u00e1n convencidos de una sola cosa: que Ricardo Bozzini ser\u00e1 el gran triunfador en la noche del 11 de agosto.<\/p>\n<p><span style=\"color: #888888;\">Fuente: Frente Renovador<\/span><\/p>\n","protected":false},"excerpt":{"rendered":"<p>&nbsp; Los candidatos del Frente Renovador Mercedes, encabezados por Ricardo Bozzini, recorrieron el barrio Almafuerte y recibieron el apoyo de &#8230; <a title=\"Almafuerte: Bozzini contin\u00faa recorriendo los barrios mercedinos\" class=\"read-more\" href=\"https:\/\/www.hoymercedes.com.ar\/principal\/2013\/07\/17\/almafuerte-bozzini-continua-recorriendo-los-barrios-mercedinos\/\" aria-label=\"Leer m\u00e1s sobre Almafuerte: Bozzini contin\u00faa recorriendo los barrios mercedinos\">Leer m\u00e1s<\/a><\/p>\n","protected":false},"author":1,"featured_media":0,"comment_status":"open","ping_status":"open","sticky":false,"template":"","format":"standard","meta":{"_monsterinsights_skip_tracking":false,"_monsterinsights_sitenote_active":false,"_monsterinsights_sitenote_note":"","_monsterinsights_sitenote_category":0,"jetpack_post_was_ever_published":false,"_jetpack_newsletter_access":"","_jetpack_dont_email_post_to_subs":false,"_jetpack_newsletter_tier_id":0,"_jetpack_memberships_contains_paywalled_content":false,"_jetpack_memberships_contains_paid_content":false,"footnotes":"","jetpack_publicize_message":"","jetpack_publicize_feature_enabled":true,"jetpack_social_post_already_shared":true,"jetpack_social_options":{"image_generator_settings":{"template":"highway","default_image_id":0,"font":"","enabled":false},"version":2},"_wpas_customize_per_network":false},"categories":[5],"tags":[3648],"class_list":["post-23757","post","type-post","status-publish","format-standard","hentry","category-politica","tag-ricardo-bozzini","generate-columns","tablet-grid-50","mobile-grid-100","grid-parent","grid-50"],"jetpack_publicize_connections":[],"jetpack_featured_media_url":"","wps_subtitle":"","jetpack_sharing_enabled":true,"_links":{"self":[{"href":"https:\/\/www.hoymercedes.com.ar\/principal\/wp-json\/wp\/v2\/posts\/23757","targetHints":{"allow":["GET"]}}],"collection":[{"href":"https:\/\/www.hoymercedes.com.ar\/principal\/wp-json\/wp\/v2\/posts"}],"about":[{"href":"https:\/\/www.hoymercedes.com.ar\/principal\/wp-json\/wp\/v2\/types\/post"}],"author":[{"embeddable":true,"href":"https:\/\/www.hoymercedes.com.ar\/principal\/wp-json\/wp\/v2\/users\/1"}],"replies":[{"embeddable":true,"href":"https:\/\/www.hoymercedes.com.ar\/principal\/wp-json\/wp\/v2\/comments?post=23757"}],"version-history":[{"count":0,"href":"https:\/\/www.hoymercedes.com.ar\/principal\/wp-json\/wp\/v2\/posts\/23757\/revisions"}],"wp:attachment":[{"href":"https:\/\/www.hoymercedes.com.ar\/principal\/wp-json\/wp\/v2\/media?parent=23757"}],"wp:term":[{"taxonomy":"category","embeddable":true,"href":"https:\/\/www.hoymercedes.com.ar\/principal\/wp-json\/wp\/v2\/categories?post=23757"},{"taxonomy":"post_tag","embeddable":true,"href":"https:\/\/www.hoymercedes.com.ar\/principal\/wp-json\/wp\/v2\/tags?post=23757"}],"curies":[{"name":"wp","href":"https:\/\/api.w.org\/{rel}","templated":true}]}}