{"id":23802,"date":"2013-07-18T02:00:21","date_gmt":"2013-07-18T02:00:21","guid":{"rendered":"http:\/\/www.hoymercedes.com.ar\/principal\/?p=23802"},"modified":"2013-07-18T02:00:21","modified_gmt":"2013-07-18T02:00:21","slug":"chicos-del-esperanza-recibieron-certificado-por-curso-de-natacion","status":"publish","type":"post","link":"https:\/\/www.hoymercedes.com.ar\/principal\/2013\/07\/18\/chicos-del-esperanza-recibieron-certificado-por-curso-de-natacion\/","title":{"rendered":"Chicos del \u00abEsperanza\u00bb recibieron certificado por curso de nataci\u00f3n"},"content":{"rendered":"<figure id=\"attachment_23803\" aria-describedby=\"caption-attachment-23803\" style=\"width: 610px\" class=\"wp-caption aligncenter\"><a href=\"https:\/\/www.hoymercedes.com.ar\/principal\/wp-content\/uploads\/2013\/07\/esperanzafmpvcertificados.jpg\"><img loading=\"lazy\" decoding=\"async\" data-attachment-id=\"23803\" data-permalink=\"https:\/\/www.hoymercedes.com.ar\/principal\/2013\/07\/18\/chicos-del-esperanza-recibieron-certificado-por-curso-de-natacion\/esperanzafmpvcertificados\/#main\" data-orig-file=\"https:\/\/www.hoymercedes.com.ar\/principal\/wp-content\/uploads\/2013\/07\/esperanzafmpvcertificados.jpg\" data-orig-size=\"620,251\" data-comments-opened=\"1\" data-image-meta=\"{&quot;aperture&quot;:&quot;13&quot;,&quot;credit&quot;:&quot;&quot;,&quot;camera&quot;:&quot;Canon EOS REBEL T3i&quot;,&quot;caption&quot;:&quot;&quot;,&quot;created_timestamp&quot;:&quot;1373721707&quot;,&quot;copyright&quot;:&quot;&quot;,&quot;focal_length&quot;:&quot;20&quot;,&quot;iso&quot;:&quot;400&quot;,&quot;shutter_speed&quot;:&quot;0.005&quot;,&quot;title&quot;:&quot;&quot;}\" data-image-title=\"esperanzafmpvcertificados\" data-image-description=\"\" data-image-caption=\"&lt;p&gt;Certificados por curso de nataci\u00f3n&lt;\/p&gt;\n\" data-large-file=\"https:\/\/www.hoymercedes.com.ar\/principal\/wp-content\/uploads\/2013\/07\/esperanzafmpvcertificados.jpg\" class=\"size-full wp-image-23803\" alt=\"Certificados por curso de nataci\u00f3n\" src=\"https:\/\/www.hoymercedes.com.ar\/principal\/wp-content\/uploads\/2013\/07\/esperanzafmpvcertificados.jpg\" width=\"620\" height=\"251\" \/><\/a><figcaption id=\"caption-attachment-23803\" class=\"wp-caption-text\">Certificados por curso de nataci\u00f3n<\/figcaption><\/figure>\n<p><em><strong>Los m\u00e1s j\u00f3venes del Barrio Esperanza recibieron un certificado por el curso de nataci\u00f3n que llevaron adelante desde hace un tiempo a partir de la acci\u00f3n desplegada por la Comisi\u00f3n de Deportes del Frente Mercedino para la Victoria. La actividad se desarroll\u00f3 en la pileta de la Liga de Padres de Familia.<\/strong><\/em><\/p>\n<p>Desde el Frente afirmaron que: <em>\u00abEl programa consiste en llevar a los chicos de los distintos barrios a clases de nataci\u00f3n en la \u2018pile\u2019 climatizada de la Liga de Padres. Los primeros fueron los pibes del Esperanza, que tomaron parte de cuatro clases a cargo de los profesores Fabi\u00e1n Brandoni, Ricardo Arce y Mariana Saboredo. El s\u00e1bado, con los coordinadores de la actividad y la referente del barrio Graciela Genonni, se hizo entrega de los certificados de asistencia.\u00bb <\/em>remarcando que:<em>\u00a0<\/em>\u201cEste es un proyecto inclusivo para que los ni\u00f1os aprendan a desenvolverse en un medio no tan natural como es el acu\u00e1tico. Buscamos que los chicos puedan flotar y desplazarse, con todos los beneficios que ofrece la pr\u00e1ctica de la nataci\u00f3n\u201d, explic\u00f3 oportunamente Brandoni, de la comisi\u00f3n de Deportes de la agrupaci\u00f3n que lleva como primer precandidato a concejal para las elecciones de este a\u00f1o al doctor Juan Ignacio Ustarroz.<\/p>\n<p>\u201cAdem\u00e1s, es un aprendizaje para aplicar, si resulta necesario, en situaciones cr\u00edticas o de supervivencia\u201d, agreg\u00f3.<\/p>\n<p>El cronograma de actividades en la pileta de la Liga de Padres de Familia comenz\u00f3\u00a0con un contingente de chicos del barrio Esperanza. <em>\u201cEl equipo de profesores y los referentes barriales del Frente Mercedino para la Victoria no tenemos m\u00e1s que palabras de agradecimiento tanto para la Liga como para los padres que conf\u00edan en nosotros. Y nos pone muy orgullosos ofrecerles a sus hijos esta posibilidad de aprender a nadar, que\u00a0 tambi\u00e9n es un derecho que tienen y tenemos todos\u201d<\/em>, agreg\u00f3 Brandoni.<\/p>\n<p>El programa, que se completa con un exhaustivo control sanitario a los pibes, seguir\u00e1 con otros contigentes del Esperanza hasta noviembre para luego extenderse a otros barrios..<\/p>\n<p>Seg\u00fan explic\u00f3\u00a0oportunamente el presidente de la Liga de Padres de Familia -Ateneo de la Juventud Mercedina-, Javier Laresca, el uso del natatorio no forma parte de un convenio sino que se acord\u00f3 en una charla con Ustarroz. <em>\u201cLa instituci\u00f3n tiene por objeto favorecer la actividad deportiva y le explicamos (a Ustarroz) que si necesitaban horas de pileta pod\u00edan contratarlas con el concesionario, Sebasti\u00e1n Adorno, con la condici\u00f3n de limitarse dentro del predio solo a la actividad deportiva. As\u00ed lo han hecho hasta el momento\u201d<\/em>, dijo.<\/p>\n<p><span style=\"color: #888888;\">Fuente: Frente Mercedina<\/span><\/p>\n","protected":false},"excerpt":{"rendered":"<p>Los m\u00e1s j\u00f3venes del Barrio Esperanza recibieron un certificado por el curso de nataci\u00f3n que llevaron adelante desde hace un &#8230; <a title=\"Chicos del \u00abEsperanza\u00bb recibieron certificado por curso de nataci\u00f3n\" class=\"read-more\" href=\"https:\/\/www.hoymercedes.com.ar\/principal\/2013\/07\/18\/chicos-del-esperanza-recibieron-certificado-por-curso-de-natacion\/\" aria-label=\"Leer m\u00e1s sobre Chicos del \u00abEsperanza\u00bb recibieron certificado por curso de nataci\u00f3n\">Leer m\u00e1s<\/a><\/p>\n","protected":false},"author":1,"featured_media":0,"comment_status":"open","ping_status":"open","sticky":false,"template":"","format":"standard","meta":{"_monsterinsights_skip_tracking":false,"_monsterinsights_sitenote_active":false,"_monsterinsights_sitenote_note":"","_monsterinsights_sitenote_category":0,"jetpack_post_was_ever_published":false,"_jetpack_newsletter_access":"","_jetpack_dont_email_post_to_subs":false,"_jetpack_newsletter_tier_id":0,"_jetpack_memberships_contains_paywalled_content":false,"_jetpack_memberships_contains_paid_content":false,"footnotes":"","jetpack_publicize_message":"","jetpack_publicize_feature_enabled":true,"jetpack_social_post_already_shared":true,"jetpack_social_options":{"image_generator_settings":{"template":"highway","default_image_id":0,"font":"","enabled":false},"version":2},"_wpas_customize_per_network":false},"categories":[5],"tags":[927,1007,585],"class_list":["post-23802","post","type-post","status-publish","format-standard","hentry","category-politica","tag-barrio-esperanza-mercedes","tag-frente-mercedino","tag-juan-ustarroz","generate-columns","tablet-grid-50","mobile-grid-100","grid-parent","grid-50"],"jetpack_publicize_connections":[],"jetpack_featured_media_url":"","wps_subtitle":"","jetpack_sharing_enabled":true,"_links":{"self":[{"href":"https:\/\/www.hoymercedes.com.ar\/principal\/wp-json\/wp\/v2\/posts\/23802","targetHints":{"allow":["GET"]}}],"collection":[{"href":"https:\/\/www.hoymercedes.com.ar\/principal\/wp-json\/wp\/v2\/posts"}],"about":[{"href":"https:\/\/www.hoymercedes.com.ar\/principal\/wp-json\/wp\/v2\/types\/post"}],"author":[{"embeddable":true,"href":"https:\/\/www.hoymercedes.com.ar\/principal\/wp-json\/wp\/v2\/users\/1"}],"replies":[{"embeddable":true,"href":"https:\/\/www.hoymercedes.com.ar\/principal\/wp-json\/wp\/v2\/comments?post=23802"}],"version-history":[{"count":0,"href":"https:\/\/www.hoymercedes.com.ar\/principal\/wp-json\/wp\/v2\/posts\/23802\/revisions"}],"wp:attachment":[{"href":"https:\/\/www.hoymercedes.com.ar\/principal\/wp-json\/wp\/v2\/media?parent=23802"}],"wp:term":[{"taxonomy":"category","embeddable":true,"href":"https:\/\/www.hoymercedes.com.ar\/principal\/wp-json\/wp\/v2\/categories?post=23802"},{"taxonomy":"post_tag","embeddable":true,"href":"https:\/\/www.hoymercedes.com.ar\/principal\/wp-json\/wp\/v2\/tags?post=23802"}],"curies":[{"name":"wp","href":"https:\/\/api.w.org\/{rel}","templated":true}]}}