{"id":23805,"date":"2013-07-18T02:14:48","date_gmt":"2013-07-18T02:14:48","guid":{"rendered":"http:\/\/www.hoymercedes.com.ar\/principal\/?p=23805"},"modified":"2013-07-18T02:14:48","modified_gmt":"2013-07-18T02:14:48","slug":"selva-y-los-principales-pre-candidatos-en-barrio-san-francisco","status":"publish","type":"post","link":"https:\/\/www.hoymercedes.com.ar\/principal\/2013\/07\/18\/selva-y-los-principales-pre-candidatos-en-barrio-san-francisco\/","title":{"rendered":"Selva y los principales pre candidatos en Barrio San Francisco"},"content":{"rendered":"<p><a href=\"https:\/\/www.hoymercedes.com.ar\/principal\/wp-content\/uploads\/2013\/07\/selvabozzinisanfran.jpg\"><img loading=\"lazy\" decoding=\"async\" data-attachment-id=\"23807\" data-permalink=\"https:\/\/www.hoymercedes.com.ar\/principal\/2013\/07\/18\/selva-y-los-principales-pre-candidatos-en-barrio-san-francisco\/selvabozzinisanfran\/#main\" data-orig-file=\"https:\/\/www.hoymercedes.com.ar\/principal\/wp-content\/uploads\/2013\/07\/selvabozzinisanfran.jpg\" data-orig-size=\"620,301\" data-comments-opened=\"1\" data-image-meta=\"{&quot;aperture&quot;:&quot;3.5&quot;,&quot;credit&quot;:&quot;&quot;,&quot;camera&quot;:&quot;NIKON D3100&quot;,&quot;caption&quot;:&quot;&quot;,&quot;created_timestamp&quot;:&quot;1373764138&quot;,&quot;copyright&quot;:&quot;&quot;,&quot;focal_length&quot;:&quot;18&quot;,&quot;iso&quot;:&quot;3200&quot;,&quot;shutter_speed&quot;:&quot;0.16666666666667&quot;,&quot;title&quot;:&quot;&quot;}\" data-image-title=\"selvabozzinisanfran\" data-image-description=\"\" data-image-caption=\"\" data-large-file=\"https:\/\/www.hoymercedes.com.ar\/principal\/wp-content\/uploads\/2013\/07\/selvabozzinisanfran.jpg\" class=\"aligncenter size-full wp-image-23807\" alt=\"selvabozzinisanfran\" src=\"https:\/\/www.hoymercedes.com.ar\/principal\/wp-content\/uploads\/2013\/07\/selvabozzinisanfran.jpg\" width=\"620\" height=\"301\" \/><\/a><\/p>\n<p><em><strong>Este mi\u00e9rcoles el barrio San Francisco recibi\u00f3 al intendente Carlos Selva y a los principales referentes de la Agrupaci\u00f3n 17 de Octubre que integran el Frente Renovador. Se trat\u00f3 de un acto y encuentro donde los pre candidatos al Concejo Deliberante y el Consejo Escolar tuvieron un rol importante.<\/strong><\/em><\/p>\n<p>El Frente Renovador estuvo estos d\u00edas recorriendo el barrio San Francisco y todo este trabajo de charla con los vecinos tuvo su cierre este mi\u00e9rcoles al caer la tarde cuando se reunieron con una importante asistencia en la plaza del barrio, ubicada en calles 112 y 9.<\/p>\n<p>All\u00ed se acercaron los vecinos y charlaron con Ricardo Bozzini, Juan Carlos Ben\u00edtez, Sabrina Selva, Juan Navarro y Cacho Colotta sobre la realidad del barrio. Tambi\u00e9n estuvo el intendente Carlos Selva, quien dialog\u00f3 e intercambi\u00f3 opiniones sobre trabajos para la zona manifestados por la barriada.<\/p>\n<p>El encuentro se inici\u00f3 con la presentaci\u00f3n de \u00abLa Senda\u00bb que con toda su m\u00fasica dio inicio a las actividades para luego escuchar la palabra de los principales pre candidatos, como Navarro, Selva, Colotta, Ben\u00edtez y Bozzini.<\/p>\n<p>Bozzini tambi\u00e9n dej\u00f3 en claro que<em> \u201ctiene muchas pilas cargadas y de las buenas y no me voy a poner la pilas de ning\u00fan otro\u201d.<\/em><\/p>\n<p>El cierre de la actividad estuvo a cargo de Carlos Selva, m\u00e1ximo referente local del Frente Renovador que lleva a Sergio Massa como referente nacional. El intendente tuvo un eje de discurso en la gesti\u00f3n, en la barriada concretamente y mencion\u00f3 que\u00a0\u00a0\u201c<em>la lista que estamos presentando tienen todas las cualidades necesarias para ser gobierno porque estamos preparando el futuro de la ciudad, la provincia y el pa\u00eds porque nadie es eterno en el lugar que ocupa\u201d.<\/em><\/p>\n<p>&nbsp;<\/p>\n","protected":false},"excerpt":{"rendered":"<p>Este mi\u00e9rcoles el barrio San Francisco recibi\u00f3 al intendente Carlos Selva y a los principales referentes de la Agrupaci\u00f3n 17 &#8230; <a title=\"Selva y los principales pre candidatos en Barrio San Francisco\" class=\"read-more\" href=\"https:\/\/www.hoymercedes.com.ar\/principal\/2013\/07\/18\/selva-y-los-principales-pre-candidatos-en-barrio-san-francisco\/\" aria-label=\"Leer m\u00e1s sobre Selva y los principales pre candidatos en Barrio San Francisco\">Leer m\u00e1s<\/a><\/p>\n","protected":false},"author":1,"featured_media":0,"comment_status":"open","ping_status":"open","sticky":false,"template":"","format":"standard","meta":{"_monsterinsights_skip_tracking":false,"_monsterinsights_sitenote_active":false,"_monsterinsights_sitenote_note":"","_monsterinsights_sitenote_category":0,"jetpack_post_was_ever_published":false,"_jetpack_newsletter_access":"","_jetpack_dont_email_post_to_subs":false,"_jetpack_newsletter_tier_id":0,"_jetpack_memberships_contains_paywalled_content":false,"_jetpack_memberships_contains_paid_content":false,"footnotes":"","jetpack_publicize_message":"","jetpack_publicize_feature_enabled":true,"jetpack_social_post_already_shared":true,"jetpack_social_options":{"image_generator_settings":{"template":"highway","default_image_id":0,"font":"","enabled":false},"version":2},"_wpas_customize_per_network":false},"categories":[5],"tags":[3663,39],"class_list":["post-23805","post","type-post","status-publish","format-standard","hentry","category-politica","tag-barrio-san-francisco","tag-carlos-selva","generate-columns","tablet-grid-50","mobile-grid-100","grid-parent","grid-50"],"jetpack_publicize_connections":[],"jetpack_featured_media_url":"","wps_subtitle":"","jetpack_sharing_enabled":true,"_links":{"self":[{"href":"https:\/\/www.hoymercedes.com.ar\/principal\/wp-json\/wp\/v2\/posts\/23805","targetHints":{"allow":["GET"]}}],"collection":[{"href":"https:\/\/www.hoymercedes.com.ar\/principal\/wp-json\/wp\/v2\/posts"}],"about":[{"href":"https:\/\/www.hoymercedes.com.ar\/principal\/wp-json\/wp\/v2\/types\/post"}],"author":[{"embeddable":true,"href":"https:\/\/www.hoymercedes.com.ar\/principal\/wp-json\/wp\/v2\/users\/1"}],"replies":[{"embeddable":true,"href":"https:\/\/www.hoymercedes.com.ar\/principal\/wp-json\/wp\/v2\/comments?post=23805"}],"version-history":[{"count":0,"href":"https:\/\/www.hoymercedes.com.ar\/principal\/wp-json\/wp\/v2\/posts\/23805\/revisions"}],"wp:attachment":[{"href":"https:\/\/www.hoymercedes.com.ar\/principal\/wp-json\/wp\/v2\/media?parent=23805"}],"wp:term":[{"taxonomy":"category","embeddable":true,"href":"https:\/\/www.hoymercedes.com.ar\/principal\/wp-json\/wp\/v2\/categories?post=23805"},{"taxonomy":"post_tag","embeddable":true,"href":"https:\/\/www.hoymercedes.com.ar\/principal\/wp-json\/wp\/v2\/tags?post=23805"}],"curies":[{"name":"wp","href":"https:\/\/api.w.org\/{rel}","templated":true}]}}