{"id":2383,"date":"2011-02-25T03:12:32","date_gmt":"2011-02-25T03:12:32","guid":{"rendered":"http:\/\/www.hoymercedes.com.ar\/principal\/?p=2383"},"modified":"2011-02-25T03:12:32","modified_gmt":"2011-02-25T03:12:32","slug":"pami-mercedes-se-produjo-el-relevo-de-carlos-calloni-como-jefe-de-la-agencia-local","status":"publish","type":"post","link":"https:\/\/www.hoymercedes.com.ar\/principal\/2011\/02\/25\/pami-mercedes-se-produjo-el-relevo-de-carlos-calloni-como-jefe-de-la-agencia-local\/","title":{"rendered":"PAMI Mercedes: Se produjo el relevo de Carlos Calloni como jefe de la agencia local"},"content":{"rendered":"<figure id=\"attachment_2385\" aria-describedby=\"caption-attachment-2385\" style=\"width: 290px\" class=\"wp-caption alignleft\"><a href=\"https:\/\/www.hoymercedes.com.ar\/principal\/wp-content\/uploads\/2011\/02\/pamimercedes.jpg\"><img loading=\"lazy\" decoding=\"async\" data-attachment-id=\"2385\" data-permalink=\"https:\/\/www.hoymercedes.com.ar\/principal\/2011\/02\/25\/pami-mercedes-se-produjo-el-relevo-de-carlos-calloni-como-jefe-de-la-agencia-local\/pamimercedes\/#main\" data-orig-file=\"https:\/\/www.hoymercedes.com.ar\/principal\/wp-content\/uploads\/2011\/02\/pamimercedes.jpg\" data-orig-size=\"300,225\" data-comments-opened=\"1\" data-image-meta=\"{&quot;aperture&quot;:&quot;2.8&quot;,&quot;credit&quot;:&quot;&quot;,&quot;camera&quot;:&quot;COOLPIX L10&quot;,&quot;caption&quot;:&quot;&quot;,&quot;created_timestamp&quot;:&quot;1298383187&quot;,&quot;copyright&quot;:&quot;Copyright 2006&quot;,&quot;focal_length&quot;:&quot;6.2&quot;,&quot;iso&quot;:&quot;400&quot;,&quot;shutter_speed&quot;:&quot;0.016666666666667&quot;,&quot;title&quot;:&quot;&quot;}\" data-image-title=\"pamimercedes\" data-image-description=\"\" data-image-caption=\"\" data-large-file=\"https:\/\/www.hoymercedes.com.ar\/principal\/wp-content\/uploads\/2011\/02\/pamimercedes.jpg\" class=\"size-full wp-image-2385\" title=\"pamimercedes\" src=\"https:\/\/www.hoymercedes.com.ar\/principal\/wp-content\/uploads\/2011\/02\/pamimercedes.jpg\" alt=\"\" width=\"300\" height=\"225\" \/><\/a><figcaption id=\"caption-attachment-2385\" class=\"wp-caption-text\">Pami Mercedes<\/figcaption><\/figure>\n<p>Finalmente ayer se concreto la medida que se ven\u00eda anunciando desde hace tiempo especialmente a lo largo de los \u00faltimos d\u00edas de la semana pasada y la actual. Sin previo aviso cerca del mediod\u00eda se produjo el cambio de autoridades.<\/p>\n<p>Si bien o se conoci\u00f3\u00a0 desde el organismo ning\u00fan comunicado oficial se\u00a0 pudo conocer que en horas del mediod\u00eda se ayer se hicieron presentes en la agencia PAMI de nuestra ciudad representantes del Instituto Nacional que brinda la cobertura social a un importante n\u00famero de\u00a0 jubilados y pensionados lo cual significa que sea la obra social m\u00e1s grande e importante del pa\u00eds, junto a integrantes de la Delegaci\u00f3n de dicho Organismo ubicada en Luj\u00e1n que es de quien depende la agencia de nuestra ciudad junto al contador Pablo Perazzo qui\u00e9n fue puesto en funciones reemplazando al Dr Carlos Nerio Calloni quien de acuerdo a los informes no oficiales obtenidos pasar\u00eda a ocupar una Jefatura, la de Despacho que en principio habr\u00eda sido creada dentro del organismo hace poco tiempo pero por debajo de la autoridad del\u00a0 nuevo responsable Pablo\u00a0 Perazzo.<\/p>\n<p>La noticia comenz\u00f3 a correr de manera r\u00e1pida en toda la ciudad generando el inmediato rechazo a lo ocurrido de parte de muchos sectores entre ellos los pol\u00edticos opositores al modelo Kirchnerista como ser la UCR\u00a0 y el GEN.<\/p>\n<p>En tal sentido el grupo que responde a la conducci\u00f3n de Margarita Stolbizer en nuestra ciudad encabezados por el ex concejal Luis Colao\u00a0 convoc\u00f3 para hoy las 10.30 a una conferencia de prensa en su local partidario de avenida 17.<\/p>\n<p>La informaci\u00f3n fue confirmada en horas de la tarde a lo largo de diferentes programas que se emiten por las principales\u00a0 emisoras en FM de la ciudad.<\/p>\n<p>&nbsp;<\/p>\n","protected":false},"excerpt":{"rendered":"<p>Finalmente ayer se concreto la medida que se ven\u00eda anunciando desde hace tiempo especialmente a lo largo de los \u00faltimos &#8230; <a title=\"PAMI Mercedes: Se produjo el relevo de Carlos Calloni como jefe de la agencia local\" class=\"read-more\" href=\"https:\/\/www.hoymercedes.com.ar\/principal\/2011\/02\/25\/pami-mercedes-se-produjo-el-relevo-de-carlos-calloni-como-jefe-de-la-agencia-local\/\" aria-label=\"Leer m\u00e1s sobre PAMI Mercedes: Se produjo el relevo de Carlos Calloni como jefe de la agencia local\">Leer m\u00e1s<\/a><\/p>\n","protected":false},"author":1,"featured_media":0,"comment_status":"open","ping_status":"open","sticky":false,"template":"","format":"standard","meta":{"_monsterinsights_skip_tracking":false,"_monsterinsights_sitenote_active":false,"_monsterinsights_sitenote_note":"","_monsterinsights_sitenote_category":0,"jetpack_post_was_ever_published":false,"_jetpack_newsletter_access":"","_jetpack_dont_email_post_to_subs":false,"_jetpack_newsletter_tier_id":0,"_jetpack_memberships_contains_paywalled_content":false,"_jetpack_memberships_contains_paid_content":false,"footnotes":"","jetpack_publicize_message":"","jetpack_publicize_feature_enabled":true,"jetpack_social_post_already_shared":false,"jetpack_social_options":{"image_generator_settings":{"template":"highway","default_image_id":0,"font":"","enabled":false},"version":2},"_wpas_customize_per_network":false},"categories":[8],"tags":[501,500],"class_list":["post-2383","post","type-post","status-publish","format-standard","hentry","category-sociedad","tag-calloni","tag-pami-mercedes","generate-columns","tablet-grid-50","mobile-grid-100","grid-parent","grid-50"],"jetpack_publicize_connections":[],"jetpack_featured_media_url":"","wps_subtitle":"","jetpack_sharing_enabled":true,"_links":{"self":[{"href":"https:\/\/www.hoymercedes.com.ar\/principal\/wp-json\/wp\/v2\/posts\/2383","targetHints":{"allow":["GET"]}}],"collection":[{"href":"https:\/\/www.hoymercedes.com.ar\/principal\/wp-json\/wp\/v2\/posts"}],"about":[{"href":"https:\/\/www.hoymercedes.com.ar\/principal\/wp-json\/wp\/v2\/types\/post"}],"author":[{"embeddable":true,"href":"https:\/\/www.hoymercedes.com.ar\/principal\/wp-json\/wp\/v2\/users\/1"}],"replies":[{"embeddable":true,"href":"https:\/\/www.hoymercedes.com.ar\/principal\/wp-json\/wp\/v2\/comments?post=2383"}],"version-history":[{"count":0,"href":"https:\/\/www.hoymercedes.com.ar\/principal\/wp-json\/wp\/v2\/posts\/2383\/revisions"}],"wp:attachment":[{"href":"https:\/\/www.hoymercedes.com.ar\/principal\/wp-json\/wp\/v2\/media?parent=2383"}],"wp:term":[{"taxonomy":"category","embeddable":true,"href":"https:\/\/www.hoymercedes.com.ar\/principal\/wp-json\/wp\/v2\/categories?post=2383"},{"taxonomy":"post_tag","embeddable":true,"href":"https:\/\/www.hoymercedes.com.ar\/principal\/wp-json\/wp\/v2\/tags?post=2383"}],"curies":[{"name":"wp","href":"https:\/\/api.w.org\/{rel}","templated":true}]}}