{"id":23887,"date":"2013-07-20T13:08:11","date_gmt":"2013-07-20T13:08:11","guid":{"rendered":"http:\/\/www.hoymercedes.com.ar\/principal\/?p=23887"},"modified":"2013-07-20T13:08:11","modified_gmt":"2013-07-20T13:08:11","slug":"aldo-calzetta-candidado-de-de-narvaez-nunca-vi-a-nuestra-ciudad-con-este-nivel-de-suciedad-y-de-abandono","status":"publish","type":"post","link":"https:\/\/www.hoymercedes.com.ar\/principal\/2013\/07\/20\/aldo-calzetta-candidado-de-de-narvaez-nunca-vi-a-nuestra-ciudad-con-este-nivel-de-suciedad-y-de-abandono\/","title":{"rendered":"Aldo Calzetta, candidado de De Narv\u00e1ez: \u00abNunca vi a nuestra ciudad con este nivel de suciedad y de abandono\u00bb"},"content":{"rendered":"<p><em><strong>El primer precandidato a concejal por el partido de Francisco De Narv\u00e1ez (Unidos por la Libertad y el Trabajo), Aldo Calzetta, asegur\u00f3 que le llama \u201ctristemente\u201d la atenci\u00f3n \u201cel nivel de abandono y suciedad\u201d que se ve en Mercedes; y adelant\u00f3 que su objetivo, si logra ser electo, \u201cser\u00e1 pelear cada d\u00eda para direccionar los recursos de la ciudad hacia donde reclaman los vecinos\u201d.<\/strong><\/em><\/p>\n<p>\u201cNunca vi a nuestra ciudad con este nivel de suciedad y de abandono. Me llama tristemente la atenci\u00f3n. Las calles est\u00e1n sucias, las paredes est\u00e1n descuidadas, tuvo un crecimiento ca\u00f3tico con asentamientos y tomas, cuando llueve es imposible transitar por algunos sectores&#8230; \u00a1Y gastan un mill\u00f3n de pesos en cortar el pasto de algunas plazas! O al menos eso es lo que dicen. A nivel local, nosotros somos el l\u00edmite para la falta de gesti\u00f3n y la corrupci\u00f3n\u201d, asever\u00f3.<\/p>\n<p>\u201cLo que yo veo es que existen pocas pol\u00edticas municipales hacia los problemas que manifiestan los vecinos. La seguridad, la higiene, el empleo, la salud. En el Concejo Deliberante hace falta una fuerza que levante la voz en nombre de estas quejas, que apunte los lugares hacia donde tienen que ir realmente los recursos. Esa es la posici\u00f3n que nosotros expresamos. No estamos peleando para ser gesti\u00f3n ni para ser gobierno; estamos buscando ser los reales representantes del vecino en el Concejo\u201d, agreg\u00f3.<\/p>\n<p>Calzetta dijo adem\u00e1s que su trabajo \u201ca nivel local\u201d es mostrarle a la gente \u201cqu\u00e9 representa realmente la figura de Sergio Massa\u201d.<\/p>\n<p>\u201cLo primero es lo que sucede en su partido, Tigre. La mayor\u00eda de los ciudadanos no tienen acceso a los servicios b\u00e1sicos. En la d\u00e9cada de los 90, sin ir m\u00e1s lejos, los asentamientos crecieron m\u00e1s del 132 por ciento. Y su pol\u00edtica es mostrar sus c\u00e1maras de seguridad, la incorporaci\u00f3n de tecnolog\u00eda para los vecinos\u2026 \u00a1Pero cuando la barra brava de Tigre se pelea por las internas que tiene y hay incidentes graves, las c\u00e1maras no andan! Qu\u00e9 curioso, \u00bfno?\u201d, se pregunt\u00f3.<\/p>\n<p>\u201cPero lo peor es lo que Massa ha significado para nosotros, para Mercedes, y tambi\u00e9n para Luj\u00e1n. Hay informes ambientales contundentes que demuestran que las inundaciones del a\u00f1o pasado fueron en gran parte provocadas por los emprendimientos inmobiliarios que Massa hace en el Delta del Tigre, elevando terrenos que son inundables, haciendo un dique e impidiendo que el agua del r\u00edo Luj\u00e1n siga por sus cursos naturales. Eso es grav\u00edsimo. Y peor es que nuestro intendente, Carlos Selva, votado por la gente para defender nuestro bienestar, haga una alianza con \u00e9l en nombre de la buena imagen que aparentemente tiene. Eso es trist\u00edsimo\u201d, enfatiz\u00f3.<\/p>\n<p>El candidato de Unidos por la Libertad y el Trabajo se\u00f1al\u00f3 que \u201cen los negocios inmobiliarios de Massa en el Tigre est\u00e1n metidos empresarios importantes a los que solamente les interesa su bolsillo\u201d; y se pregunt\u00f3 \u201cpor qu\u00e9 en los barrios privados y exclusivos del Tigre han capturado a narcotraficantes peligrosos que eran buscados por Interpol y otras fuerzas internacionales\u201d.<\/p>\n<p>\u201cAc\u00e1 lo que hay que cuidar es Mercedes. Ponerles un l\u00edmite a aquellos que solamente hacen acuerdos en beneficio propio, sin importarle los vecinos\u201d, cerr\u00f3.<\/p>\n<p>La lista de Calzetta (l\u00ednea interna Celeste) se completa con Mat\u00edas Bruschi, Melisa Rinaldi, Luis Galvani, Natalia Sifredo, Miguel Canario, Sof\u00eda Bra\u00f1as, Manuel Cabrera y Maximiliano Centeno. En el primer lugar de los precandidatos al Consejo Escolar se ubica Vanesa Cabrejos Higgins.<\/p>\n","protected":false},"excerpt":{"rendered":"<p>El primer precandidato a concejal por el partido de Francisco De Narv\u00e1ez (Unidos por la Libertad y el Trabajo), Aldo &#8230; <a title=\"Aldo Calzetta, candidado de De Narv\u00e1ez: \u00abNunca vi a nuestra ciudad con este nivel de suciedad y de abandono\u00bb\" class=\"read-more\" href=\"https:\/\/www.hoymercedes.com.ar\/principal\/2013\/07\/20\/aldo-calzetta-candidado-de-de-narvaez-nunca-vi-a-nuestra-ciudad-con-este-nivel-de-suciedad-y-de-abandono\/\" aria-label=\"Leer m\u00e1s sobre Aldo Calzetta, candidado de De Narv\u00e1ez: \u00abNunca vi a nuestra ciudad con este nivel de suciedad y de abandono\u00bb\">Leer m\u00e1s<\/a><\/p>\n","protected":false},"author":1,"featured_media":0,"comment_status":"open","ping_status":"open","sticky":false,"template":"","format":"standard","meta":{"_monsterinsights_skip_tracking":false,"_monsterinsights_sitenote_active":false,"_monsterinsights_sitenote_note":"","_monsterinsights_sitenote_category":0,"jetpack_post_was_ever_published":false,"_jetpack_newsletter_access":"","_jetpack_dont_email_post_to_subs":false,"_jetpack_newsletter_tier_id":0,"_jetpack_memberships_contains_paywalled_content":false,"_jetpack_memberships_contains_paid_content":false,"footnotes":"","jetpack_publicize_message":"","jetpack_publicize_feature_enabled":true,"jetpack_social_post_already_shared":true,"jetpack_social_options":{"image_generator_settings":{"template":"highway","default_image_id":0,"font":"","enabled":false},"version":2},"_wpas_customize_per_network":false},"categories":[5],"tags":[3667,3668],"class_list":["post-23887","post","type-post","status-publish","format-standard","hentry","category-politica","tag-aldo-calzetta","tag-denarvaez-mercedes","generate-columns","tablet-grid-50","mobile-grid-100","grid-parent","grid-50"],"jetpack_publicize_connections":[],"jetpack_featured_media_url":"","wps_subtitle":"","jetpack_sharing_enabled":true,"_links":{"self":[{"href":"https:\/\/www.hoymercedes.com.ar\/principal\/wp-json\/wp\/v2\/posts\/23887","targetHints":{"allow":["GET"]}}],"collection":[{"href":"https:\/\/www.hoymercedes.com.ar\/principal\/wp-json\/wp\/v2\/posts"}],"about":[{"href":"https:\/\/www.hoymercedes.com.ar\/principal\/wp-json\/wp\/v2\/types\/post"}],"author":[{"embeddable":true,"href":"https:\/\/www.hoymercedes.com.ar\/principal\/wp-json\/wp\/v2\/users\/1"}],"replies":[{"embeddable":true,"href":"https:\/\/www.hoymercedes.com.ar\/principal\/wp-json\/wp\/v2\/comments?post=23887"}],"version-history":[{"count":0,"href":"https:\/\/www.hoymercedes.com.ar\/principal\/wp-json\/wp\/v2\/posts\/23887\/revisions"}],"wp:attachment":[{"href":"https:\/\/www.hoymercedes.com.ar\/principal\/wp-json\/wp\/v2\/media?parent=23887"}],"wp:term":[{"taxonomy":"category","embeddable":true,"href":"https:\/\/www.hoymercedes.com.ar\/principal\/wp-json\/wp\/v2\/categories?post=23887"},{"taxonomy":"post_tag","embeddable":true,"href":"https:\/\/www.hoymercedes.com.ar\/principal\/wp-json\/wp\/v2\/tags?post=23887"}],"curies":[{"name":"wp","href":"https:\/\/api.w.org\/{rel}","templated":true}]}}