{"id":23891,"date":"2013-07-20T13:42:41","date_gmt":"2013-07-20T13:42:41","guid":{"rendered":"http:\/\/www.hoymercedes.com.ar\/principal\/?p=23891"},"modified":"2013-07-20T13:42:41","modified_gmt":"2013-07-20T13:42:41","slug":"firman-convenio-por-290-casas-de-procrear-en-mercedes","status":"publish","type":"post","link":"https:\/\/www.hoymercedes.com.ar\/principal\/2013\/07\/20\/firman-convenio-por-290-casas-de-procrear-en-mercedes\/","title":{"rendered":"Firman convenio por 290 casas de ProCreAr en Mercedes"},"content":{"rendered":"<p>La firma que efectu\u00f3 la comuna por el con el Gobierno Nacional por el Plan ProCreAr mereci\u00f3 una opini\u00f3n positiva del primer pre candidato del Frente Mercedino para la Victoria, Juan Ustarroz, que sostuvo:\u201cel reflejo de nuestras ganas de trabajar para Mercedes, y la demostraci\u00f3n de que, si unimos nuestros esfuerzos, la que se beneficia es la gente\u201d.<\/p>\n<p>Juani Ustarroz asisti\u00f3 a la firma del convenio entre el director general de la ANSES, Diego Bossio, y el intendente Carlos Selva, desarrollada en Buenos Aires. Tambi\u00e9n estuvo presente el diputado nacional mercedino Eduardo \u2018Wado\u2019 de Pedro. En el acto, Selva hizo entrega de una copia de la ordenanza aprobada por mayor\u00eda en el HCD que establece el predio de la calle 6, entre las avenidas 17 y 29, para la edificaci\u00f3n de las casas.<\/p>\n<p><em>\u201cEstamos muy contentos de haber llegado a esto. Fueron muchos meses de esfuerzo y, atendiendo el grave d\u00e9ficil habitacional de Mercedes, la llegada de estas viviendas para vecinos que no tienen terreno contempla una soluci\u00f3n. Todav\u00eda falta, pero yendo por este camino vamos a ir resolviendo esta problem\u00e1tica\u201d<\/em>, indic\u00f3 el precandidato a primer concejal del FMpV, impulsor de la llegada de esta l\u00ednea crediticia del plan Procrear a la ciudad y que ya en febrero hab\u00eda puesto a disposici\u00f3n del intendente 250 cupos.<\/p>\n<p>\u201cNuestra voluntad es aportar siempre, sumar desde nuestro lugar, contribuir con hechos concretos y soluciones para los vecinos \u2013agreg\u00f3-. Hay que estar atentos a las posibilidades para aprovecharlas, como hicimos nosotros en este caso con el Procrear\u201d.<\/p>\n<p>El llamado a licitaci\u00f3n para adjudicar las obras del desarrollo habitacional ser\u00e1\u00a0en agosto, anunci\u00f3 Diego Bossio, quien a su vez se mostr\u00f3 muy contento con lo que es la marcha \u201cde las otras l\u00edneas crediticias del plan Procrear en Mercedes\u201d y le dio al intendente Selva las especificaciones t\u00e9cnicas del proyecto acordado esta tarde.<\/p>\n<p><em>\u201cA partir de que el gobierno nacional dio de baja el contrato con la empresa ALL, pudimos acceder al predio que todos entend\u00edamos era el mejor. Una vez confirmado esto, y en funci\u00f3n de que el proyecto original de 250 casas era para otro predio, pedimos una nueva propuesta urban\u00edstica que ampl\u00eda la construcci\u00f3n a 290 viviendas<\/em>\u201d, record\u00f3 \u2018Juani\u2019.<\/p>\n<p><em>\u201cComo el proyecto original, esta propuesta elaborada desde el Procrear tambi\u00e9n respeta todos los aspectos t\u00e9cnicos y urban\u00edsticos de nuestra ciudad, que era una de las preocupaciones exhibidas por algunos de los concejales. Es un gran paso\u201d<\/em>, a\u00f1adi\u00f3.<\/p>\n<p>Luego de varias reuniones entre Ustarroz y el intendente; de la charla que los t\u00e9cnicos urban\u00edsticos mantuvieron con representantes de todos los bloques del HCD; y de las recomendaciones llegadas desde las diferentes instituciones mercedinas vinculadas al proyecto (arquitectos y martilleros, entre otros), la llegada del complejo habitacional no es ya una esperanza sino una realidad concreta.<\/p>\n<p><em>\u201cNo nos vamos a cansar de se\u00f1alar los beneficios de este programa impulsado desde el Gobierno Nacional. Primero y principal, por la posibilidad cierta que le da a mucha gente de acceder a sus viviendas a trav\u00e9s de una l\u00ednea de cr\u00e9dito muy favorable. Y segundo, porque motoriza las econom\u00edas regionales\u201d<\/em>, explic\u00f3 el doctor Ustarroz.<\/p>\n<p><em>\u201cLa ANSES, a partir de la voluntad pol\u00edtica del Gobierno Nacional y la excelente gesti\u00f3n que viene llevando a cabo Diego Bossio, se ha convertido en un organismo transparente, moderno y eficaz \u2013concluy\u00f3 Ustarroz-. Sobran los ejemplos, pero el \u00e9xito que viene teniendo el plan Procrear es un s\u00edmbolo de inclusi\u00f3n social, de ampliaci\u00f3n de derechos y de beneficios concretos y palpables para todos los argentinos\u201d.<\/em><\/p>\n<p><span style=\"color: #888888;\">\u00a0Fuente: Frente Mercedino<\/span><\/p>\n","protected":false},"excerpt":{"rendered":"<p>La firma que efectu\u00f3 la comuna por el con el Gobierno Nacional por el Plan ProCreAr mereci\u00f3 una opini\u00f3n positiva &#8230; <a title=\"Firman convenio por 290 casas de ProCreAr en Mercedes\" class=\"read-more\" href=\"https:\/\/www.hoymercedes.com.ar\/principal\/2013\/07\/20\/firman-convenio-por-290-casas-de-procrear-en-mercedes\/\" aria-label=\"Leer m\u00e1s sobre Firman convenio por 290 casas de ProCreAr en Mercedes\">Leer m\u00e1s<\/a><\/p>\n","protected":false},"author":1,"featured_media":0,"comment_status":"open","ping_status":"open","sticky":false,"template":"","format":"standard","meta":{"_monsterinsights_skip_tracking":false,"_monsterinsights_sitenote_active":false,"_monsterinsights_sitenote_note":"","_monsterinsights_sitenote_category":0,"jetpack_post_was_ever_published":false,"_jetpack_newsletter_access":"","_jetpack_dont_email_post_to_subs":false,"_jetpack_newsletter_tier_id":0,"_jetpack_memberships_contains_paywalled_content":false,"_jetpack_memberships_contains_paid_content":false,"footnotes":"","jetpack_publicize_message":"","jetpack_publicize_feature_enabled":true,"jetpack_social_post_already_shared":true,"jetpack_social_options":{"image_generator_settings":{"template":"highway","default_image_id":0,"font":"","enabled":false},"version":2},"_wpas_customize_per_network":false},"categories":[5],"tags":[3392],"class_list":["post-23891","post","type-post","status-publish","format-standard","hentry","category-politica","tag-procrear-mercedes","generate-columns","tablet-grid-50","mobile-grid-100","grid-parent","grid-50"],"jetpack_publicize_connections":[],"jetpack_featured_media_url":"","wps_subtitle":"","jetpack_sharing_enabled":true,"_links":{"self":[{"href":"https:\/\/www.hoymercedes.com.ar\/principal\/wp-json\/wp\/v2\/posts\/23891","targetHints":{"allow":["GET"]}}],"collection":[{"href":"https:\/\/www.hoymercedes.com.ar\/principal\/wp-json\/wp\/v2\/posts"}],"about":[{"href":"https:\/\/www.hoymercedes.com.ar\/principal\/wp-json\/wp\/v2\/types\/post"}],"author":[{"embeddable":true,"href":"https:\/\/www.hoymercedes.com.ar\/principal\/wp-json\/wp\/v2\/users\/1"}],"replies":[{"embeddable":true,"href":"https:\/\/www.hoymercedes.com.ar\/principal\/wp-json\/wp\/v2\/comments?post=23891"}],"version-history":[{"count":0,"href":"https:\/\/www.hoymercedes.com.ar\/principal\/wp-json\/wp\/v2\/posts\/23891\/revisions"}],"wp:attachment":[{"href":"https:\/\/www.hoymercedes.com.ar\/principal\/wp-json\/wp\/v2\/media?parent=23891"}],"wp:term":[{"taxonomy":"category","embeddable":true,"href":"https:\/\/www.hoymercedes.com.ar\/principal\/wp-json\/wp\/v2\/categories?post=23891"},{"taxonomy":"post_tag","embeddable":true,"href":"https:\/\/www.hoymercedes.com.ar\/principal\/wp-json\/wp\/v2\/tags?post=23891"}],"curies":[{"name":"wp","href":"https:\/\/api.w.org\/{rel}","templated":true}]}}