{"id":23895,"date":"2013-07-20T13:58:34","date_gmt":"2013-07-20T13:58:34","guid":{"rendered":"http:\/\/www.hoymercedes.com.ar\/principal\/?p=23895"},"modified":"2013-07-20T13:58:34","modified_gmt":"2013-07-20T13:58:34","slug":"podemos-el-acuerdo-ypf-chevron-nos-perjudica-a-todos-por-igual","status":"publish","type":"post","link":"https:\/\/www.hoymercedes.com.ar\/principal\/2013\/07\/20\/podemos-el-acuerdo-ypf-chevron-nos-perjudica-a-todos-por-igual\/","title":{"rendered":"PODEMOS: \u00abEl acuerdo YPF-Chevron nos perjudica a todos por igual.\u00bb"},"content":{"rendered":"<div><a href=\"https:\/\/www.hoymercedes.com.ar\/principal\/wp-content\/uploads\/2013\/07\/podemosmercedes.jpg\"><img loading=\"lazy\" decoding=\"async\" data-attachment-id=\"23897\" data-permalink=\"https:\/\/www.hoymercedes.com.ar\/principal\/2013\/07\/20\/podemos-el-acuerdo-ypf-chevron-nos-perjudica-a-todos-por-igual\/podemosmercedes\/#main\" data-orig-file=\"https:\/\/www.hoymercedes.com.ar\/principal\/wp-content\/uploads\/2013\/07\/podemosmercedes.jpg\" data-orig-size=\"620,827\" data-comments-opened=\"1\" data-image-meta=\"{&quot;aperture&quot;:&quot;0&quot;,&quot;credit&quot;:&quot;&quot;,&quot;camera&quot;:&quot;&quot;,&quot;caption&quot;:&quot;&quot;,&quot;created_timestamp&quot;:&quot;0&quot;,&quot;copyright&quot;:&quot;&quot;,&quot;focal_length&quot;:&quot;0&quot;,&quot;iso&quot;:&quot;0&quot;,&quot;shutter_speed&quot;:&quot;0&quot;,&quot;title&quot;:&quot;&quot;}\" data-image-title=\"podemosmercedes\" data-image-description=\"\" data-image-caption=\"\" data-large-file=\"https:\/\/www.hoymercedes.com.ar\/principal\/wp-content\/uploads\/2013\/07\/podemosmercedes.jpg\" class=\"aligncenter size-full wp-image-23897\" alt=\"podemosmercedes\" src=\"https:\/\/www.hoymercedes.com.ar\/principal\/wp-content\/uploads\/2013\/07\/podemosmercedes.jpg\" width=\"620\" height=\"827\" srcset=\"https:\/\/www.hoymercedes.com.ar\/principal\/wp-content\/uploads\/2013\/07\/podemosmercedes.jpg 620w, https:\/\/www.hoymercedes.com.ar\/principal\/wp-content\/uploads\/2013\/07\/podemosmercedes-464x620.jpg 464w\" sizes=\"auto, (max-width: 620px) 100vw, 620px\" \/><\/a><\/div>\n<div><em><strong>Coherentes con nuestra historia de defensa de la soberan\u00eda nacional, y defendiendo los intereses populares, desde el Frente PODEMOS queremos expresar nuestro rechazo a un nuevo proceso de entrega, que en una mas de sus permanentes contradicciones, el gobierno nacional realiza un acuerdo al mejor estilo menemista, junto a una empresa multinacional y norteamericana como Chevron, quien no solo es una de las mas contaminantes, sino tambi\u00e9n un ejemplo de las empresas que no cumplen con lo pactado ni con los requerimientos judiciales de los pa\u00edses a los que depreda.<\/strong><\/em><\/div>\n<div><\/div>\n<div>Hace apenas un a\u00f1o, el congreso nacional aprobaba por mayor\u00eda la estatizaci\u00f3n del 51% de las acciones de nuestra YPF, que a nuestro pensar deb\u00eda ser del 100%, la cual se encontraba en manos de la espa\u00f1ola Repsol. En ese momento, los argumentos principales que ven\u00edan del gobierno (integrado por quienes promovieron la privatizaci\u00f3n en los \u00b490) eran la necesidad de contar con una empresa que sea rentable y que garantice la soberan\u00eda energ\u00e9tica para profundizar el modelo de industrializaci\u00f3n que ellos solo ven, ya que nosotros s\u00f3lo observamos un modelo productivo netamente agro-minero exportador, basado en el monocultivo de la soja y en la voladura de nuestros cerros junto a la contaminaci\u00f3n del agua por parte de la megaminer\u00eda, de la mano de la empresa canadiense y socia del gobierno, Barrick Gold.<\/div>\n<div><\/div>\n<div>Por otro lado, el acuerdo con Chevron fue firmado bajo las condiciones que dicha empresa exig\u00eda y que el gobierno nacional le concedi\u00f3 sin modificarle una como, como por ejemplo:<\/div>\n<div><\/div>\n<div>a) Comerciar libremente en el mercado externo el 20% de la extracci\u00f3n (antes era 0%);<\/div>\n<div>b) tendr\u00e1n el 100% de libre disponibilidad de las divisas por exportaci\u00f3n (antes era 30%);<\/div>\n<div>c) en los per\u00edodos en que haya que importar gas o petr\u00f3leo, pero al quinto a\u00f1o de la aprobaci\u00f3n del recibir\u00e1n subsidios para que no tengan un precio inferior al de exportaci\u00f3n (llamado precio internacional), en cuyo caso no se imputar\u00e1n las baj\u00edsimas retenciones que tuviera que pagar;<\/div>\n<div>d) las petroleras tendr\u00e1n un mecanismo de compensaci\u00f3n para el subsidio del punto anterior;<\/div>\n<div>e) por la comercializaci\u00f3n interna (venta a refiner\u00edas locales) tendr\u00e1n derecho prioritario a adquirir divisas de libre disponibilidad en el mercado \u00fanico y libre de Cambios hasta en un 100%;<\/div>\n<div>f) la ley establece en las concesiones cl\u00e1sicas 25 a\u00f1os de duraci\u00f3n con un pr\u00f3rroga posible y fundada de 10 a\u00f1os. Ahora, contra la ley, el decreto ofrece prorrogar el per\u00edodo ante el pedido de las petroleras, porque el fracking es m\u00e1s costoso y tiene m\u00e1s corta maduraci\u00f3n (se \u00abagotan\u00bb antes). Para eso, el decreto establece que a los 25 a\u00f1os se \u00abadiciona en forma anticipada simult\u00e1nea con la nueva concesi\u00f3n la extensi\u00f3n del plazo de 10 a\u00f1os<\/div>\n<div><\/div>\n<div>Tambi\u00e9n es necesario recordar que Chevron fue condenada en Ecuador por contaminar 500 mil hect\u00e1reas. Derram\u00f3 103 millones de litros de crudo, arroj\u00f3 63.000 millones de litros de agua t\u00f3xica arrojada a r\u00edos y afect\u00f3 a 30 mil personas. Luego de un juicio de veinte a\u00f1os, fue encontrada culpable de contaminaci\u00f3n y obligada a pagar 19.000 millones de d\u00f3lares, pero rechaza cumplir la condena. Sus activos fueron embargados en Argentina, pero el Gobierno pidi\u00f3 el levantamiento de esa medida y la Corte Suprema de Justicia fall\u00f3 a favor de la petrolera.<\/div>\n<div><\/div>\n<div>Por \u00faltimo, debemos mencionar la metodolog\u00eda que utilizar\u00e1 en la extracci\u00f3n, que no es otro que el FRACKING, una t\u00e9cnica de extracci\u00f3n de gas y petr\u00f3leo de yacimientos no convencionales, generalmente de formaciones de esquistos (shale), arenas compactas (tight sands) y mantos de carb\u00f3n (coalbed methane). Estas formaciones geol\u00f3gicas se ubican a varios miles de metros de profundidad y para acceder a ellas se debe perforar hasta la formaci\u00f3n que alberga los hidrocarburos, empleando una t\u00e9cnica de perforaci\u00f3n mixta. En primer lugar, se perfora verticalmente y posteriormente se contin\u00faa de forma horizontal, a lo largo de varios kil\u00f3metros. Los yacimientos no convencionales donde se utiliza el fracking son formaciones poco permeables y compactas, en las que los hidrocarburos se encuentran dispersos. Para liberarlos se debe fracturar la roca inyectando millones de litros de agua a alta presi\u00f3n (98%), mezclada con arena y una serie de aditivos qu\u00edmicos (2%); la cantidad de litros var\u00eda en funci\u00f3n de la cantidad de fracturas que se realicen por pozo. Esto posibilita que los hidrocarburos asciendan a la superficie junto con parte de la mezcla inyectada, denominada reflujo (se recupera una cantidad que var\u00eda entre un 9 y un 35%). El resto queda en el subsuelo. En 2011 un informe de la Casa de los Representantes de Estados Unidos dictamin\u00f3 que de los 2500 productos empleados en la fractura hidr\u00e1ulica, m\u00e1s de 650 contienen qu\u00edmicos potencialmente cancer\u00edgenos. Esto pone en riesgo las aguas subterr\u00e1neas y superficiales ya que la \u2018sopa qu\u00edmica\u2019 que se inyecta durante la fractura puede filtrarse por problemas de cementaci\u00f3n de las ca\u00f1er\u00edas o migrar m\u00e1s all\u00e1 de la formaci\u00f3n geol\u00f3gica que se pretende intervenir, tambi\u00e9n derramarse durante su manipulaci\u00f3n en superficie o tratamiento y disposici\u00f3n inadecuada de las aguas residuales. El gobierno de Neuqu\u00e9n estima, por ejemplo, que por cada pozo se utilizar\u00e1n 20 millones de litros de agua en el proceso de fractura (fuente:\u00a0<a href=\"http:\/\/www.argentinalibredefracking.org\/\" target=\"_blank\" rel=\"noopener\">http:\/\/www.<wbr \/>argentinalibredefracking.org\/<\/a>\u00a0)<\/div>\n<div><\/div>\n<div>Ante el avance de los proyectos de entrega de nuestros recursos utilizando m\u00e9todos contaminantes, que de manera directa e indirecta afectan a los mercedinos, debemos como sociedad oponernos a este acuerdo, sobre todo, porque pensamos en las generaciones futuras \u00a0de mercedinos y argentinos que sufrir\u00e1n las consecuencias de las acciones de un gobierno que solo piensa en el hoy y de empresas que solo quieren aumentar sus riquezas, y para eso es necesario el compromiso de todos, \u00a0generando los espacios institucionales de participaci\u00f3n popular, que desde nuestro frente venimos proponiendo, porque si trabajamos juntos, PODEMOS generar un cambio real y no ser mas de lo mismo.<\/div>\n","protected":false},"excerpt":{"rendered":"<p>Coherentes con nuestra historia de defensa de la soberan\u00eda nacional, y defendiendo los intereses populares, desde el Frente PODEMOS queremos &#8230; <a title=\"PODEMOS: \u00abEl acuerdo YPF-Chevron nos perjudica a todos por igual.\u00bb\" class=\"read-more\" href=\"https:\/\/www.hoymercedes.com.ar\/principal\/2013\/07\/20\/podemos-el-acuerdo-ypf-chevron-nos-perjudica-a-todos-por-igual\/\" aria-label=\"Leer m\u00e1s sobre PODEMOS: \u00abEl acuerdo YPF-Chevron nos perjudica a todos por igual.\u00bb\">Leer m\u00e1s<\/a><\/p>\n","protected":false},"author":1,"featured_media":0,"comment_status":"open","ping_status":"open","sticky":false,"template":"","format":"standard","meta":{"_monsterinsights_skip_tracking":false,"_monsterinsights_sitenote_active":false,"_monsterinsights_sitenote_note":"","_monsterinsights_sitenote_category":0,"jetpack_post_was_ever_published":false,"_jetpack_newsletter_access":"","_jetpack_dont_email_post_to_subs":false,"_jetpack_newsletter_tier_id":0,"_jetpack_memberships_contains_paywalled_content":false,"_jetpack_memberships_contains_paid_content":false,"footnotes":"","jetpack_publicize_message":"","jetpack_publicize_feature_enabled":true,"jetpack_social_post_already_shared":true,"jetpack_social_options":{"image_generator_settings":{"template":"highway","default_image_id":0,"font":"","enabled":false},"version":2},"_wpas_customize_per_network":false},"categories":[5],"tags":[1869,3598],"class_list":["post-23895","post","type-post","status-publish","format-standard","hentry","category-politica","tag-jose-luis-pisano","tag-podemos","generate-columns","tablet-grid-50","mobile-grid-100","grid-parent","grid-50"],"jetpack_publicize_connections":[],"jetpack_featured_media_url":"","wps_subtitle":"","jetpack_sharing_enabled":true,"_links":{"self":[{"href":"https:\/\/www.hoymercedes.com.ar\/principal\/wp-json\/wp\/v2\/posts\/23895","targetHints":{"allow":["GET"]}}],"collection":[{"href":"https:\/\/www.hoymercedes.com.ar\/principal\/wp-json\/wp\/v2\/posts"}],"about":[{"href":"https:\/\/www.hoymercedes.com.ar\/principal\/wp-json\/wp\/v2\/types\/post"}],"author":[{"embeddable":true,"href":"https:\/\/www.hoymercedes.com.ar\/principal\/wp-json\/wp\/v2\/users\/1"}],"replies":[{"embeddable":true,"href":"https:\/\/www.hoymercedes.com.ar\/principal\/wp-json\/wp\/v2\/comments?post=23895"}],"version-history":[{"count":0,"href":"https:\/\/www.hoymercedes.com.ar\/principal\/wp-json\/wp\/v2\/posts\/23895\/revisions"}],"wp:attachment":[{"href":"https:\/\/www.hoymercedes.com.ar\/principal\/wp-json\/wp\/v2\/media?parent=23895"}],"wp:term":[{"taxonomy":"category","embeddable":true,"href":"https:\/\/www.hoymercedes.com.ar\/principal\/wp-json\/wp\/v2\/categories?post=23895"},{"taxonomy":"post_tag","embeddable":true,"href":"https:\/\/www.hoymercedes.com.ar\/principal\/wp-json\/wp\/v2\/tags?post=23895"}],"curies":[{"name":"wp","href":"https:\/\/api.w.org\/{rel}","templated":true}]}}