{"id":23899,"date":"2013-07-20T14:04:58","date_gmt":"2013-07-20T14:04:58","guid":{"rendered":"http:\/\/www.hoymercedes.com.ar\/principal\/?p=23899"},"modified":"2013-07-20T14:04:58","modified_gmt":"2013-07-20T14:04:58","slug":"bozzini-la-gente-esta-muy-preocupada-por-la-inflacion","status":"publish","type":"post","link":"https:\/\/www.hoymercedes.com.ar\/principal\/2013\/07\/20\/bozzini-la-gente-esta-muy-preocupada-por-la-inflacion\/","title":{"rendered":"Bozzini: \u201cLa gente est\u00e1 muy preocupada por la inflaci\u00f3n\u201d"},"content":{"rendered":"<p><a href=\"https:\/\/www.hoymercedes.com.ar\/principal\/wp-content\/uploads\/2013\/07\/bozziniselva.jpg\"><img loading=\"lazy\" decoding=\"async\" data-attachment-id=\"23901\" data-permalink=\"https:\/\/www.hoymercedes.com.ar\/principal\/2013\/07\/20\/bozzini-la-gente-esta-muy-preocupada-por-la-inflacion\/bozziniselva\/#main\" data-orig-file=\"https:\/\/www.hoymercedes.com.ar\/principal\/wp-content\/uploads\/2013\/07\/bozziniselva.jpg\" data-orig-size=\"620,231\" data-comments-opened=\"1\" data-image-meta=\"{&quot;aperture&quot;:&quot;4.2&quot;,&quot;credit&quot;:&quot;&quot;,&quot;camera&quot;:&quot;NIKON D3100&quot;,&quot;caption&quot;:&quot;&quot;,&quot;created_timestamp&quot;:&quot;1373902861&quot;,&quot;copyright&quot;:&quot;&quot;,&quot;focal_length&quot;:&quot;26&quot;,&quot;iso&quot;:&quot;2500&quot;,&quot;shutter_speed&quot;:&quot;0.016666666666667&quot;,&quot;title&quot;:&quot;&quot;}\" data-image-title=\"bozziniselva\" data-image-description=\"\" data-image-caption=\"\" data-large-file=\"https:\/\/www.hoymercedes.com.ar\/principal\/wp-content\/uploads\/2013\/07\/bozziniselva.jpg\" class=\"aligncenter size-full wp-image-23901\" alt=\"bozziniselva\" src=\"https:\/\/www.hoymercedes.com.ar\/principal\/wp-content\/uploads\/2013\/07\/bozziniselva.jpg\" width=\"620\" height=\"231\" \/><\/a><\/p>\n<p>&nbsp;<\/p>\n<p><em><strong>El candidato a concejal por el Frente Renovador que tiene a Sergio Massa como referente, Ricardo Bozzini, sigue recorriendo los barrios y escuchando reclamos de los vecinos, y entre ellos el que \u201cm\u00e1s preocupa a la gente es el de la inflaci\u00f3n\u201d.<\/strong><\/em><\/p>\n<p>Bozzini es el candidato en primer t\u00e9rmino de la lista 504, que tiene al intendente Carlos Selva como referente local y a Sergio Massa como candidato a diputado nacional. El hombre del Frente Renovador estuvo toda la semana recorriendo los barrios junto a ese gran equipo que conforman con Juan Carlos Ben\u00edtez, Sabrina Selva, Juna Navarro y Cacho Colotta entre otros.<\/p>\n<p>Estas visitas y charlas en las barriadas van dejando temas que deben ser atendidos. \u201cEscuchamos reclamos que tienen que ver con obras que se deben realizar y que lo vamos a hacer desde la gesti\u00f3n, pero la gente est\u00e1 muy preocupada por otros temas tambi\u00e9n y que hacen a la vida cotidiana de la gente como es la inflaci\u00f3n. Nosotros conversamos con las familias y les explicamos que Sergio Massa tiene a un grupo de economistas trabajando y presentar\u00e1 proyectos apenas asuma para combatir este flagelo para el sueldo de la clase trabajadora\u201d, sostuvo Bozzini en charla luego de la caminata en Trocha.<\/p>\n<p>Bozzini tambi\u00e9n destac\u00f3 en su paso por algunas barriadas que la Municipalidad ha estado presente con trabajos de limpieza, mantenimiento y arreglo de calles. \u201cTrabajamos fuerte para optimizar la vida de los vecinos y lo seguiremos haciendo a la par del intendente Selva. Estamos para sumar y no para poner palos en la rueda como piensan hacer otros que tienen carga negativa en sus pilas\u201d, dijo Bozzini, primer candidato a concejal de la lista 504 del Frente Renovador.<\/p>\n<p>&nbsp;<\/p>\n","protected":false},"excerpt":{"rendered":"<p>&nbsp; El candidato a concejal por el Frente Renovador que tiene a Sergio Massa como referente, Ricardo Bozzini, sigue recorriendo &#8230; <a title=\"Bozzini: \u201cLa gente est\u00e1 muy preocupada por la inflaci\u00f3n\u201d\" class=\"read-more\" href=\"https:\/\/www.hoymercedes.com.ar\/principal\/2013\/07\/20\/bozzini-la-gente-esta-muy-preocupada-por-la-inflacion\/\" aria-label=\"Leer m\u00e1s sobre Bozzini: \u201cLa gente est\u00e1 muy preocupada por la inflaci\u00f3n\u201d\">Leer m\u00e1s<\/a><\/p>\n","protected":false},"author":1,"featured_media":0,"comment_status":"open","ping_status":"open","sticky":false,"template":"","format":"standard","meta":{"_monsterinsights_skip_tracking":false,"_monsterinsights_sitenote_active":false,"_monsterinsights_sitenote_note":"","_monsterinsights_sitenote_category":0,"jetpack_post_was_ever_published":false,"_jetpack_newsletter_access":"","_jetpack_dont_email_post_to_subs":false,"_jetpack_newsletter_tier_id":0,"_jetpack_memberships_contains_paywalled_content":false,"_jetpack_memberships_contains_paid_content":false,"footnotes":"","jetpack_publicize_message":"","jetpack_publicize_feature_enabled":true,"jetpack_social_post_already_shared":true,"jetpack_social_options":{"image_generator_settings":{"template":"highway","default_image_id":0,"font":"","enabled":false},"version":2},"_wpas_customize_per_network":false},"categories":[5],"tags":[3669],"class_list":["post-23899","post","type-post","status-publish","format-standard","hentry","category-politica","tag-bozzini","generate-columns","tablet-grid-50","mobile-grid-100","grid-parent","grid-50"],"jetpack_publicize_connections":[],"jetpack_featured_media_url":"","wps_subtitle":"","jetpack_sharing_enabled":true,"_links":{"self":[{"href":"https:\/\/www.hoymercedes.com.ar\/principal\/wp-json\/wp\/v2\/posts\/23899","targetHints":{"allow":["GET"]}}],"collection":[{"href":"https:\/\/www.hoymercedes.com.ar\/principal\/wp-json\/wp\/v2\/posts"}],"about":[{"href":"https:\/\/www.hoymercedes.com.ar\/principal\/wp-json\/wp\/v2\/types\/post"}],"author":[{"embeddable":true,"href":"https:\/\/www.hoymercedes.com.ar\/principal\/wp-json\/wp\/v2\/users\/1"}],"replies":[{"embeddable":true,"href":"https:\/\/www.hoymercedes.com.ar\/principal\/wp-json\/wp\/v2\/comments?post=23899"}],"version-history":[{"count":0,"href":"https:\/\/www.hoymercedes.com.ar\/principal\/wp-json\/wp\/v2\/posts\/23899\/revisions"}],"wp:attachment":[{"href":"https:\/\/www.hoymercedes.com.ar\/principal\/wp-json\/wp\/v2\/media?parent=23899"}],"wp:term":[{"taxonomy":"category","embeddable":true,"href":"https:\/\/www.hoymercedes.com.ar\/principal\/wp-json\/wp\/v2\/categories?post=23899"},{"taxonomy":"post_tag","embeddable":true,"href":"https:\/\/www.hoymercedes.com.ar\/principal\/wp-json\/wp\/v2\/tags?post=23899"}],"curies":[{"name":"wp","href":"https:\/\/api.w.org\/{rel}","templated":true}]}}