{"id":23921,"date":"2013-07-21T16:40:28","date_gmt":"2013-07-21T16:40:28","guid":{"rendered":"http:\/\/www.hoymercedes.com.ar\/principal\/?p=23921"},"modified":"2013-07-21T16:40:28","modified_gmt":"2013-07-21T16:40:28","slug":"tras-puesta-en-valor-pintan-conservatorio-de-musica-con-leyenda-contra-ustarroz","status":"publish","type":"post","link":"https:\/\/www.hoymercedes.com.ar\/principal\/2013\/07\/21\/tras-puesta-en-valor-pintan-conservatorio-de-musica-con-leyenda-contra-ustarroz\/","title":{"rendered":"Tras puesta en valor pintan Conservatorio de M\u00fasica con leyenda contra Ustarroz"},"content":{"rendered":"<p><a href=\"https:\/\/www.hoymercedes.com.ar\/principal\/wp-content\/uploads\/2013\/07\/pintadaconservatorio.jpg\"><img loading=\"lazy\" decoding=\"async\" data-attachment-id=\"23920\" data-permalink=\"https:\/\/www.hoymercedes.com.ar\/principal\/pintadaconservatorio\/\" data-orig-file=\"https:\/\/www.hoymercedes.com.ar\/principal\/wp-content\/uploads\/2013\/07\/pintadaconservatorio.jpg\" data-orig-size=\"620,465\" data-comments-opened=\"1\" data-image-meta=\"{&quot;aperture&quot;:&quot;0&quot;,&quot;credit&quot;:&quot;&quot;,&quot;camera&quot;:&quot;BlackBerry 9320&quot;,&quot;caption&quot;:&quot;&quot;,&quot;created_timestamp&quot;:&quot;0&quot;,&quot;copyright&quot;:&quot;&quot;,&quot;focal_length&quot;:&quot;0&quot;,&quot;iso&quot;:&quot;0&quot;,&quot;shutter_speed&quot;:&quot;0&quot;,&quot;title&quot;:&quot;&quot;}\" data-image-title=\"pintadaconservatorio\" data-image-description=\"\" data-image-caption=\"\" data-large-file=\"https:\/\/www.hoymercedes.com.ar\/principal\/wp-content\/uploads\/2013\/07\/pintadaconservatorio.jpg\" class=\"aligncenter size-full wp-image-23920\" alt=\"pintadaconservatorio\" src=\"https:\/\/www.hoymercedes.com.ar\/principal\/wp-content\/uploads\/2013\/07\/pintadaconservatorio.jpg\" width=\"620\" height=\"465\" \/><\/a><\/p>\n<p><em><strong>La fachada del Conservatorio de M\u00fasica revalorizado y puesta a nuevo durante la semana pasada por alumnos y docentes del instituto y por militantes del Frente Mercedino para la Victoria, amaneci\u00f3 este s\u00e1bado arruinada con un grafiti agresivo hacia la figura del principal referente y primer precandidato a concejal de la agrupaci\u00f3n, doctor Juan Ignacio Ustarroz.<\/strong><\/em><\/p>\n<p>\u201cUstarroz, metete las pilas en el \u2026\u201d, fue la lamentable leyenda escrita con pintura roja sobre las paredes frontales del Conservatorio, en referencia a la campa\u00f1a de \u2018Juani\u2019.<\/p>\n<p>Desde el Frente Mercedinos sostuvieron:<em> \u00abEn la agresi\u00f3n confluyen tres tristes conclusiones: el completo desd\u00e9n por el esfuerzo que se hizo para reacondicionar la instituci\u00f3n; la falta de respeto no solo hacia docentes y alumnos del Conservatorio, sino para todos los vecinos de Mercedes; y el tono que quieren imponer a la campa\u00f1a para las elecciones legislativas que se celebrar\u00e1n este a\u00f1o.\u00a0Pas\u00f3 exactamente una semana desde que se hicieron los trabajos sobre la fachada de la escuela, en los que intervinieron autoridades, alumnos y la militancia del Frente. \u00ab<\/em><\/p>\n<p>Luego del reacondicionamiento, los militantes del FMpV hab\u00edan escrito en su p\u00e1gina de Facebook: \u201c<em>La jornada comenz\u00f3 por la ma\u00f1ana muy temprano, cuando los compa\u00f1eros fueron recibidos por la Directora de la instituci\u00f3n, quien junto a sus colaboradores mostraron su satisfacci\u00f3n y predisposici\u00f3n para trabajar en conjunto, logrando poner en condiciones el lugar para principios del segundo semestre del a\u00f1o. Queremos agradecer e invitar a todos a participar de estas hermosas jornadas de solidaridad y compa\u00f1erismo\u201d.<\/em><\/p>\n","protected":false},"excerpt":{"rendered":"<p>La fachada del Conservatorio de M\u00fasica revalorizado y puesta a nuevo durante la semana pasada por alumnos y docentes del &#8230; <a title=\"Tras puesta en valor pintan Conservatorio de M\u00fasica con leyenda contra Ustarroz\" class=\"read-more\" href=\"https:\/\/www.hoymercedes.com.ar\/principal\/2013\/07\/21\/tras-puesta-en-valor-pintan-conservatorio-de-musica-con-leyenda-contra-ustarroz\/\" aria-label=\"Leer m\u00e1s sobre Tras puesta en valor pintan Conservatorio de M\u00fasica con leyenda contra Ustarroz\">Leer m\u00e1s<\/a><\/p>\n","protected":false},"author":1,"featured_media":0,"comment_status":"open","ping_status":"open","sticky":false,"template":"","format":"standard","meta":{"_monsterinsights_skip_tracking":false,"_monsterinsights_sitenote_active":false,"_monsterinsights_sitenote_note":"","_monsterinsights_sitenote_category":0,"jetpack_post_was_ever_published":false,"_jetpack_newsletter_access":"","_jetpack_dont_email_post_to_subs":false,"_jetpack_newsletter_tier_id":0,"_jetpack_memberships_contains_paywalled_content":false,"_jetpack_memberships_contains_paid_content":false,"footnotes":"","jetpack_publicize_message":"","jetpack_publicize_feature_enabled":true,"jetpack_social_post_already_shared":true,"jetpack_social_options":{"image_generator_settings":{"template":"highway","default_image_id":0,"font":"","enabled":false},"version":2},"_wpas_customize_per_network":false},"categories":[5],"tags":[379],"class_list":["post-23921","post","type-post","status-publish","format-standard","hentry","category-politica","tag-frente-mercedino-para-la-victoria","generate-columns","tablet-grid-50","mobile-grid-100","grid-parent","grid-50"],"jetpack_publicize_connections":[],"jetpack_featured_media_url":"","wps_subtitle":"","jetpack_sharing_enabled":true,"_links":{"self":[{"href":"https:\/\/www.hoymercedes.com.ar\/principal\/wp-json\/wp\/v2\/posts\/23921","targetHints":{"allow":["GET"]}}],"collection":[{"href":"https:\/\/www.hoymercedes.com.ar\/principal\/wp-json\/wp\/v2\/posts"}],"about":[{"href":"https:\/\/www.hoymercedes.com.ar\/principal\/wp-json\/wp\/v2\/types\/post"}],"author":[{"embeddable":true,"href":"https:\/\/www.hoymercedes.com.ar\/principal\/wp-json\/wp\/v2\/users\/1"}],"replies":[{"embeddable":true,"href":"https:\/\/www.hoymercedes.com.ar\/principal\/wp-json\/wp\/v2\/comments?post=23921"}],"version-history":[{"count":0,"href":"https:\/\/www.hoymercedes.com.ar\/principal\/wp-json\/wp\/v2\/posts\/23921\/revisions"}],"wp:attachment":[{"href":"https:\/\/www.hoymercedes.com.ar\/principal\/wp-json\/wp\/v2\/media?parent=23921"}],"wp:term":[{"taxonomy":"category","embeddable":true,"href":"https:\/\/www.hoymercedes.com.ar\/principal\/wp-json\/wp\/v2\/categories?post=23921"},{"taxonomy":"post_tag","embeddable":true,"href":"https:\/\/www.hoymercedes.com.ar\/principal\/wp-json\/wp\/v2\/tags?post=23921"}],"curies":[{"name":"wp","href":"https:\/\/api.w.org\/{rel}","templated":true}]}}