{"id":23925,"date":"2013-07-21T17:22:12","date_gmt":"2013-07-21T17:22:12","guid":{"rendered":"http:\/\/www.hoymercedes.com.ar\/principal\/?p=23925"},"modified":"2013-07-21T17:22:12","modified_gmt":"2013-07-21T17:22:12","slug":"nueva-cena-solidaria-y-equipamiento-para-el-hospital-dubarry","status":"publish","type":"post","link":"https:\/\/www.hoymercedes.com.ar\/principal\/2013\/07\/21\/nueva-cena-solidaria-y-equipamiento-para-el-hospital-dubarry\/","title":{"rendered":"Nueva cena solidaria y equipamiento para el Hospital Dubarry"},"content":{"rendered":"<p><a href=\"https:\/\/www.hoymercedes.com.ar\/principal\/wp-content\/uploads\/2013\/07\/hospital-anuncio-fmpv.jpg\"><img loading=\"lazy\" decoding=\"async\" data-attachment-id=\"23927\" data-permalink=\"https:\/\/www.hoymercedes.com.ar\/principal\/2013\/07\/21\/nueva-cena-solidaria-y-equipamiento-para-el-hospital-dubarry\/hospital-anuncio-fmpv\/#main\" data-orig-file=\"https:\/\/www.hoymercedes.com.ar\/principal\/wp-content\/uploads\/2013\/07\/hospital-anuncio-fmpv.jpg\" data-orig-size=\"620,287\" data-comments-opened=\"1\" data-image-meta=\"{&quot;aperture&quot;:&quot;0&quot;,&quot;credit&quot;:&quot;&quot;,&quot;camera&quot;:&quot;&quot;,&quot;caption&quot;:&quot;&quot;,&quot;created_timestamp&quot;:&quot;0&quot;,&quot;copyright&quot;:&quot;&quot;,&quot;focal_length&quot;:&quot;0&quot;,&quot;iso&quot;:&quot;0&quot;,&quot;shutter_speed&quot;:&quot;0&quot;,&quot;title&quot;:&quot;&quot;}\" data-image-title=\"hospital-anuncio-fmpv\" data-image-description=\"\" data-image-caption=\"\" data-large-file=\"https:\/\/www.hoymercedes.com.ar\/principal\/wp-content\/uploads\/2013\/07\/hospital-anuncio-fmpv.jpg\" class=\"aligncenter size-full wp-image-23927\" alt=\"hospital-anuncio-fmpv\" src=\"https:\/\/www.hoymercedes.com.ar\/principal\/wp-content\/uploads\/2013\/07\/hospital-anuncio-fmpv.jpg\" width=\"620\" height=\"287\" \/><\/a><\/p>\n<p>&nbsp;<\/p>\n<p><em><strong>La llegada de una nueva servocuna y la organizaci\u00f3n de otra cena a beneficio, prevista para el viernes 2 de agosto, fueron los anuncios salientes de una conferencia de prensa realizada en el hospital Blas Dubarry por el primer precandidato a concejal por el Frente Mercedino para la Victoria, Juan Ignacio Ustarroz, y el doctor Rodolfo Pr\u00edncipi.<\/strong><\/em><\/p>\n<p>Adem\u00e1s de Ustarroz y Pr\u00edncipi estuvieron presentes en el anuncio Rosendo Rubiero y Jorge Villarreal, integrantes de la cooperadora, quienes brindaron detalles de la obra en el sector de pediatr\u00eda.<\/p>\n<p><em>\u201cTenemos una alegr\u00eda inmensa de comprobar que las cosas para el hospital van llegando gracias a este verdadero trabajo en equipo. La servocuna, lograda a trav\u00e9s de gestiones ante el Ministerio de Salud de la Naci\u00f3n, es un salto de calidad porque se trata de un equipo de primer\u00edsimo nivel. Y el avance en la remodelaci\u00f3n completa del sector de pediatr\u00eda tambi\u00e9n nos da much\u00edsima satisfacci\u00f3n\u201d<\/em>, expres\u00f3 Ustarroz.<\/p>\n<p><em>\u201cAc\u00e1 est\u00e1 la obra de todos los vecinos, y en funci\u00f3n de lo que fue la experiencia de la anterior, podemos anunciar la realizaci\u00f3n de una nueva cena solidaria a beneficio del hospital Blas Dubarry. Ser\u00e1 el viernes 2 de agosto, a partir de las 21, otra vez en la sede del club Estudiantes, a cuyos directivos tambi\u00e9n agradecemos. Ojal\u00e1 podamos repetir el \u00e9xito. En los pr\u00f3ximos d\u00edas ya estar\u00e1n saliendo a la venta las entradas\u201d<\/em>, agreg\u00f3.<\/p>\n<p>Por su parte, Pr\u00edncipi manifest\u00f3 que <em>\u201cla servocuna que ten\u00edamos era digna de un museo, como me dijo una vez un funcionario del Ministerio de Salud. Esta nueva, de un valor aproximado a los 35 mil pesos, es un equipamiento que suelen tener las cl\u00ednicas privadas y para nosotros es de una gran ayuda y utilidad\u201d.<\/em><\/p>\n<p><img loading=\"lazy\" decoding=\"async\" data-attachment-id=\"23928\" data-permalink=\"https:\/\/www.hoymercedes.com.ar\/principal\/2013\/07\/21\/nueva-cena-solidaria-y-equipamiento-para-el-hospital-dubarry\/servocuna\/#main\" data-orig-file=\"https:\/\/www.hoymercedes.com.ar\/principal\/wp-content\/uploads\/2013\/07\/servocuna.jpg\" data-orig-size=\"620,1123\" data-comments-opened=\"1\" data-image-meta=\"{&quot;aperture&quot;:&quot;0&quot;,&quot;credit&quot;:&quot;&quot;,&quot;camera&quot;:&quot;&quot;,&quot;caption&quot;:&quot;&quot;,&quot;created_timestamp&quot;:&quot;0&quot;,&quot;copyright&quot;:&quot;&quot;,&quot;focal_length&quot;:&quot;0&quot;,&quot;iso&quot;:&quot;0&quot;,&quot;shutter_speed&quot;:&quot;0&quot;,&quot;title&quot;:&quot;&quot;}\" data-image-title=\"servocuna\" data-image-description=\"\" data-image-caption=\"\" data-large-file=\"https:\/\/www.hoymercedes.com.ar\/principal\/wp-content\/uploads\/2013\/07\/servocuna-565x1024.jpg\" class=\"aligncenter size-full wp-image-23928\" alt=\"servocuna\" src=\"https:\/\/www.hoymercedes.com.ar\/principal\/wp-content\/uploads\/2013\/07\/servocuna.jpg\" width=\"620\" height=\"1123\" srcset=\"https:\/\/www.hoymercedes.com.ar\/principal\/wp-content\/uploads\/2013\/07\/servocuna.jpg 620w, https:\/\/www.hoymercedes.com.ar\/principal\/wp-content\/uploads\/2013\/07\/servocuna-165x300.jpg 165w, https:\/\/www.hoymercedes.com.ar\/principal\/wp-content\/uploads\/2013\/07\/servocuna-565x1024.jpg 565w\" sizes=\"auto, (max-width: 620px) 100vw, 620px\" \/><\/p>\n<p><em>\u201cEsto es resultado de unir los esfuerzos dejando de lado las diferencias que puedan existir. Yo les tengo que agradecer a \u2018Juani\u2019; al ministro de Salud de la Naci\u00f3n, Juan Manzur; al de Provincia, Alejandro Collia\u2026 a todos. Y con esta nueva cena programada para el 2 de agosto esperamos el empuj\u00f3n final para terminar el sector de pediatr\u00eda\u201d<\/em>, explic\u00f3.<\/p>\n<p>Rubiero, por su parte, rindi\u00f3 las cuentas sobre lo recaudado en la cena anterior: \u201c<em>Fueron alrededor de 86 mil pesos por venta de entradas y donaciones que, sumados a un subsidio, llegaron a los 110 mil. Tambi\u00e9n hubo mucha gente solidaria que nos prest\u00f3 dinero, m\u00e1s algunos ahorros que ten\u00edamos, con lo que en los trabajos para remodelar todo el sector de pediatr\u00eda llevamos invertidos aproximadamente 300 mil pesos\u201d.<\/em><\/p>\n<p>Con el desarrollo de la obra, explicaron, fueron surgiendo reparaciones necesarias imprevistas: cambio de instalaci\u00f3n el\u00e9ctrica, de ca\u00f1os de agua, adaptaci\u00f3n de normas de seguridad. \u201cEs un edificio de m\u00e1s de 70 a\u00f1os, de 1941\u201d, record\u00f3\u00a0Pr\u00edncipi.<\/p>\n<p><em>\u201cEstamos poniendo todo nuestro esfuerzo para tener la pediatr\u00eda que nos merecemos todos los mercedinos \u2013cerr\u00f3 Rubiero-, y con el apoyo de todos vamos a conseguirlo\u201d.<\/em><\/p>\n<p><em>\u201cCuando advertimos las urgencias que atravesaba el hospital no dudamos ni un momento en dar una mano, en aportar humildemente nuestro granito de arena, porque el inter\u00e9s de los vecinos est\u00e1 siempre por encima de cualquier diferencia. El sue\u00f1o de contar con una pediatr\u00eda a la altura de las necesidades de la ciudad est\u00e1 cada vez m\u00e1s cerca de concretarse, y eso nos hace muy felices\u201d<\/em>, concluy\u00f3 Juan Ustarroz.<\/p>\n<p><span style=\"color: #888888;\">Fuente: FMPV<\/span><\/p>\n<p>&nbsp;<\/p>\n<p>&nbsp;<\/p>\n<p>&nbsp;<\/p>\n","protected":false},"excerpt":{"rendered":"<p>&nbsp; La llegada de una nueva servocuna y la organizaci\u00f3n de otra cena a beneficio, prevista para el viernes 2 &#8230; <a title=\"Nueva cena solidaria y equipamiento para el Hospital Dubarry\" class=\"read-more\" href=\"https:\/\/www.hoymercedes.com.ar\/principal\/2013\/07\/21\/nueva-cena-solidaria-y-equipamiento-para-el-hospital-dubarry\/\" aria-label=\"Leer m\u00e1s sobre Nueva cena solidaria y equipamiento para el Hospital Dubarry\">Leer m\u00e1s<\/a><\/p>\n","protected":false},"author":1,"featured_media":0,"comment_status":"open","ping_status":"open","sticky":false,"template":"","format":"standard","meta":{"_monsterinsights_skip_tracking":false,"_monsterinsights_sitenote_active":false,"_monsterinsights_sitenote_note":"","_monsterinsights_sitenote_category":0,"jetpack_post_was_ever_published":false,"_jetpack_newsletter_access":"","_jetpack_dont_email_post_to_subs":false,"_jetpack_newsletter_tier_id":0,"_jetpack_memberships_contains_paywalled_content":false,"_jetpack_memberships_contains_paid_content":false,"footnotes":"","jetpack_publicize_message":"","jetpack_publicize_feature_enabled":true,"jetpack_social_post_already_shared":true,"jetpack_social_options":{"image_generator_settings":{"template":"highway","default_image_id":0,"font":"","enabled":false},"version":2},"_wpas_customize_per_network":false},"categories":[8],"tags":[532,140,585],"class_list":["post-23925","post","type-post","status-publish","format-standard","hentry","category-sociedad","tag-fito-principi","tag-hospital-dubarry","tag-juan-ustarroz","generate-columns","tablet-grid-50","mobile-grid-100","grid-parent","grid-50"],"jetpack_publicize_connections":[],"jetpack_featured_media_url":"","wps_subtitle":"","jetpack_sharing_enabled":true,"_links":{"self":[{"href":"https:\/\/www.hoymercedes.com.ar\/principal\/wp-json\/wp\/v2\/posts\/23925","targetHints":{"allow":["GET"]}}],"collection":[{"href":"https:\/\/www.hoymercedes.com.ar\/principal\/wp-json\/wp\/v2\/posts"}],"about":[{"href":"https:\/\/www.hoymercedes.com.ar\/principal\/wp-json\/wp\/v2\/types\/post"}],"author":[{"embeddable":true,"href":"https:\/\/www.hoymercedes.com.ar\/principal\/wp-json\/wp\/v2\/users\/1"}],"replies":[{"embeddable":true,"href":"https:\/\/www.hoymercedes.com.ar\/principal\/wp-json\/wp\/v2\/comments?post=23925"}],"version-history":[{"count":0,"href":"https:\/\/www.hoymercedes.com.ar\/principal\/wp-json\/wp\/v2\/posts\/23925\/revisions"}],"wp:attachment":[{"href":"https:\/\/www.hoymercedes.com.ar\/principal\/wp-json\/wp\/v2\/media?parent=23925"}],"wp:term":[{"taxonomy":"category","embeddable":true,"href":"https:\/\/www.hoymercedes.com.ar\/principal\/wp-json\/wp\/v2\/categories?post=23925"},{"taxonomy":"post_tag","embeddable":true,"href":"https:\/\/www.hoymercedes.com.ar\/principal\/wp-json\/wp\/v2\/tags?post=23925"}],"curies":[{"name":"wp","href":"https:\/\/api.w.org\/{rel}","templated":true}]}}