{"id":2407,"date":"2011-02-26T05:40:10","date_gmt":"2011-02-26T05:40:10","guid":{"rendered":"http:\/\/www.hoymercedes.com.ar\/principal\/?p=2407"},"modified":"2011-02-26T05:40:10","modified_gmt":"2011-02-26T05:40:10","slug":"comenzara-a-funcionar-un-centro-orientador-sobre-adicciones-en-el-hospital-dubarry","status":"publish","type":"post","link":"https:\/\/www.hoymercedes.com.ar\/principal\/2011\/02\/26\/comenzara-a-funcionar-un-centro-orientador-sobre-adicciones-en-el-hospital-dubarry\/","title":{"rendered":"Comenzar\u00e1 a funcionar un Centro Orientador sobre Adicciones en el Hospital Dubarry"},"content":{"rendered":"<figure id=\"attachment_607\" aria-describedby=\"caption-attachment-607\" style=\"width: 190px\" class=\"wp-caption alignleft\"><a href=\"https:\/\/www.hoymercedes.com.ar\/principal\/wp-content\/uploads\/2010\/11\/principi.jpg\"><img loading=\"lazy\" decoding=\"async\" data-attachment-id=\"607\" data-permalink=\"https:\/\/www.hoymercedes.com.ar\/principal\/2010\/11\/24\/en-el-hospital-atiende-un-nuevo-medico-generalista\/principi\/#main\" data-orig-file=\"https:\/\/www.hoymercedes.com.ar\/principal\/wp-content\/uploads\/2010\/11\/principi.jpg\" data-orig-size=\"200,134\" data-comments-opened=\"1\" data-image-meta=\"{&quot;aperture&quot;:&quot;0&quot;,&quot;credit&quot;:&quot;&quot;,&quot;camera&quot;:&quot;&quot;,&quot;caption&quot;:&quot;&quot;,&quot;created_timestamp&quot;:&quot;0&quot;,&quot;copyright&quot;:&quot;&quot;,&quot;focal_length&quot;:&quot;0&quot;,&quot;iso&quot;:&quot;0&quot;,&quot;shutter_speed&quot;:&quot;0&quot;,&quot;title&quot;:&quot;&quot;}\" data-image-title=\"principi\" data-image-description=\"\" data-image-caption=\"\" data-large-file=\"https:\/\/www.hoymercedes.com.ar\/principal\/wp-content\/uploads\/2010\/11\/principi.jpg\" class=\"size-full wp-image-607\" title=\"principi\" src=\"https:\/\/www.hoymercedes.com.ar\/principal\/wp-content\/uploads\/2010\/11\/principi.jpg\" alt=\"\" width=\"200\" height=\"134\" \/><\/a><figcaption id=\"caption-attachment-607\" class=\"wp-caption-text\">Rodolfo Principi<\/figcaption><\/figure>\n<p style=\"text-align: justify;\">El director del Hospital Blas\u00a0 L Dubarry,\u00a0 Dr.\u00a0 Rodolfo Principi dio a conocer la implementaci\u00f3n de un nuevo servicio destinado en este caso a personas con problemas de adicciones.<\/p>\n<p style=\"text-align: justify;\">Sostuvo al informar a los medios de prensa \u201chemos decidido con el CPA,\u00a0 Centro Preventivo de las Adicciones a cargo de la licenciada en Psicolog\u00eda Claudia Fraile, comenzar a trabajar juntos en un nuevo servicio que es un Centro de Orientaci\u00f3n a las Adicciones \u00e1rea que todos los pacientes que ingresan no solo por adicciones sino adem\u00e1s por intoxicaciones puedan comenzar a tener una atenci\u00f3n mucho m\u00e1s seria y prolija, especialmente aquellos que tienen problemas de adicci\u00f3n al alcohol y en tal sentido debemos tener en cuenta que lamentablemente algo m\u00e1s del cincuenta por ciento de los accidentes de\u00a0 veh\u00edculos en nuestra ciudad se producen porque el conductor al menos de uno de los mismo ha bebido en exceso.<\/p>\n<p style=\"text-align: justify;\">La idea es captar a este segmento de vecinos, inscribirlos en un libro especial de guardia y a partir de ello comenzar a dar el apoyo necesario con una firme orientaci\u00f3n sobres los pasos que deben seguir para salir de la problem\u00e1tica que est\u00e1n sufriendo.<\/p>\n<p style=\"text-align: justify;\">Pretendemos que dichas personas tengan una consulta al menos con un psic\u00f3logo, un psiquiatra y todos los profesionales que sean necesarios para encarar un tratamiento serio y responsable y en caso de ser algo complejo existe la posibilidad de integrarlo a un programa especial en el cual hasta se podr\u00edan obtener becas especiales\u00a0 para aquellos pacientes que no cuentan con una cobertura social.<\/p>\n<p style=\"text-align: justify;\">Quien tenga ganas y la posibilidad de contar con una familia que lo acompa\u00f1e, en este tipo de patolog\u00edas es fundamental para quien realiza el tratamiento que los integrantes de sus familias los acompa\u00f1en, es decir que no\u00a0 los abandonen o los dejen solos, pueden concurrir los d\u00edas lunes al hospital para solicitar en la oficina de estad\u00edstica a partir de la semana pr\u00f3xima de manera totalmente an\u00f3nima, pero si deben dejar algunas iniciales y un n\u00famero telef\u00f3nico para que nosotros podamos trabajar con la debida seguridad y transparencia para estos casos con el debido secreto profesional de todo profesional o Instituto o Centro de Salud.<\/p>\n<p style=\"text-align: justify;\">En parte\u00a0 y m\u00e1s all\u00e1\u00a0 de volver a sostener que en Mercedes llevar adelante tratamientos contra las adicciones es algo que se puede hacer, tambi\u00e9n queremos llegar a la poblaci\u00f3n con toda la informaci\u00f3n necesaria para que comenzando con el alcohol se llegue a instancias mucho m\u00e1s graves como son la marihuana,\u00a0 la coca\u00edna, etc un verdadero flagelo dentro de cualquier sociedad en la que Mercedes por cierto no escapa a estar incluida.<\/p>\n<p style=\"text-align: justify;\">Vamos a tener en el Hospital una nueva herramienta para combatir y prevenir uno de los problemas m\u00e1s importantes por los cuales estamos pasando en la ciudad por eso vuelvo a reiterar que toda aquella persona en encontrar la ayuda necesaria para salir del\u00a0 mal momento que le produce ser adicto a trav\u00e9s de nuestros profesionales puede concurrir sacar su turno los d\u00edas lunes y se tratare de alguien menor de edad entonces si deberemos contar con los datos del mismo para ser citado a los fines de brindarle una explicaci\u00f3n sobre que tipo tratamiento podr\u00e1 recibir, ya sea como lo dije dentro o fuera de la ciudad.<\/p>\n<p style=\"text-align: justify;\">Reitero que este es un verdadero problema para toda una comunidad, se comienza como algo social a trav\u00e9s de una adicci\u00f3n como puede ser el alcoholismo y se puede terminar con sustancias toxicas de muy alto riesgo para la salud\u201d<\/p>\n<p style=\"text-align: justify;\">&nbsp;<\/p>\n","protected":false},"excerpt":{"rendered":"<p>El director del Hospital Blas\u00a0 L Dubarry,\u00a0 Dr.\u00a0 Rodolfo Principi dio a conocer la implementaci\u00f3n de un nuevo servicio destinado &#8230; <a title=\"Comenzar\u00e1 a funcionar un Centro Orientador sobre Adicciones en el Hospital Dubarry\" class=\"read-more\" href=\"https:\/\/www.hoymercedes.com.ar\/principal\/2011\/02\/26\/comenzara-a-funcionar-un-centro-orientador-sobre-adicciones-en-el-hospital-dubarry\/\" aria-label=\"Leer m\u00e1s sobre Comenzar\u00e1 a funcionar un Centro Orientador sobre Adicciones en el Hospital Dubarry\">Leer m\u00e1s<\/a><\/p>\n","protected":false},"author":1,"featured_media":0,"comment_status":"open","ping_status":"open","sticky":false,"template":"","format":"standard","meta":{"_monsterinsights_skip_tracking":false,"_monsterinsights_sitenote_active":false,"_monsterinsights_sitenote_note":"","_monsterinsights_sitenote_category":0,"jetpack_post_was_ever_published":false,"_jetpack_newsletter_access":"","_jetpack_dont_email_post_to_subs":false,"_jetpack_newsletter_tier_id":0,"_jetpack_memberships_contains_paywalled_content":false,"_jetpack_memberships_contains_paid_content":false,"footnotes":"","jetpack_publicize_message":"","jetpack_publicize_feature_enabled":true,"jetpack_social_post_already_shared":false,"jetpack_social_options":{"image_generator_settings":{"template":"highway","default_image_id":0,"font":"","enabled":false},"version":2},"_wpas_customize_per_network":false},"categories":[8],"tags":[140],"class_list":["post-2407","post","type-post","status-publish","format-standard","hentry","category-sociedad","tag-hospital-dubarry","generate-columns","tablet-grid-50","mobile-grid-100","grid-parent","grid-50"],"jetpack_publicize_connections":[],"jetpack_featured_media_url":"","wps_subtitle":"","jetpack_sharing_enabled":true,"_links":{"self":[{"href":"https:\/\/www.hoymercedes.com.ar\/principal\/wp-json\/wp\/v2\/posts\/2407","targetHints":{"allow":["GET"]}}],"collection":[{"href":"https:\/\/www.hoymercedes.com.ar\/principal\/wp-json\/wp\/v2\/posts"}],"about":[{"href":"https:\/\/www.hoymercedes.com.ar\/principal\/wp-json\/wp\/v2\/types\/post"}],"author":[{"embeddable":true,"href":"https:\/\/www.hoymercedes.com.ar\/principal\/wp-json\/wp\/v2\/users\/1"}],"replies":[{"embeddable":true,"href":"https:\/\/www.hoymercedes.com.ar\/principal\/wp-json\/wp\/v2\/comments?post=2407"}],"version-history":[{"count":0,"href":"https:\/\/www.hoymercedes.com.ar\/principal\/wp-json\/wp\/v2\/posts\/2407\/revisions"}],"wp:attachment":[{"href":"https:\/\/www.hoymercedes.com.ar\/principal\/wp-json\/wp\/v2\/media?parent=2407"}],"wp:term":[{"taxonomy":"category","embeddable":true,"href":"https:\/\/www.hoymercedes.com.ar\/principal\/wp-json\/wp\/v2\/categories?post=2407"},{"taxonomy":"post_tag","embeddable":true,"href":"https:\/\/www.hoymercedes.com.ar\/principal\/wp-json\/wp\/v2\/tags?post=2407"}],"curies":[{"name":"wp","href":"https:\/\/api.w.org\/{rel}","templated":true}]}}