{"id":24076,"date":"2013-07-24T15:52:30","date_gmt":"2013-07-24T15:52:30","guid":{"rendered":"http:\/\/www.hoymercedes.com.ar\/principal\/?p=24076"},"modified":"2013-07-24T15:52:30","modified_gmt":"2013-07-24T15:52:30","slug":"dan-a-conocer-centro-de-disposicion-final-para-pilas","status":"publish","type":"post","link":"https:\/\/www.hoymercedes.com.ar\/principal\/2013\/07\/24\/dan-a-conocer-centro-de-disposicion-final-para-pilas\/","title":{"rendered":"Dan a conocer centro de Disposici\u00f3n Final para pilas"},"content":{"rendered":"<p><em><strong>La Municipalidad de Mercedes, a trav\u00e9s del Departamento de Saneamiento Ambiental de la Direcci\u00f3n de Salud implementa un Programa sobre Disposici\u00f3n final de pilas, micropilas y bater\u00edas de equipos electr\u00f3nicos en desuso a trav\u00e9s de un m\u00e9todo propuesto por la ex Secretar\u00eda de Pol\u00edtica Ambiental, hoy Organismo Provincial para el Desarrollo Sostenible (OPDS), mediante Resoluci\u00f3n N\u00ba 221\/97.<\/strong><\/em><\/p>\n<p>El Proceso consiste en la recepci\u00f3n de \u00e9stos materiales, su clasificaci\u00f3n seg\u00fan tama\u00f1o, el agregado de una sustancia neutralizante en bolsas que contienen 25 pilas de distinto tipo y el sellado de las mismas. Luego se disponen 6 packs individuales tratados de igual manera en una bolsa de polietileno de alta densidad y posteriormente se realiza el termosellado. Finalmente, en un molde met\u00e1lico, se coloca una capa de cemento de 4 cm de espesor, en el centro se dispone la bolsa con los 6 packs individuales tratados conteniendo 150 pilas, completando el molde con el resto de la mezcla. Despu\u00e9s de 24 horas se retira el molde y se lo deja secar completamente, por \u00faltimo los bloques as\u00ed obtenidos se utilizan para delimitaci\u00f3n de espacios p\u00fablicos con fines comunitarios. A modo de ejemplo se han colocado bloques delimitando \u00e1reas en los dos Sectores del Parque Municipal, la Pista de Atletismo del Ex. Instituto Mart\u00edn Rodriguez, el estacionamiento de Control Urbano, las veredas de acceso a los CAPS, etc. Otra utilizaci\u00f3n son las letras de la palabra MERCEDES ubicadas en calle 40 y ruta 41 que tambi\u00e9n fueron construidas con pilas en desuso tratadas de la misma forma.<\/p>\n<p>De esta manera la comuna implementa desde Mayo de 1999 este proceso, ininterrumpido, mediante campa\u00f1as de concientizaci\u00f3n y divulgaci\u00f3n llevadas a cabo en diferentes Establecimientos Escolares, tanto p\u00fablicos como privados (en sus tres niveles), Sociedades de Fomento Barriales, micros radiales, programas televisivos, y medios period\u00edsticos locales; recuper\u00e1ndose hasta la fecha (22 de Julio de 2013) 710.700 pilas, micropilas y bater\u00edas.<\/p>\n<p>En la ciudad funcionan distintos centros de acopio de estos materiales en:<\/p>\n<p>\u2022 Direcci\u00f3n de Salud 25 e\/28 y 30 1\u00ba piso<\/p>\n<p>\u2022 CPA Dpto. Saneamiento Ambiental. 36 entre 19 y 21<\/p>\n<p>\u2022 Palacio Municipal 29 N\u00ba 575<\/p>\n<p>\u2022 Centro Cultural Int. Julio C\u00e9sar Gioscio 27 entre 26 y 24<\/p>\n<p>\u2022 Direcci\u00f3n de Deportes Ex. Instituto Mart\u00edn Rodriguez<\/p>\n<p>\u2022 Colegio Santa Mar\u00eda 3 entre 36 y 40<\/p>\n<p>\u2022 Colegio Misericordia 29 esq. 28<\/p>\n<p>\u2022 Escuela Normal JJ de Urquiza Media N\u00ba 5 29 entre 38 y 36<\/p>\n<p>\u2022 Colegio San Patricio 14 entre 19 y 21<\/p>\n<p>\u2022 Quiosco GARABATOS 16 entre 31 y 33<\/p>\n<p>\u2022 Foto DURAND 18 esq. 33<\/p>\n<p>\u2022 City COLOR 29 entre 18 y 16<\/p>\n<p>\u2022 Foto SARUBBA 14 esq. 27<\/p>\n<p>\u2022 TESSORE Hnos. 18 esq. 23<\/p>\n<p>\u2022 Optica SMITH 25 entre 24 y 22<\/p>\n<p>\u2022 Foto RICCA 25 esq. 24<\/p>\n<p>\u2022 EDEN 12 esq. 19<\/p>\n<p>\u2022 ANSELMO TV y Video 30 N\u00ba 915<\/p>\n<p>\u2022 ARGENTEL 20 N\u00ba 474<\/p>\n","protected":false},"excerpt":{"rendered":"<p>La Municipalidad de Mercedes, a trav\u00e9s del Departamento de Saneamiento Ambiental de la Direcci\u00f3n de Salud implementa un Programa sobre &#8230; <a title=\"Dan a conocer centro de Disposici\u00f3n Final para pilas\" class=\"read-more\" href=\"https:\/\/www.hoymercedes.com.ar\/principal\/2013\/07\/24\/dan-a-conocer-centro-de-disposicion-final-para-pilas\/\" aria-label=\"Leer m\u00e1s sobre Dan a conocer centro de Disposici\u00f3n Final para pilas\">Leer m\u00e1s<\/a><\/p>\n","protected":false},"author":1,"featured_media":0,"comment_status":"open","ping_status":"open","sticky":false,"template":"","format":"standard","meta":{"_monsterinsights_skip_tracking":false,"_monsterinsights_sitenote_active":false,"_monsterinsights_sitenote_note":"","_monsterinsights_sitenote_category":0,"jetpack_post_was_ever_published":false,"_jetpack_newsletter_access":"","_jetpack_dont_email_post_to_subs":false,"_jetpack_newsletter_tier_id":0,"_jetpack_memberships_contains_paywalled_content":false,"_jetpack_memberships_contains_paid_content":false,"footnotes":"","jetpack_publicize_message":"","jetpack_publicize_feature_enabled":true,"jetpack_social_post_already_shared":true,"jetpack_social_options":{"image_generator_settings":{"template":"highway","default_image_id":0,"font":"","enabled":false},"version":2},"_wpas_customize_per_network":false},"categories":[30],"tags":[3689],"class_list":["post-24076","post","type-post","status-publish","format-standard","hentry","category-municipio","tag-disposicion-final-de-pilas","generate-columns","tablet-grid-50","mobile-grid-100","grid-parent","grid-50"],"jetpack_publicize_connections":[],"jetpack_featured_media_url":"","wps_subtitle":"","jetpack_sharing_enabled":true,"_links":{"self":[{"href":"https:\/\/www.hoymercedes.com.ar\/principal\/wp-json\/wp\/v2\/posts\/24076","targetHints":{"allow":["GET"]}}],"collection":[{"href":"https:\/\/www.hoymercedes.com.ar\/principal\/wp-json\/wp\/v2\/posts"}],"about":[{"href":"https:\/\/www.hoymercedes.com.ar\/principal\/wp-json\/wp\/v2\/types\/post"}],"author":[{"embeddable":true,"href":"https:\/\/www.hoymercedes.com.ar\/principal\/wp-json\/wp\/v2\/users\/1"}],"replies":[{"embeddable":true,"href":"https:\/\/www.hoymercedes.com.ar\/principal\/wp-json\/wp\/v2\/comments?post=24076"}],"version-history":[{"count":0,"href":"https:\/\/www.hoymercedes.com.ar\/principal\/wp-json\/wp\/v2\/posts\/24076\/revisions"}],"wp:attachment":[{"href":"https:\/\/www.hoymercedes.com.ar\/principal\/wp-json\/wp\/v2\/media?parent=24076"}],"wp:term":[{"taxonomy":"category","embeddable":true,"href":"https:\/\/www.hoymercedes.com.ar\/principal\/wp-json\/wp\/v2\/categories?post=24076"},{"taxonomy":"post_tag","embeddable":true,"href":"https:\/\/www.hoymercedes.com.ar\/principal\/wp-json\/wp\/v2\/tags?post=24076"}],"curies":[{"name":"wp","href":"https:\/\/api.w.org\/{rel}","templated":true}]}}