{"id":2411,"date":"2011-02-26T05:42:48","date_gmt":"2011-02-26T05:42:48","guid":{"rendered":"http:\/\/www.hoymercedes.com.ar\/principal\/?p=2411"},"modified":"2011-02-26T05:42:48","modified_gmt":"2011-02-26T05:42:48","slug":"se-realiza-hoy-en-el-martin-rodriguez-el-festival-con-cierto-rock-2011","status":"publish","type":"post","link":"https:\/\/www.hoymercedes.com.ar\/principal\/2011\/02\/26\/se-realiza-hoy-en-el-martin-rodriguez-el-festival-con-cierto-rock-2011\/","title":{"rendered":"Se realiza hoy en el Mart\u00edn Rodriguez el festival Con Cierto Rock 2011"},"content":{"rendered":"<p>Con una expectativa mucho mayor a la esperada, desde la Direcci\u00f3n de Turismo de la municipalidad se aguarda a que hoy alrededor de las 18.00 comience a vivirse en nuestra ciudad, en el escenario ubicado en el ex instituto Mart\u00edn Rodr\u00edguez, el Con Cierto Rock 2011, un festival muy esperado por muchos j\u00f3venes\u00a0 y\u00a0 no tan j\u00f3venes de nuestra ciudad como as\u00ed tambi\u00e9n en localidades vecinas<\/p>\n<p>Sin duda alguna la presencia de Las Pastillas del Abuelo y\u00a0 Ratones Paranoicos le ha dado al festival que naci\u00f3 de alguna manera cuando en diciembre del a\u00f1o pasado al programarse la parte art\u00edstica de la Fiesta Nacional del Durazno nos qued\u00e1bamos sin la posibilidad, tal como se hab\u00eda dado a conocer en un principio, de contar con la presencia de las Pastillas del Abuelo por lo cual se comenz\u00f3 a evaluar la posibilidad de efectuar un festival como el que hoy se llevara a cabo.<\/p>\n<p>El intendente Carlos Selva sostuvo que \u201cm\u00e1s all\u00e1 de lo que pueda significar en si la realizaci\u00f3n de este vento, lo importante es que el escenario ubicado en las instalaciones del ex Instituto Mart\u00edn Rodr\u00edguez deje ya de ser un elemento que solo se utiliza dos veces al a\u00f1o, cuando se llevan a cabo cada una de las Fiestas nacionales con que cuenta la ciudad de Mercedes.<\/p>\n<p>Es una manea de volver a jerarquizar el play\u00f3n y las amplias comodidades que el mismo brinda para poder llevar a cabo diferentes tipos de espect\u00e1culo y as\u00ed como ahora le toca a los m\u00e1s chicos y el rock tambi\u00e9n tendr\u00e1 su lugar el tango, el folclore y otras expresiones musicales\u201d.<\/p>\n<p>Por su parte en la\u00a0 sede de la Direcci\u00f3n de Turismo se trabajo hasta ayer avanzada ya\u00a0 la tarde en la venta de entradas anticipadas con una buena acogida de parte de los mercedinos\u00a0 ya que hab\u00edan sobrepasado con creces la cantidad de mil entradas vendidas.<\/p>\n<p>De acuerdo a lo manifestado por el personal que se desempe\u00f1a en la Direcci\u00f3n de Turismo el cronograma para la jornada de hoy ser\u00e1 el siguiente: la apertura de las instalaciones del predio ser\u00e1 tal como se hab\u00eda anunciado a las 15.00, pero desde dos horas antes, es decir las 13.00 se podr\u00e1n concurrir para adquirir las entradas en los diferentes sectores del ex Instituto dispuestos para tal fin, habi\u00e9ndose previsto que el ingreso del grupo m\u00e1s importante de gente se concrete a trav\u00e9s de la entrada de la avenida 2 mientras que el estacionamiento de veh\u00edculo se har\u00e1 en el predio que a continuaci\u00f3n del instituto ocupa el Club V\u00e9lez Sarfield con su campo deportivo.<\/p>\n<p>La parte art\u00edstica propiamente dicha estar\u00eda comenzando entre las 17,30 y las 18.00 siendo la banda encargada de abrir el festival\u00a0 La Isla, luego continuar\u00e1n Ra\u00edces Negras, Arde Roma , Evos Margarita ni a palos que es la banda sorpresa especialmente invitada para esta oportunidad\u00a0 y la parte final con los grupos que nos visitar\u00e1, en primer t\u00e9rmino Las Pastillas del Abuelo para cerrar el encuentro Los Ratones Paranoicos.<\/p>\n<p>Recordamos que por expresa disposici\u00f3n de los organizadores debido a los contratos firmados con los grupos que nos visitan no se podr\u00e1n realizar emisiones en directo radiales o televisivas y que hoy las entradas ya no podr\u00e1n adquirirse en la Direcci\u00f3n de Turismo a 20 pesos sino que se vender\u00e1n en la bocas habilitadas en el Instituto a Treinta Pesos tal como lo dispuso en su momento el Intendente Carlos Selva.<\/p>\n<p>Hasta los \u00faltimos minutos de la tarde-noche de ayer se trabaj\u00f3 en el lugar donde se llevar\u00e1 a cabo el festival dando los toque finales a todos los detalles necesarios para vivir este s\u00e1bado una verdadera fiesta en la ciudad<\/p>\n<p>&nbsp;<\/p>\n<p>&nbsp;<\/p>\n","protected":false},"excerpt":{"rendered":"<p>Con una expectativa mucho mayor a la esperada, desde la Direcci\u00f3n de Turismo de la municipalidad se aguarda a que &#8230; <a title=\"Se realiza hoy en el Mart\u00edn Rodriguez el festival Con Cierto Rock 2011\" class=\"read-more\" href=\"https:\/\/www.hoymercedes.com.ar\/principal\/2011\/02\/26\/se-realiza-hoy-en-el-martin-rodriguez-el-festival-con-cierto-rock-2011\/\" aria-label=\"Leer m\u00e1s sobre Se realiza hoy en el Mart\u00edn Rodriguez el festival Con Cierto Rock 2011\">Leer m\u00e1s<\/a><\/p>\n","protected":false},"author":1,"featured_media":0,"comment_status":"open","ping_status":"open","sticky":false,"template":"","format":"standard","meta":{"_monsterinsights_skip_tracking":false,"_monsterinsights_sitenote_active":false,"_monsterinsights_sitenote_note":"","_monsterinsights_sitenote_category":0,"jetpack_post_was_ever_published":false,"_jetpack_newsletter_access":"","_jetpack_dont_email_post_to_subs":false,"_jetpack_newsletter_tier_id":0,"_jetpack_memberships_contains_paywalled_content":false,"_jetpack_memberships_contains_paid_content":false,"footnotes":"","jetpack_publicize_message":"","jetpack_publicize_feature_enabled":true,"jetpack_social_post_already_shared":false,"jetpack_social_options":{"image_generator_settings":{"template":"highway","default_image_id":0,"font":"","enabled":false},"version":2},"_wpas_customize_per_network":false},"categories":[30],"tags":[505],"class_list":["post-2411","post","type-post","status-publish","format-standard","hentry","category-municipio","tag-con-rock","generate-columns","tablet-grid-50","mobile-grid-100","grid-parent","grid-50"],"jetpack_publicize_connections":[],"jetpack_featured_media_url":"","wps_subtitle":"","jetpack_sharing_enabled":true,"_links":{"self":[{"href":"https:\/\/www.hoymercedes.com.ar\/principal\/wp-json\/wp\/v2\/posts\/2411","targetHints":{"allow":["GET"]}}],"collection":[{"href":"https:\/\/www.hoymercedes.com.ar\/principal\/wp-json\/wp\/v2\/posts"}],"about":[{"href":"https:\/\/www.hoymercedes.com.ar\/principal\/wp-json\/wp\/v2\/types\/post"}],"author":[{"embeddable":true,"href":"https:\/\/www.hoymercedes.com.ar\/principal\/wp-json\/wp\/v2\/users\/1"}],"replies":[{"embeddable":true,"href":"https:\/\/www.hoymercedes.com.ar\/principal\/wp-json\/wp\/v2\/comments?post=2411"}],"version-history":[{"count":0,"href":"https:\/\/www.hoymercedes.com.ar\/principal\/wp-json\/wp\/v2\/posts\/2411\/revisions"}],"wp:attachment":[{"href":"https:\/\/www.hoymercedes.com.ar\/principal\/wp-json\/wp\/v2\/media?parent=2411"}],"wp:term":[{"taxonomy":"category","embeddable":true,"href":"https:\/\/www.hoymercedes.com.ar\/principal\/wp-json\/wp\/v2\/categories?post=2411"},{"taxonomy":"post_tag","embeddable":true,"href":"https:\/\/www.hoymercedes.com.ar\/principal\/wp-json\/wp\/v2\/tags?post=2411"}],"curies":[{"name":"wp","href":"https:\/\/api.w.org\/{rel}","templated":true}]}}