{"id":24128,"date":"2013-07-26T01:15:51","date_gmt":"2013-07-26T01:15:51","guid":{"rendered":"http:\/\/www.hoymercedes.com.ar\/principal\/?p=24128"},"modified":"2013-07-26T01:15:51","modified_gmt":"2013-07-26T01:15:51","slug":"estado-nacional-invertira-600-mil-pesos-en-escuelas-mercedinas","status":"publish","type":"post","link":"https:\/\/www.hoymercedes.com.ar\/principal\/2013\/07\/26\/estado-nacional-invertira-600-mil-pesos-en-escuelas-mercedinas\/","title":{"rendered":"Estado Nacional invertir\u00e1 600 mil pesos en escuelas mercedinas"},"content":{"rendered":"<p><a href=\"https:\/\/www.hoymercedes.com.ar\/principal\/wp-content\/uploads\/2013\/07\/fmpv-escuela.I1.jpg\"><img loading=\"lazy\" decoding=\"async\" data-attachment-id=\"24131\" data-permalink=\"https:\/\/www.hoymercedes.com.ar\/principal\/2013\/07\/26\/estado-nacional-invertira-600-mil-pesos-en-escuelas-mercedinas\/fmpv-escuela-i-2\/#main\" data-orig-file=\"https:\/\/www.hoymercedes.com.ar\/principal\/wp-content\/uploads\/2013\/07\/fmpv-escuela.I1.jpg\" data-orig-size=\"620,412\" data-comments-opened=\"1\" data-image-meta=\"{&quot;aperture&quot;:&quot;4&quot;,&quot;credit&quot;:&quot;Moreira Mario Hugo&quot;,&quot;camera&quot;:&quot;NIKON D300&quot;,&quot;caption&quot;:&quot;&quot;,&quot;created_timestamp&quot;:&quot;1373645293&quot;,&quot;copyright&quot;:&quot;Moreira Mario Hugo&quot;,&quot;focal_length&quot;:&quot;18&quot;,&quot;iso&quot;:&quot;1000&quot;,&quot;shutter_speed&quot;:&quot;0.005&quot;,&quot;title&quot;:&quot;&quot;}\" data-image-title=\"fmpv-escuela.I\" data-image-description=\"\" data-image-caption=\"\" data-large-file=\"https:\/\/www.hoymercedes.com.ar\/principal\/wp-content\/uploads\/2013\/07\/fmpv-escuela.I1.jpg\" class=\"aligncenter size-full wp-image-24131\" alt=\"fmpv-escuela.I\" src=\"https:\/\/www.hoymercedes.com.ar\/principal\/wp-content\/uploads\/2013\/07\/fmpv-escuela.I1.jpg\" width=\"620\" height=\"412\" \/><\/a><\/p>\n<p><em><strong>El \u00abPlan Mejoras\u00bb arribar\u00e1 a nuestra ciudad con diversas e importantes inversiones en instituciones educativas. Las certificaciones ya fueron entregadas a las autoridades y se espera pronto el arribo de los subsidios. En Mercedes ser\u00e1n la \u00abEscuela T\u00e9cnica N\u00b02\u00bb de Gowland, la \u00abEscuela Agraria\u00bb, el \u00abColegio Industrial\u00bb y el \u00abCentro Educativo\u00bb. Ser\u00e1n cerca de 600 mil pesos.<\/strong><\/em><\/p>\n<p>Varias escuelas de Mercedes recibir\u00e1n una fuerte inversi\u00f3n por parte del Estado Nacional, luego de que el Ministerio de Educaci\u00f3n les confirmara d\u00edas atr\u00e1s a sus autoridades, a trav\u00e9s de la entrega de los certificados respectivos, la llegada de subsidios a trav\u00e9s del Plan de Mejoras.<\/p>\n<p>Las escuelas se hab\u00edan inscripto en el programa tiempo atr\u00e1s y ahora desde el Ministerio, en un acto con las autoridades de los distintos establecimientos educativos y la presencia del primer precandidato a concejal por el Frente Mercedino para la Victoria, Juan Ignacio Ustarroz, les fueron entregados los certificados que confirman la llegada del dinero.<\/p>\n<p><em>\u201cPara nosotros, la educaci\u00f3n es un eje central del proyecto que impulsamos para la ciudad. Por eso nos enorgullece formar parte de estos actos, porque refleja la voluntad inclusiva de crecer individual y colectivamente a trav\u00e9s de la incorporaci\u00f3n del conocimiento y de la recuperaci\u00f3n de los valores esenciales\u201d<\/em>, explic\u00f3 Ustarroz.<\/p>\n<p><a href=\"https:\/\/www.hoymercedes.com.ar\/principal\/wp-content\/uploads\/2013\/07\/fmpv-escuela.II_1.jpg\"><img loading=\"lazy\" decoding=\"async\" data-attachment-id=\"24132\" data-permalink=\"https:\/\/www.hoymercedes.com.ar\/principal\/2013\/07\/26\/estado-nacional-invertira-600-mil-pesos-en-escuelas-mercedinas\/fmpv-escuela-ii-2\/#main\" data-orig-file=\"https:\/\/www.hoymercedes.com.ar\/principal\/wp-content\/uploads\/2013\/07\/fmpv-escuela.II_1.jpg\" data-orig-size=\"620,412\" data-comments-opened=\"1\" data-image-meta=\"{&quot;aperture&quot;:&quot;5.6&quot;,&quot;credit&quot;:&quot;Moreira Mario Hugo&quot;,&quot;camera&quot;:&quot;NIKON D300&quot;,&quot;caption&quot;:&quot;&quot;,&quot;created_timestamp&quot;:&quot;1373640135&quot;,&quot;copyright&quot;:&quot;Moreira Mario Hugo&quot;,&quot;focal_length&quot;:&quot;20&quot;,&quot;iso&quot;:&quot;250&quot;,&quot;shutter_speed&quot;:&quot;0.00125&quot;,&quot;title&quot;:&quot;&quot;}\" data-image-title=\"fmpv-escuela.II\" data-image-description=\"\" data-image-caption=\"\" data-large-file=\"https:\/\/www.hoymercedes.com.ar\/principal\/wp-content\/uploads\/2013\/07\/fmpv-escuela.II_1.jpg\" class=\"aligncenter size-full wp-image-24132\" alt=\"fmpv-escuela.II\" src=\"https:\/\/www.hoymercedes.com.ar\/principal\/wp-content\/uploads\/2013\/07\/fmpv-escuela.II_1.jpg\" width=\"620\" height=\"412\" srcset=\"https:\/\/www.hoymercedes.com.ar\/principal\/wp-content\/uploads\/2013\/07\/fmpv-escuela.II_1.jpg 620w, https:\/\/www.hoymercedes.com.ar\/principal\/wp-content\/uploads\/2013\/07\/fmpv-escuela.II_1-300x199.jpg 300w\" sizes=\"auto, (max-width: 620px) 100vw, 620px\" \/><\/a><\/p>\n<p>En los encuentros con las autoridades de los distintos colegios, \u2018Juani\u2019 estuvo acompa\u00f1ado por la concejal de su bloque Celeste Burone y del primer precandidato a consejero escolar de su lista para las elecciones de este a\u00f1o, Sergio Carini.<\/p>\n<p>Los establecimientos educativos que recibir\u00e1n el dinero son el Centro Educativo para la Producci\u00f3n Total n\u00famero 4, la Escuela T\u00e9cnica Agraria n\u00famero 1, la Escuela T\u00e9cnica n\u00famero 2 de Gowland y el colegio Industrial, que hab\u00edan hecho el pedido correspondiente a trav\u00e9s de Planes de Mejora y ahora recibieron, de parte del Ministerio, la certificaci\u00f3n de que el subsidio llegar\u00e1 en los pr\u00f3ximos d\u00edas.<\/p>\n<p>En ocasi\u00f3n de la visita de los representantes del Ministerio de Educaci\u00f3n, se realizaron dos actos: con el Agrot\u00e9cnico y con la Escuela T\u00e9cnica 2 de Gowland. En el caso del CEPT 4 no se pudo ingresar por el mal estado del camino (luego de las lluvias); y las autoridades del Industrial ya hab\u00edan viajado previamente a recibir los certificados.<\/p>\n<p>Seg\u00fan inform\u00f3 la cartera a cargo de Alberto Sileoni, el monto de los subsidios ser\u00e1n los siguientes: Agrot\u00e9cnica, $ 202.130; Industrial, $ 149.940,56; CEPT 4, $ 88.415; y T\u00e9cnica de Gowland, $ 160.588. Es decir, un monto total de 600 mil pesos.<\/p>\n<p>\u201cLas autoridades de cada establecimiento hicieron oportunamente este pedido y lo que se hizo en este acto es certificar que recibir\u00e1n el dinero\u201d, explic\u00f3 a su turno el docente Sergio Carini, primer precandidato a consejero escolar por el Frente Mercedino.<\/p>\n<p><em>\u201cNo hay posibilidad de ser una sociedad mejor si no es a trav\u00e9s de la educaci\u00f3n y de la decisi\u00f3n pol\u00edtica de desarrollar un proyecto inclusivo, de darles a los chicos las herramientas para que, el d\u00eda de ma\u00f1ana, tengan todos las mismas oportunidades. La llegada de este subsidio a escuelas de Mercedes -como la posibilidad de asistir a estos actos-, nos da much\u00edsima alegr\u00eda porque va en esa misma direcci\u00f3n\u201d<\/em>, cerr\u00f3 Ustarroz.<\/p>\n","protected":false},"excerpt":{"rendered":"<p>El \u00abPlan Mejoras\u00bb arribar\u00e1 a nuestra ciudad con diversas e importantes inversiones en instituciones educativas. Las certificaciones ya fueron entregadas &#8230; <a title=\"Estado Nacional invertir\u00e1 600 mil pesos en escuelas mercedinas\" class=\"read-more\" href=\"https:\/\/www.hoymercedes.com.ar\/principal\/2013\/07\/26\/estado-nacional-invertira-600-mil-pesos-en-escuelas-mercedinas\/\" aria-label=\"Leer m\u00e1s sobre Estado Nacional invertir\u00e1 600 mil pesos en escuelas mercedinas\">Leer m\u00e1s<\/a><\/p>\n","protected":false},"author":1,"featured_media":0,"comment_status":"open","ping_status":"open","sticky":false,"template":"","format":"standard","meta":{"_monsterinsights_skip_tracking":false,"_monsterinsights_sitenote_active":false,"_monsterinsights_sitenote_note":"","_monsterinsights_sitenote_category":0,"jetpack_post_was_ever_published":false,"_jetpack_newsletter_access":"","_jetpack_dont_email_post_to_subs":false,"_jetpack_newsletter_tier_id":0,"_jetpack_memberships_contains_paywalled_content":false,"_jetpack_memberships_contains_paid_content":false,"footnotes":"","jetpack_publicize_message":"","jetpack_publicize_feature_enabled":true,"jetpack_social_post_already_shared":true,"jetpack_social_options":{"image_generator_settings":{"template":"highway","default_image_id":0,"font":"","enabled":false},"version":2},"_wpas_customize_per_network":false},"categories":[23],"tags":[521,585],"class_list":["post-24128","post","type-post","status-publish","format-standard","hentry","category-educacion","tag-escuelas-mercedinas","tag-juan-ustarroz","generate-columns","tablet-grid-50","mobile-grid-100","grid-parent","grid-50"],"jetpack_publicize_connections":[],"jetpack_featured_media_url":"","wps_subtitle":"","jetpack_sharing_enabled":true,"_links":{"self":[{"href":"https:\/\/www.hoymercedes.com.ar\/principal\/wp-json\/wp\/v2\/posts\/24128","targetHints":{"allow":["GET"]}}],"collection":[{"href":"https:\/\/www.hoymercedes.com.ar\/principal\/wp-json\/wp\/v2\/posts"}],"about":[{"href":"https:\/\/www.hoymercedes.com.ar\/principal\/wp-json\/wp\/v2\/types\/post"}],"author":[{"embeddable":true,"href":"https:\/\/www.hoymercedes.com.ar\/principal\/wp-json\/wp\/v2\/users\/1"}],"replies":[{"embeddable":true,"href":"https:\/\/www.hoymercedes.com.ar\/principal\/wp-json\/wp\/v2\/comments?post=24128"}],"version-history":[{"count":0,"href":"https:\/\/www.hoymercedes.com.ar\/principal\/wp-json\/wp\/v2\/posts\/24128\/revisions"}],"wp:attachment":[{"href":"https:\/\/www.hoymercedes.com.ar\/principal\/wp-json\/wp\/v2\/media?parent=24128"}],"wp:term":[{"taxonomy":"category","embeddable":true,"href":"https:\/\/www.hoymercedes.com.ar\/principal\/wp-json\/wp\/v2\/categories?post=24128"},{"taxonomy":"post_tag","embeddable":true,"href":"https:\/\/www.hoymercedes.com.ar\/principal\/wp-json\/wp\/v2\/tags?post=24128"}],"curies":[{"name":"wp","href":"https:\/\/api.w.org\/{rel}","templated":true}]}}