{"id":24177,"date":"2013-07-27T00:31:00","date_gmt":"2013-07-27T00:31:00","guid":{"rendered":"http:\/\/www.hoymercedes.com.ar\/principal\/?p=24177"},"modified":"2013-07-27T00:32:05","modified_gmt":"2013-07-27T00:32:05","slug":"confirman-camaras-de-seguridad-en-ingreso-a-mercedes-y-cruces-de-ruta-n5","status":"publish","type":"post","link":"https:\/\/www.hoymercedes.com.ar\/principal\/2013\/07\/27\/confirman-camaras-de-seguridad-en-ingreso-a-mercedes-y-cruces-de-ruta-n5\/","title":{"rendered":"Confirman c\u00e1maras de seguridad en ingreso a Mercedes y cruces de Ruta N\u00b05"},"content":{"rendered":"<figure id=\"attachment_24179\" aria-describedby=\"caption-attachment-24179\" style=\"width: 610px\" class=\"wp-caption aligncenter\"><a href=\"https:\/\/www.hoymercedes.com.ar\/principal\/wp-content\/uploads\/2013\/07\/Reuni\u00f3nOccovi-Lopez-Ustarroz.jpg\"><img loading=\"lazy\" decoding=\"async\" data-attachment-id=\"24179\" data-permalink=\"https:\/\/www.hoymercedes.com.ar\/principal\/2013\/07\/27\/confirman-camaras-de-seguridad-en-ingreso-a-mercedes-y-cruces-de-ruta-n5\/reunionoccovi-lopez-ustarroz\/#main\" data-orig-file=\"https:\/\/www.hoymercedes.com.ar\/principal\/wp-content\/uploads\/2013\/07\/Reuni\u00f3nOccovi-Lopez-Ustarroz.jpg\" data-orig-size=\"620,413\" data-comments-opened=\"1\" data-image-meta=\"{&quot;aperture&quot;:&quot;4.5&quot;,&quot;credit&quot;:&quot;&quot;,&quot;camera&quot;:&quot;Canon EOS REBEL T3i&quot;,&quot;caption&quot;:&quot;&quot;,&quot;created_timestamp&quot;:&quot;1366299321&quot;,&quot;copyright&quot;:&quot;&quot;,&quot;focal_length&quot;:&quot;33&quot;,&quot;iso&quot;:&quot;400&quot;,&quot;shutter_speed&quot;:&quot;0.016666666666667&quot;,&quot;title&quot;:&quot;&quot;}\" data-image-title=\"Reuni\u00f3nOccovi-Lopez-Ustarroz\" data-image-description=\"\" data-image-caption=\"&lt;p&gt;Reuni\u00f3n en Occovi &amp;#8211; Juan Ustarroz y Juan Pablo L\u00f3pez Baggio&lt;\/p&gt;\n\" data-large-file=\"https:\/\/www.hoymercedes.com.ar\/principal\/wp-content\/uploads\/2013\/07\/Reuni\u00f3nOccovi-Lopez-Ustarroz.jpg\" class=\"size-full wp-image-24179\" alt=\"Reuni\u00f3n en Occovi - Juan Ustarroz y Juan Pablo L\u00f3pez Baggio\" src=\"https:\/\/www.hoymercedes.com.ar\/principal\/wp-content\/uploads\/2013\/07\/Reuni\u00f3nOccovi-Lopez-Ustarroz.jpg\" width=\"620\" height=\"413\" \/><\/a><figcaption id=\"caption-attachment-24179\" class=\"wp-caption-text\">Reuni\u00f3n en Occovi &#8211; Juan Ustarroz y Juan Pablo L\u00f3pez Baggio<\/figcaption><\/figure>\n<p><strong><em>La rotonda del ingreso principal a la ciudad y los cruces de la ruta 5 con la calle 11 y el Acceso Sur tendr\u00e1n nuevas c\u00e1maras de seguridad, seg\u00fan confirmaron desde el \u00d3rgano de Control de Concesiones Viales (OCCOVI), luego de las reuniones mantenidas meses atr\u00e1s por su director con el primer precandidato a concejal del Frente Mercedino para la Victoria, \u00a0Juan Ignacio Ustarroz, y el concejal Juan Pablo L\u00f3pez Baggio.<\/em><\/strong><\/p>\n<p>El anuncio formal se har\u00e1 en los pr\u00f3ximos d\u00edas, una vez cumplido el tr\u00e1mite de la aprobaci\u00f3n del presupuesto, y luego se completar\u00e1 la gesti\u00f3n con la instalaci\u00f3n de las c\u00e1maras en los lugares mencionados y tambi\u00e9n en las cabinas del peaje ubicadas en la ruta 5 a la altura de Olivera.<\/p>\n<p><em>\u201cA partir de un trabajo de campo desarrollado por el Frente sobre el tema de seguridad, llegamos a la conclusi\u00f3n de que buena parte de los delitos cometidos en Mercedes, sobre todos los m\u00e1s traum\u00e1ticos como son los que incluyen armas de fuego, son cometidos por gente que viene de otras ciudades. Consideramos que este refuerzo de nuevas c\u00e1maras ser\u00e1 un gran aporte para la seguridad de todos los vecinos\u201d,<\/em> explic\u00f3 \u00a0Ustarroz.<\/p>\n<p>La instalaci\u00f3n de estas nuevas herramientas se llevar\u00e1 adelante en el marco de otra obra ya anunciada: la de la finalizaci\u00f3n de la ruta 5 (Luj\u00e1n-Carlos Casares), tambi\u00e9n una gesti\u00f3n del Frente a trav\u00e9s de su referente, Ustarroz, y de los diputados mercedinos Eduardo \u2018Wado\u2019 de Pedro (nacional) y Alberto \u2018Cucho\u2019 Espa\u00f1a (bonaerense).<\/p>\n<p>La reuni\u00f3n por las c\u00e1maras se llev\u00f3 a cabo hace unos meses en la oficina del ingeniero Gustavo Gentili, Directoe Ejecutivo del OCCOVI, dependiente de Vialidad Nacional, del Ministerio de Planificaci\u00f3n Federal, Inversi\u00f3n P\u00fablica y Servicios. All\u00ed estuvieron Juani Ustarroz y el presidente del bloque de concejales del FMpV, Juan Pablo L\u00f3pez Baggio.<\/p>\n<p>En el marco de una charla distendida y amena, los mercedinos expusieron ante Gentili las conclusiones del \u2018mapa del delito\u2019 elaborado por la agrupaci\u00f3n y las preocupaciones que exhiben comerciantes y vecinos de la ciudad respecto al tema \u2018seguridad\u2019. De ah\u00ed surgi\u00f3 la idea de instalar nuevas c\u00e1maras en los accesos y reforzar las de los peajes, con herramientas de control de veh\u00edculos y grabaci\u00f3n de patentes, sostuvieron desde la fuerza pol\u00edtica de calle 25.<\/p>\n<p><em>\u201cLa idea que nos impulsa es la \u2018sumar\u2019, y nos da mucha satisfacci\u00f3n poder hacerlo a trav\u00e9s de estas obras. Desde nuestro lugar, siempre con humildad, vamos a hacer todas las gestiones que sean necesarias y est\u00e9n a nuestro alcance para elevar la calidad de vida de todos los mercedinos y tener la ciudad que queremos. El tema de la seguridad es algo que nos involucra a todos y creemos que este anuncio constituye un aporte importante en lo que se refiere a la prevenci\u00f3n del delito\u201d<\/em>, concluy\u00f3 \u2018Juani\u2019 Ustarroz.<\/p>\n<p><span style=\"color: #888888;\">Fuente: Frente Mercedino<\/span><\/p>\n","protected":false},"excerpt":{"rendered":"<p>La rotonda del ingreso principal a la ciudad y los cruces de la ruta 5 con la calle 11 y &#8230; <a title=\"Confirman c\u00e1maras de seguridad en ingreso a Mercedes y cruces de Ruta N\u00b05\" class=\"read-more\" href=\"https:\/\/www.hoymercedes.com.ar\/principal\/2013\/07\/27\/confirman-camaras-de-seguridad-en-ingreso-a-mercedes-y-cruces-de-ruta-n5\/\" aria-label=\"Leer m\u00e1s sobre Confirman c\u00e1maras de seguridad en ingreso a Mercedes y cruces de Ruta N\u00b05\">Leer m\u00e1s<\/a><\/p>\n","protected":false},"author":1,"featured_media":0,"comment_status":"open","ping_status":"open","sticky":false,"template":"","format":"standard","meta":{"_monsterinsights_skip_tracking":false,"_monsterinsights_sitenote_active":false,"_monsterinsights_sitenote_note":"","_monsterinsights_sitenote_category":0,"jetpack_post_was_ever_published":false,"_jetpack_newsletter_access":"","_jetpack_dont_email_post_to_subs":false,"_jetpack_newsletter_tier_id":0,"_jetpack_memberships_contains_paywalled_content":false,"_jetpack_memberships_contains_paid_content":false,"footnotes":"","jetpack_publicize_message":"","jetpack_publicize_feature_enabled":true,"jetpack_social_post_already_shared":true,"jetpack_social_options":{"image_generator_settings":{"template":"highway","default_image_id":0,"font":"","enabled":false},"version":2},"_wpas_customize_per_network":false},"categories":[5],"tags":[3693,3694],"class_list":["post-24177","post","type-post","status-publish","format-standard","hentry","category-politica","tag-camaras-de-seguridad","tag-occovi-mercedes","generate-columns","tablet-grid-50","mobile-grid-100","grid-parent","grid-50"],"jetpack_publicize_connections":[],"jetpack_featured_media_url":"","wps_subtitle":"","jetpack_sharing_enabled":true,"_links":{"self":[{"href":"https:\/\/www.hoymercedes.com.ar\/principal\/wp-json\/wp\/v2\/posts\/24177","targetHints":{"allow":["GET"]}}],"collection":[{"href":"https:\/\/www.hoymercedes.com.ar\/principal\/wp-json\/wp\/v2\/posts"}],"about":[{"href":"https:\/\/www.hoymercedes.com.ar\/principal\/wp-json\/wp\/v2\/types\/post"}],"author":[{"embeddable":true,"href":"https:\/\/www.hoymercedes.com.ar\/principal\/wp-json\/wp\/v2\/users\/1"}],"replies":[{"embeddable":true,"href":"https:\/\/www.hoymercedes.com.ar\/principal\/wp-json\/wp\/v2\/comments?post=24177"}],"version-history":[{"count":0,"href":"https:\/\/www.hoymercedes.com.ar\/principal\/wp-json\/wp\/v2\/posts\/24177\/revisions"}],"wp:attachment":[{"href":"https:\/\/www.hoymercedes.com.ar\/principal\/wp-json\/wp\/v2\/media?parent=24177"}],"wp:term":[{"taxonomy":"category","embeddable":true,"href":"https:\/\/www.hoymercedes.com.ar\/principal\/wp-json\/wp\/v2\/categories?post=24177"},{"taxonomy":"post_tag","embeddable":true,"href":"https:\/\/www.hoymercedes.com.ar\/principal\/wp-json\/wp\/v2\/tags?post=24177"}],"curies":[{"name":"wp","href":"https:\/\/api.w.org\/{rel}","templated":true}]}}