{"id":24288,"date":"2013-07-29T15:42:55","date_gmt":"2013-07-29T15:42:55","guid":{"rendered":"http:\/\/www.hoymercedes.com.ar\/principal\/?p=24288"},"modified":"2013-07-29T15:42:55","modified_gmt":"2013-07-29T15:42:55","slug":"amaya-boudou-la-campora-y-ustarroz-son-todo-lo-mismo","status":"publish","type":"post","link":"https:\/\/www.hoymercedes.com.ar\/principal\/2013\/07\/29\/amaya-boudou-la-campora-y-ustarroz-son-todo-lo-mismo\/","title":{"rendered":"Amaya: \u201cBoudou, La C\u00e1mpora y Ustarroz son todo lo mismo\u201d"},"content":{"rendered":"<p><em><strong>El concejal del oficialismo David Amaya sali\u00f3 al cruce de las candidaturas del Frente Mercedino y afirm\u00f3 que \u201cBoudou, La C\u00e1mpora y Ustarroz son todo lo mismo\u201d.<\/strong><\/em><\/p>\n<p>El secretario general del Sindicato de la Carne David Amaya, si bien no es candidato, se hizo parte del juego de las declaraciones cruzadas. \u00abentiende que se juega en gran parte el futuro de la ciudad\u00bb afirmaron. Es actual concejal del oficialismo y tiene como referentes a Sergio Massa y Carlos Selva, l\u00edderes del Frente Renovador.<\/p>\n<p><em>\u201cMassa representa el equilibrio que necesita este pa\u00eds. Hay cosas que se hicieron bien y tienen que continuar, pero hay otras que no van m\u00e1s. Los m\u00e1s perjudicados son los trabajadores, entre el impuesto a las ganancias y la inflaci\u00f3n\u201d<\/em>, sostuvo el concejal.<\/p>\n<p>El m\u00e1ximo referente del Sindicato de la Carne y concejal selvista entiende que los problemas del pa\u00eds tienen a dos componentes:<em> \u201cBoudou y La C\u00e1mpora son lo peor que le pasa a este pa\u00eds\u201d<\/em>. Y fue m\u00e1s all\u00e1 en la relaci\u00f3n de este concepto con la realidad de Mercedes. <em>\u201cBoudou, La C\u00e1mpora y Ustarroz son lo mismo. La gente se tiene que dar cuenta que este hombre representa a La C\u00e1mpora en la ciudad, por m\u00e1s que no lo digan por ning\u00fan lado. Reniegan de su pertenencia a esta agrupaci\u00f3n cuando antes se sacaban fotos en todos lados y se mostraban con las remeras. Adem\u00e1s no se hacen cargo tampoco que son parte del Frente para la Victoria. Me parece que quieren enga\u00f1ar a la gente o tienen un trastorno de personalidad\u201d<\/em>, dijo el edil del oficialismo.<\/p>\n<p>Amaya, m\u00e1s all\u00e1 de las cr\u00edticas al candidato del Frente Mercedino, entiende que la lista de candidatos locales del Frente Renovador representa la integraci\u00f3n y el di\u00e1logo.<em> \u201cBozzini, Ben\u00edtez, Sabrina, Navarro y Colotta son una clara muestra de los tiempos que vienen para el pa\u00eds. Gente preparada, con experiencia y dispuesto a dialogar para hacer que la ciudad siga progresando con el intendente Carlos Selva\u201d<\/em>, sotuvo.<\/p>\n","protected":false},"excerpt":{"rendered":"<p>El concejal del oficialismo David Amaya sali\u00f3 al cruce de las candidaturas del Frente Mercedino y afirm\u00f3 que \u201cBoudou, La &#8230; <a title=\"Amaya: \u201cBoudou, La C\u00e1mpora y Ustarroz son todo lo mismo\u201d\" class=\"read-more\" href=\"https:\/\/www.hoymercedes.com.ar\/principal\/2013\/07\/29\/amaya-boudou-la-campora-y-ustarroz-son-todo-lo-mismo\/\" aria-label=\"Leer m\u00e1s sobre Amaya: \u201cBoudou, La C\u00e1mpora y Ustarroz son todo lo mismo\u201d\">Leer m\u00e1s<\/a><\/p>\n","protected":false},"author":1,"featured_media":0,"comment_status":"open","ping_status":"open","sticky":false,"template":"","format":"standard","meta":{"_monsterinsights_skip_tracking":false,"_monsterinsights_sitenote_active":false,"_monsterinsights_sitenote_note":"","_monsterinsights_sitenote_category":0,"jetpack_post_was_ever_published":false,"_jetpack_newsletter_access":"","_jetpack_dont_email_post_to_subs":false,"_jetpack_newsletter_tier_id":0,"_jetpack_memberships_contains_paywalled_content":false,"_jetpack_memberships_contains_paid_content":false,"footnotes":"","jetpack_publicize_message":"","jetpack_publicize_feature_enabled":true,"jetpack_social_post_already_shared":true,"jetpack_social_options":{"image_generator_settings":{"template":"highway","default_image_id":0,"font":"","enabled":false},"version":2},"_wpas_customize_per_network":false},"categories":[5],"tags":[1075,400],"class_list":["post-24288","post","type-post","status-publish","format-standard","hentry","category-politica","tag-amaya","tag-david-amaya","generate-columns","tablet-grid-50","mobile-grid-100","grid-parent","grid-50"],"jetpack_publicize_connections":[],"jetpack_featured_media_url":"","wps_subtitle":"","jetpack_sharing_enabled":true,"_links":{"self":[{"href":"https:\/\/www.hoymercedes.com.ar\/principal\/wp-json\/wp\/v2\/posts\/24288","targetHints":{"allow":["GET"]}}],"collection":[{"href":"https:\/\/www.hoymercedes.com.ar\/principal\/wp-json\/wp\/v2\/posts"}],"about":[{"href":"https:\/\/www.hoymercedes.com.ar\/principal\/wp-json\/wp\/v2\/types\/post"}],"author":[{"embeddable":true,"href":"https:\/\/www.hoymercedes.com.ar\/principal\/wp-json\/wp\/v2\/users\/1"}],"replies":[{"embeddable":true,"href":"https:\/\/www.hoymercedes.com.ar\/principal\/wp-json\/wp\/v2\/comments?post=24288"}],"version-history":[{"count":0,"href":"https:\/\/www.hoymercedes.com.ar\/principal\/wp-json\/wp\/v2\/posts\/24288\/revisions"}],"wp:attachment":[{"href":"https:\/\/www.hoymercedes.com.ar\/principal\/wp-json\/wp\/v2\/media?parent=24288"}],"wp:term":[{"taxonomy":"category","embeddable":true,"href":"https:\/\/www.hoymercedes.com.ar\/principal\/wp-json\/wp\/v2\/categories?post=24288"},{"taxonomy":"post_tag","embeddable":true,"href":"https:\/\/www.hoymercedes.com.ar\/principal\/wp-json\/wp\/v2\/tags?post=24288"}],"curies":[{"name":"wp","href":"https:\/\/api.w.org\/{rel}","templated":true}]}}