{"id":24315,"date":"2013-07-30T11:54:42","date_gmt":"2013-07-30T11:54:42","guid":{"rendered":"http:\/\/www.hoymercedes.com.ar\/principal\/?p=24315"},"modified":"2013-07-30T11:54:42","modified_gmt":"2013-07-30T11:54:42","slug":"ustarroz-se-reunio-con-sabatella-y-ghi-con-eje-en-seguridad-y-gestion","status":"publish","type":"post","link":"https:\/\/www.hoymercedes.com.ar\/principal\/2013\/07\/30\/ustarroz-se-reunio-con-sabatella-y-ghi-con-eje-en-seguridad-y-gestion\/","title":{"rendered":"Ustarroz se reuni\u00f3 con Sabatella y Ghi con eje en seguridad y gesti\u00f3n"},"content":{"rendered":"<p><a href=\"https:\/\/www.hoymercedes.com.ar\/principal\/wp-content\/uploads\/2013\/07\/sabatela-ustarroz.jpg\"><img loading=\"lazy\" decoding=\"async\" data-attachment-id=\"24317\" data-permalink=\"https:\/\/www.hoymercedes.com.ar\/principal\/2013\/07\/30\/ustarroz-se-reunio-con-sabatella-y-ghi-con-eje-en-seguridad-y-gestion\/sabatela-ustarroz\/#main\" data-orig-file=\"https:\/\/www.hoymercedes.com.ar\/principal\/wp-content\/uploads\/2013\/07\/sabatela-ustarroz.jpg\" data-orig-size=\"620,348\" data-comments-opened=\"1\" data-image-meta=\"{&quot;aperture&quot;:&quot;0&quot;,&quot;credit&quot;:&quot;&quot;,&quot;camera&quot;:&quot;&quot;,&quot;caption&quot;:&quot;&quot;,&quot;created_timestamp&quot;:&quot;0&quot;,&quot;copyright&quot;:&quot;&quot;,&quot;focal_length&quot;:&quot;0&quot;,&quot;iso&quot;:&quot;0&quot;,&quot;shutter_speed&quot;:&quot;0&quot;,&quot;title&quot;:&quot;&quot;}\" data-image-title=\"sabatela-ustarroz\" data-image-description=\"\" data-image-caption=\"\" data-large-file=\"https:\/\/www.hoymercedes.com.ar\/principal\/wp-content\/uploads\/2013\/07\/sabatela-ustarroz.jpg\" class=\"aligncenter size-full wp-image-24317\" alt=\"sabatela-ustarroz\" src=\"https:\/\/www.hoymercedes.com.ar\/principal\/wp-content\/uploads\/2013\/07\/sabatela-ustarroz.jpg\" width=\"620\" height=\"348\" \/><\/a><\/p>\n<p><em><strong>El pre candidato a Concejal por el Frente Mercedino, Juan Ustarroz, se reuni\u00f3 con el m\u00e1ximo referente del Afsga, Mart\u00edn Sabatella, y el intendente de Mor\u00f3n, Lucas Ghi, en un encuentro \u00a0para mantener un di\u00e1logo sobre seguridad y gesti\u00f3n de recursos pol\u00edticos.<\/strong><\/em><\/p>\n<p><em>\u201cEn distintas reuniones con los vecinos advertimos que dos de sus preocupaciones salientes son la seguridad y tambi\u00e9n la forma en que se maneja el dinero que pagamos todos. Coincidimos en el diagn\u00f3stico y, como parte del desarrollo de distintos proyectos, fuimos hasta Mor\u00f3n para reunirnos con Sabbatella y Ghi, uno ex y el otro actual intendente, que tienen un modelo excelente en estas dos \u00e1reas\u201d,<\/em> expres\u00f3 Juan Ustarroz.<\/p>\n<p>El principal referente del Frente Mercedino para la Victoria, que estuvo acompa\u00f1ado por Marianela Arenillas (trabaja en la sede local del Ministerio de Desarrollo Social de la Naci\u00f3n), visit\u00f3 en primera instancia el centro de monitoreo de las c\u00e1maras de seguridad que est\u00e1n distribuidas por el todo el Partido de Mor\u00f3n.<\/p>\n<p><em>\u00abAll\u00ed\u00a0vio en vivo y en directo el trabajo coordinado que se realiza para la prevenci\u00f3n del delito en toda la ciudad e intercambi\u00f3\u00a0 experiencias con los funcionarios locales; coincidentemente, en estos d\u00edas se confirm\u00f3\u00a0la llegada de nuevas c\u00e1maras de seguridad para los accesos de Mercedes (rotonda principal, los cruces de la ruta 5 con la calle 11 y el Acceso Sur y un refuerzo en las cabinas de peaje de Olivera), una gesti\u00f3n que el propio Ustarroz hab\u00eda hecho ante el director ejecutivo del \u00d3rgano de Control de Concesiones Viales (OCCOVI), el ingeniero Gustavo Gentili.<\/em>\u00ab, afirmaron desde la Fuerza pol\u00edtica local.<\/p>\n<p>En 2012, Mor\u00f3n implement\u00f3\u00a0el Plan Integral de Seguridad Democr\u00e1tica, una herramienta en la que centraliza la atenci\u00f3n a las l\u00edneas telef\u00f3nicas de Defensa Civil y el SAME, en la que a trav\u00e9s de sistemas GPS monitorea la flota de patrulleros, ambulancias y veh\u00edculos municipales y con la que se optimizan los tiempos de reacci\u00f3n y respuesta.<\/p>\n<p>Ustarroz luego mantuvo una reuni\u00f3n con Sabbatella, principal referente de Nuevo Encuentro, diputado nacional, actual titular de la Autoridad Federal de Servicios de Comunicaci\u00f3n Audiovisual (AFSCA) y ex intendente del Partido de Mor\u00f3n.<\/p>\n<p><em>\u201cMart\u00edn ha realizado un trabajo \u00f3ptimo en todos los aspectos y espec\u00edficamente en lo que se trata de la transparencia en la gesti\u00f3n. No es casual que su tarea al frente del Partido de Mor\u00f3n haya sido reconocida por su honestidad y eficiencia. Hablamos mucho de los instrumentos que se deben aplicar para fiscalizar correctamente el uso de los recursos p\u00fablicos desde todos los \u00e1mbitos municipales\u201d<\/em>, explic\u00f3 el doctor Ustarroz.<\/p>\n<p>\u00abEntre los aspectos puntuales del proyecto llevado adelante en Mor\u00f3n, Sabbatella y \u2018Juani\u2019 repasaron la Declaraci\u00f3n Jurada Patrimonial de todos los funcionarios que integran el departamento Ejecutivo comunal, el Acceso irrestricto a la informaci\u00f3n p\u00fablica, los informes trimestrales de la ejecuci\u00f3n del presupuesto, las audiencias p\u00fablicas para determinar prioridades de gesti\u00f3n y la elaboraci\u00f3n participativa de normas.\u00bb comentaron desde el Frente Mercedino<\/p>\n<p><em>\u201cTambi\u00e9n me cont\u00f3 de otros proyectos que van en el mismo sentido y que se aplican en Mor\u00f3n \u2013agreg\u00f3\u00a0Ustarroz-, como la n\u00f3mina de empleados municipales, una oficina anticorrupci\u00f3n y un control sobre la gesti\u00f3n ejecutiva. De todo este paquete resulta lo que nosotros queremos para Mercedes: una transparencia total desde el gobierno\u201d.<\/em>, desarrollo.<\/p>\n<p>La jornada de Juan Ustarroz y Marianela Arenillas en Mor\u00f3n finaliz\u00f3 con un \u00faltimo encuentro, esta vez con el intendente Lucas Ghi y parte de su equipo.<\/p>\n<p><img loading=\"lazy\" decoding=\"async\" data-attachment-id=\"24318\" data-permalink=\"https:\/\/www.hoymercedes.com.ar\/principal\/2013\/07\/30\/ustarroz-se-reunio-con-sabatella-y-ghi-con-eje-en-seguridad-y-gestion\/ustarroz-ghi\/#main\" data-orig-file=\"https:\/\/www.hoymercedes.com.ar\/principal\/wp-content\/uploads\/2013\/07\/ustarroz-ghi.jpg\" data-orig-size=\"620,416\" data-comments-opened=\"1\" data-image-meta=\"{&quot;aperture&quot;:&quot;0&quot;,&quot;credit&quot;:&quot;&quot;,&quot;camera&quot;:&quot;&quot;,&quot;caption&quot;:&quot;&quot;,&quot;created_timestamp&quot;:&quot;0&quot;,&quot;copyright&quot;:&quot;&quot;,&quot;focal_length&quot;:&quot;0&quot;,&quot;iso&quot;:&quot;0&quot;,&quot;shutter_speed&quot;:&quot;0&quot;,&quot;title&quot;:&quot;&quot;}\" data-image-title=\"ustarroz-ghi\" data-image-description=\"\" data-image-caption=\"\" data-large-file=\"https:\/\/www.hoymercedes.com.ar\/principal\/wp-content\/uploads\/2013\/07\/ustarroz-ghi.jpg\" class=\"aligncenter size-full wp-image-24318\" alt=\"ustarroz-ghi\" src=\"https:\/\/www.hoymercedes.com.ar\/principal\/wp-content\/uploads\/2013\/07\/ustarroz-ghi.jpg\" width=\"620\" height=\"416\" srcset=\"https:\/\/www.hoymercedes.com.ar\/principal\/wp-content\/uploads\/2013\/07\/ustarroz-ghi.jpg 620w, https:\/\/www.hoymercedes.com.ar\/principal\/wp-content\/uploads\/2013\/07\/ustarroz-ghi-300x201.jpg 300w\" sizes=\"auto, (max-width: 620px) 100vw, 620px\" \/><\/p>\n<p><em>\u201cLucas le ha dado continuidad a la gesti\u00f3n de Mart\u00edn y Mor\u00f3n sigue siendo un municipio modelo, con transparencia en su gesti\u00f3n, con sus cuentas claras, con sus vecinos teniendo una participaci\u00f3n activa en las prioridades y en las cuestiones a resolver. Nos volvimos muy satisfechos porque incorporamos conocimientos y experiencias que podemos aplicar en las propuestas que venimos elaborando para nuestra ciudad<\/em>\u201d. Asegur\u00f3 el primer pre candidato.<\/p>\n","protected":false},"excerpt":{"rendered":"<p>El pre candidato a Concejal por el Frente Mercedino, Juan Ustarroz, se reuni\u00f3 con el m\u00e1ximo referente del Afsga, Mart\u00edn &#8230; <a title=\"Ustarroz se reuni\u00f3 con Sabatella y Ghi con eje en seguridad y gesti\u00f3n\" class=\"read-more\" href=\"https:\/\/www.hoymercedes.com.ar\/principal\/2013\/07\/30\/ustarroz-se-reunio-con-sabatella-y-ghi-con-eje-en-seguridad-y-gestion\/\" aria-label=\"Leer m\u00e1s sobre Ustarroz se reuni\u00f3 con Sabatella y Ghi con eje en seguridad y gesti\u00f3n\">Leer m\u00e1s<\/a><\/p>\n","protected":false},"author":1,"featured_media":0,"comment_status":"open","ping_status":"open","sticky":false,"template":"","format":"standard","meta":{"_monsterinsights_skip_tracking":false,"_monsterinsights_sitenote_active":false,"_monsterinsights_sitenote_note":"","_monsterinsights_sitenote_category":0,"jetpack_post_was_ever_published":false,"_jetpack_newsletter_access":"","_jetpack_dont_email_post_to_subs":false,"_jetpack_newsletter_tier_id":0,"_jetpack_memberships_contains_paywalled_content":false,"_jetpack_memberships_contains_paid_content":false,"footnotes":"","jetpack_publicize_message":"","jetpack_publicize_feature_enabled":true,"jetpack_social_post_already_shared":true,"jetpack_social_options":{"image_generator_settings":{"template":"highway","default_image_id":0,"font":"","enabled":false},"version":2},"_wpas_customize_per_network":false},"categories":[5],"tags":[3707,3705,3706,1427],"class_list":["post-24315","post","type-post","status-publish","format-standard","hentry","category-politica","tag-lucas-ghi","tag-marianela-arenillas","tag-sabatella","tag-ustarros","generate-columns","tablet-grid-50","mobile-grid-100","grid-parent","grid-50"],"jetpack_publicize_connections":[],"jetpack_featured_media_url":"","wps_subtitle":"","jetpack_sharing_enabled":true,"_links":{"self":[{"href":"https:\/\/www.hoymercedes.com.ar\/principal\/wp-json\/wp\/v2\/posts\/24315","targetHints":{"allow":["GET"]}}],"collection":[{"href":"https:\/\/www.hoymercedes.com.ar\/principal\/wp-json\/wp\/v2\/posts"}],"about":[{"href":"https:\/\/www.hoymercedes.com.ar\/principal\/wp-json\/wp\/v2\/types\/post"}],"author":[{"embeddable":true,"href":"https:\/\/www.hoymercedes.com.ar\/principal\/wp-json\/wp\/v2\/users\/1"}],"replies":[{"embeddable":true,"href":"https:\/\/www.hoymercedes.com.ar\/principal\/wp-json\/wp\/v2\/comments?post=24315"}],"version-history":[{"count":0,"href":"https:\/\/www.hoymercedes.com.ar\/principal\/wp-json\/wp\/v2\/posts\/24315\/revisions"}],"wp:attachment":[{"href":"https:\/\/www.hoymercedes.com.ar\/principal\/wp-json\/wp\/v2\/media?parent=24315"}],"wp:term":[{"taxonomy":"category","embeddable":true,"href":"https:\/\/www.hoymercedes.com.ar\/principal\/wp-json\/wp\/v2\/categories?post=24315"},{"taxonomy":"post_tag","embeddable":true,"href":"https:\/\/www.hoymercedes.com.ar\/principal\/wp-json\/wp\/v2\/tags?post=24315"}],"curies":[{"name":"wp","href":"https:\/\/api.w.org\/{rel}","templated":true}]}}