{"id":24333,"date":"2013-07-30T23:51:46","date_gmt":"2013-07-30T23:51:46","guid":{"rendered":"http:\/\/www.hoymercedes.com.ar\/principal\/?p=24333"},"modified":"2013-07-30T23:51:46","modified_gmt":"2013-07-30T23:51:46","slug":"beniteztengo-muy-en-claro-que-la-lealtad-total-la-tengo-con-los-vecinos","status":"publish","type":"post","link":"https:\/\/www.hoymercedes.com.ar\/principal\/2013\/07\/30\/beniteztengo-muy-en-claro-que-la-lealtad-total-la-tengo-con-los-vecinos\/","title":{"rendered":"Ben\u00edtez:\u201cTengo muy en claro que la lealtad total la tengo con los vecinos\u00bb"},"content":{"rendered":"<figure id=\"attachment_24335\" aria-describedby=\"caption-attachment-24335\" style=\"width: 610px\" class=\"wp-caption aligncenter\"><a href=\"https:\/\/www.hoymercedes.com.ar\/principal\/wp-content\/uploads\/2013\/07\/benitez.jpg\"><img loading=\"lazy\" decoding=\"async\" data-attachment-id=\"24335\" data-permalink=\"https:\/\/www.hoymercedes.com.ar\/principal\/2013\/07\/30\/beniteztengo-muy-en-claro-que-la-lealtad-total-la-tengo-con-los-vecinos\/benitez-3\/#main\" data-orig-file=\"https:\/\/www.hoymercedes.com.ar\/principal\/wp-content\/uploads\/2013\/07\/benitez.jpg\" data-orig-size=\"620,248\" data-comments-opened=\"1\" data-image-meta=\"{&quot;aperture&quot;:&quot;5.6&quot;,&quot;credit&quot;:&quot;&quot;,&quot;camera&quot;:&quot;NIKON D600&quot;,&quot;caption&quot;:&quot;&quot;,&quot;created_timestamp&quot;:&quot;1373369591&quot;,&quot;copyright&quot;:&quot;&quot;,&quot;focal_length&quot;:&quot;36&quot;,&quot;iso&quot;:&quot;160&quot;,&quot;shutter_speed&quot;:&quot;0.0125&quot;,&quot;title&quot;:&quot;&quot;}\" data-image-title=\"benitez\" data-image-description=\"\" data-image-caption=\"&lt;p&gt;Juan Carlos Ben\u00edtez&lt;\/p&gt;\n\" data-large-file=\"https:\/\/www.hoymercedes.com.ar\/principal\/wp-content\/uploads\/2013\/07\/benitez.jpg\" class=\"size-full wp-image-24335\" alt=\"Juan Carlos Ben\u00edtez\" src=\"https:\/\/www.hoymercedes.com.ar\/principal\/wp-content\/uploads\/2013\/07\/benitez.jpg\" width=\"620\" height=\"248\" \/><\/a><figcaption id=\"caption-attachment-24335\" class=\"wp-caption-text\">Juan Carlos Ben\u00edtez<\/figcaption><\/figure>\n<p><em><strong>El pre candidato a concejal por el Frente Renovador, Juan Carlos Ben\u00edtez, habl\u00f3 ante los medio de comunicaci\u00f3n tras tener un encuentro con vecinos de nuestra ciudad onde escuch\u00f3 ideas y propuest<\/strong>as.<\/em><\/p>\n<p><em>\u201cTengo muy en claro que la lealtad total la tengo con los vecinos, porque son ellos los que nos elijen m\u00e1s all\u00e1 de la desconfianza o las dudas que tengan a los distintos partidos pol\u00edticos, porque de alg\u00fan modo tienen confianza en nuestra figura\u201d,<\/em> declar\u00f3 Ben\u00edtez.<\/p>\n<p>En relaci\u00f3n al nuevo espacio pol\u00edtico que integra, sostuvo: <em>\u201cEn el Frente Renovador encuentro un equilibrio entre no sentirse en la parte destructora y tampoco dentro de ese avance autoritario del gobierno nacional. Considero que Massa es un buen indicador y me resulta interesante que diga que se necesita otro camino, la sociedad necesita un camino distinto\u201d<\/em>, coment\u00f3 antes los medios radiales.<\/p>\n<p>Adem\u00e1s, Ben\u00edtez aclar\u00f3 que <em>\u201ces bueno no mostrarnos como los tirapiedras desde la vidriera de enfrente\u201d ya que considera que hay que respetar a esa gente que valora algunas cosas y otras que no (&#8230;)\u00a0Ante todo soy peronista y comprometido con eso. Es por ello, que trato de analizar la pol\u00edtica en funci\u00f3n de las necesidades sociales y no a costa de un dirigente\u201d<\/em>, afirm\u00f3.<\/p>\n<p><em>\u201cLo que mueve al voto es la confianza que el vecino tiene en quienes pretenden ser sus representantes, Es por ello que, en estos diez d\u00edas que quedan hasta las PASO, estamos presentes en las esquinas de la ciudad con mesas donde se pueden consultar los padrones y seguimos recorriendo las calles y distintas barriadas<\/em>\u201d, concluy\u00f3 el concejal que va como candidato en segundo t\u00e9rmino en la lista 504 que tiene a Ricardo Bozzini encabez\u00e1ndola y es acompa\u00f1ado por Sabrina Selva, Juan Navarro y Cacho Colotta, entre otros.<\/p>\n","protected":false},"excerpt":{"rendered":"<p>El pre candidato a concejal por el Frente Renovador, Juan Carlos Ben\u00edtez, habl\u00f3 ante los medio de comunicaci\u00f3n tras tener &#8230; <a title=\"Ben\u00edtez:\u201cTengo muy en claro que la lealtad total la tengo con los vecinos\u00bb\" class=\"read-more\" href=\"https:\/\/www.hoymercedes.com.ar\/principal\/2013\/07\/30\/beniteztengo-muy-en-claro-que-la-lealtad-total-la-tengo-con-los-vecinos\/\" aria-label=\"Leer m\u00e1s sobre Ben\u00edtez:\u201cTengo muy en claro que la lealtad total la tengo con los vecinos\u00bb\">Leer m\u00e1s<\/a><\/p>\n","protected":false},"author":1,"featured_media":0,"comment_status":"open","ping_status":"open","sticky":false,"template":"","format":"standard","meta":{"_monsterinsights_skip_tracking":false,"_monsterinsights_sitenote_active":false,"_monsterinsights_sitenote_note":"","_monsterinsights_sitenote_category":0,"jetpack_post_was_ever_published":false,"_jetpack_newsletter_access":"","_jetpack_dont_email_post_to_subs":false,"_jetpack_newsletter_tier_id":0,"_jetpack_memberships_contains_paywalled_content":false,"_jetpack_memberships_contains_paid_content":false,"footnotes":"","jetpack_publicize_message":"","jetpack_publicize_feature_enabled":true,"jetpack_social_post_already_shared":true,"jetpack_social_options":{"image_generator_settings":{"template":"highway","default_image_id":0,"font":"","enabled":false},"version":2},"_wpas_customize_per_network":false},"categories":[5],"tags":[3647,313,3709],"class_list":["post-24333","post","type-post","status-publish","format-standard","hentry","category-politica","tag-frente-renovador-mercedes","tag-juan-carlos-benitez","tag-paso-mercedes","generate-columns","tablet-grid-50","mobile-grid-100","grid-parent","grid-50"],"jetpack_publicize_connections":[],"jetpack_featured_media_url":"","wps_subtitle":"","jetpack_sharing_enabled":true,"_links":{"self":[{"href":"https:\/\/www.hoymercedes.com.ar\/principal\/wp-json\/wp\/v2\/posts\/24333","targetHints":{"allow":["GET"]}}],"collection":[{"href":"https:\/\/www.hoymercedes.com.ar\/principal\/wp-json\/wp\/v2\/posts"}],"about":[{"href":"https:\/\/www.hoymercedes.com.ar\/principal\/wp-json\/wp\/v2\/types\/post"}],"author":[{"embeddable":true,"href":"https:\/\/www.hoymercedes.com.ar\/principal\/wp-json\/wp\/v2\/users\/1"}],"replies":[{"embeddable":true,"href":"https:\/\/www.hoymercedes.com.ar\/principal\/wp-json\/wp\/v2\/comments?post=24333"}],"version-history":[{"count":0,"href":"https:\/\/www.hoymercedes.com.ar\/principal\/wp-json\/wp\/v2\/posts\/24333\/revisions"}],"wp:attachment":[{"href":"https:\/\/www.hoymercedes.com.ar\/principal\/wp-json\/wp\/v2\/media?parent=24333"}],"wp:term":[{"taxonomy":"category","embeddable":true,"href":"https:\/\/www.hoymercedes.com.ar\/principal\/wp-json\/wp\/v2\/categories?post=24333"},{"taxonomy":"post_tag","embeddable":true,"href":"https:\/\/www.hoymercedes.com.ar\/principal\/wp-json\/wp\/v2\/tags?post=24333"}],"curies":[{"name":"wp","href":"https:\/\/api.w.org\/{rel}","templated":true}]}}