{"id":24357,"date":"2013-07-31T12:03:04","date_gmt":"2013-07-31T12:03:04","guid":{"rendered":"http:\/\/www.hoymercedes.com.ar\/principal\/?p=24357"},"modified":"2013-07-31T12:03:04","modified_gmt":"2013-07-31T12:03:04","slug":"policia-detuvo-a-abusador-en-la-via-publica","status":"publish","type":"post","link":"https:\/\/www.hoymercedes.com.ar\/principal\/2013\/07\/31\/policia-detuvo-a-abusador-en-la-via-publica\/","title":{"rendered":"Polic\u00eda detuvo a abusador en la v\u00eda p\u00fablica"},"content":{"rendered":"<p>Durante la tarde del pasado 25 de julio la Comisaria de nuestra ciudad llev\u00f3 a cabo un movimiento que permiti\u00f3 detener a un sujeto de 47 a\u00f1os de nuestra ciudad por el cargo de \u00ababuso sexual\u00bb.<\/p>\n<p>Seg\u00fan se supo\u00a0efectivos de la Comisaria local lograron detener en horas de la tarde del pasado d\u00eda 25, a un sujeto de 47 a\u00f1os, domiciliado en nuestra ciudad, quien hab\u00eda \u201ctoqueteado\u201d en sus partes \u00edntimas a una ni\u00f1a de 4 a\u00f1os que caminaba junto a su madre por calles 16 y 23; que a esto lo hizo inesperadamente cuando estas pasaban cerca suyo. De inmediato la mujer dio aviso a la Polic\u00eda ( por medio del 911) describiendo sus vestimentas, y as\u00ed los uniformados comenzaron a buscar en la zona a este degenerado, logrando su detenci\u00f3n en calles 29 y 14.<\/p>\n<p>De esta forma el mismo quedo a disposici\u00f3n de la justicia.<\/p>\n<p>&nbsp;<\/p>\n","protected":false},"excerpt":{"rendered":"<p>Durante la tarde del pasado 25 de julio la Comisaria de nuestra ciudad llev\u00f3 a cabo un movimiento que permiti\u00f3 &#8230; <a title=\"Polic\u00eda detuvo a abusador en la v\u00eda p\u00fablica\" class=\"read-more\" href=\"https:\/\/www.hoymercedes.com.ar\/principal\/2013\/07\/31\/policia-detuvo-a-abusador-en-la-via-publica\/\" aria-label=\"Leer m\u00e1s sobre Polic\u00eda detuvo a abusador en la v\u00eda p\u00fablica\">Leer m\u00e1s<\/a><\/p>\n","protected":false},"author":1,"featured_media":0,"comment_status":"open","ping_status":"open","sticky":false,"template":"","format":"standard","meta":{"_monsterinsights_skip_tracking":false,"_monsterinsights_sitenote_active":false,"_monsterinsights_sitenote_note":"","_monsterinsights_sitenote_category":0,"jetpack_post_was_ever_published":false,"_jetpack_newsletter_access":"","_jetpack_dont_email_post_to_subs":false,"_jetpack_newsletter_tier_id":0,"_jetpack_memberships_contains_paywalled_content":false,"_jetpack_memberships_contains_paid_content":false,"footnotes":"","jetpack_publicize_message":"","jetpack_publicize_feature_enabled":true,"jetpack_social_post_already_shared":true,"jetpack_social_options":{"image_generator_settings":{"template":"highway","default_image_id":0,"font":"","enabled":false},"version":2},"_wpas_customize_per_network":false},"categories":[85],"tags":[3652,126],"class_list":["post-24357","post","type-post","status-publish","format-standard","hentry","category-policial","tag-abusador","tag-policia-mercedes","generate-columns","tablet-grid-50","mobile-grid-100","grid-parent","grid-50"],"jetpack_publicize_connections":[],"jetpack_featured_media_url":"","wps_subtitle":"","jetpack_sharing_enabled":true,"_links":{"self":[{"href":"https:\/\/www.hoymercedes.com.ar\/principal\/wp-json\/wp\/v2\/posts\/24357","targetHints":{"allow":["GET"]}}],"collection":[{"href":"https:\/\/www.hoymercedes.com.ar\/principal\/wp-json\/wp\/v2\/posts"}],"about":[{"href":"https:\/\/www.hoymercedes.com.ar\/principal\/wp-json\/wp\/v2\/types\/post"}],"author":[{"embeddable":true,"href":"https:\/\/www.hoymercedes.com.ar\/principal\/wp-json\/wp\/v2\/users\/1"}],"replies":[{"embeddable":true,"href":"https:\/\/www.hoymercedes.com.ar\/principal\/wp-json\/wp\/v2\/comments?post=24357"}],"version-history":[{"count":0,"href":"https:\/\/www.hoymercedes.com.ar\/principal\/wp-json\/wp\/v2\/posts\/24357\/revisions"}],"wp:attachment":[{"href":"https:\/\/www.hoymercedes.com.ar\/principal\/wp-json\/wp\/v2\/media?parent=24357"}],"wp:term":[{"taxonomy":"category","embeddable":true,"href":"https:\/\/www.hoymercedes.com.ar\/principal\/wp-json\/wp\/v2\/categories?post=24357"},{"taxonomy":"post_tag","embeddable":true,"href":"https:\/\/www.hoymercedes.com.ar\/principal\/wp-json\/wp\/v2\/tags?post=24357"}],"curies":[{"name":"wp","href":"https:\/\/api.w.org\/{rel}","templated":true}]}}