{"id":2437,"date":"2011-02-27T13:27:21","date_gmt":"2011-02-27T13:27:21","guid":{"rendered":"http:\/\/www.hoymercedes.com.ar\/principal\/?p=2437"},"modified":"2011-02-27T13:27:21","modified_gmt":"2011-02-27T13:27:21","slug":"el-desafio-de-los-valientes-con-nueva-fecha-y-lugar","status":"publish","type":"post","link":"https:\/\/www.hoymercedes.com.ar\/principal\/2011\/02\/27\/el-desafio-de-los-valientes-con-nueva-fecha-y-lugar\/","title":{"rendered":"El desaf\u00edo de los Valientes con nueva fecha  y lugar"},"content":{"rendered":"<figure id=\"attachment_2440\" aria-describedby=\"caption-attachment-2440\" style=\"width: 390px\" class=\"wp-caption alignleft\"><a href=\"https:\/\/www.hoymercedes.com.ar\/principal\/wp-content\/uploads\/2011\/02\/cart.jpg\"><img loading=\"lazy\" decoding=\"async\" data-attachment-id=\"2440\" data-permalink=\"https:\/\/www.hoymercedes.com.ar\/principal\/2011\/02\/27\/el-desafio-de-los-valientes-con-nueva-fecha-y-lugar\/cart\/#main\" data-orig-file=\"https:\/\/www.hoymercedes.com.ar\/principal\/wp-content\/uploads\/2011\/02\/cart.jpg\" data-orig-size=\"400,300\" data-comments-opened=\"1\" data-image-meta=\"{&quot;aperture&quot;:&quot;0&quot;,&quot;credit&quot;:&quot;&quot;,&quot;camera&quot;:&quot;BlackBerry 8520&quot;,&quot;caption&quot;:&quot;&quot;,&quot;created_timestamp&quot;:&quot;0&quot;,&quot;copyright&quot;:&quot;&quot;,&quot;focal_length&quot;:&quot;0&quot;,&quot;iso&quot;:&quot;0&quot;,&quot;shutter_speed&quot;:&quot;0&quot;,&quot;title&quot;:&quot;&quot;}\" data-image-title=\"cart\" data-image-description=\"\" data-image-caption=\"\" data-large-file=\"https:\/\/www.hoymercedes.com.ar\/principal\/wp-content\/uploads\/2011\/02\/cart.jpg\" class=\"size-full wp-image-2440\" title=\"cart\" src=\"https:\/\/www.hoymercedes.com.ar\/principal\/wp-content\/uploads\/2011\/02\/cart.jpg\" alt=\"\" width=\"400\" height=\"300\" \/><\/a><figcaption id=\"caption-attachment-2440\" class=\"wp-caption-text\">Nueva presentaci\u00f2n<\/figcaption><\/figure>\n<p>Finalmente la comisi\u00f3n del Hurac\u00e1n autom\u00f3vil Club y la Direcci\u00f3n de Deportes de la Municipalidad de Mercedes fijaron una nueva fecha para el tan esperado evento que ya tuviera otra postergaci\u00f3n.<\/p>\n<p>En este caso se diagramo no solo la fecha del feriado nacional de 25 de marzo sino que se determino un nuevo lugar para el mismo. El play\u00f3n del Mart\u00edn Rodr\u00edguez ser\u00e1 el lugar ideal para el evento que contara no solo con las figuras Mercedinas sino nos visitaran pilotos de categor\u00edas\u00a0 nacional.<\/p>\n<p>A partir de las 18,00 hs est\u00e1n previstas las pruebas clasificatorias y se realizaran 3 mangas clasificatorias con una final, tambi\u00e9n se contara con servicio de cantina. En d\u00edas m\u00e1s daremos la nomina de pilotos invitados a este desaf\u00edo que por lo que podemos ver ser\u00e1 una actividad m\u00e1s que viene con proyecci\u00f3n para quedarse en el calendario de eventos de la ciudad.<\/p>\n<p>&nbsp;<\/p>\n","protected":false},"excerpt":{"rendered":"<p>Finalmente la comisi\u00f3n del Hurac\u00e1n autom\u00f3vil Club y la Direcci\u00f3n de Deportes de la Municipalidad de Mercedes fijaron una nueva &#8230; <a title=\"El desaf\u00edo de los Valientes con nueva fecha  y lugar\" class=\"read-more\" href=\"https:\/\/www.hoymercedes.com.ar\/principal\/2011\/02\/27\/el-desafio-de-los-valientes-con-nueva-fecha-y-lugar\/\" aria-label=\"Leer m\u00e1s sobre El desaf\u00edo de los Valientes con nueva fecha  y lugar\">Leer m\u00e1s<\/a><\/p>\n","protected":false},"author":1,"featured_media":0,"comment_status":"open","ping_status":"open","sticky":false,"template":"","format":"standard","meta":{"_monsterinsights_skip_tracking":false,"_monsterinsights_sitenote_active":false,"_monsterinsights_sitenote_note":"","_monsterinsights_sitenote_category":0,"jetpack_post_was_ever_published":false,"_jetpack_newsletter_access":"","_jetpack_dont_email_post_to_subs":false,"_jetpack_newsletter_tier_id":0,"_jetpack_memberships_contains_paywalled_content":false,"_jetpack_memberships_contains_paid_content":false,"footnotes":"","jetpack_publicize_message":"","jetpack_publicize_feature_enabled":true,"jetpack_social_post_already_shared":false,"jetpack_social_options":{"image_generator_settings":{"template":"highway","default_image_id":0,"font":"","enabled":false},"version":2},"_wpas_customize_per_network":false},"categories":[8],"tags":[508],"class_list":["post-2437","post","type-post","status-publish","format-standard","hentry","category-sociedad","tag-carting","generate-columns","tablet-grid-50","mobile-grid-100","grid-parent","grid-50"],"jetpack_publicize_connections":[],"jetpack_featured_media_url":"","wps_subtitle":"","jetpack_sharing_enabled":true,"_links":{"self":[{"href":"https:\/\/www.hoymercedes.com.ar\/principal\/wp-json\/wp\/v2\/posts\/2437","targetHints":{"allow":["GET"]}}],"collection":[{"href":"https:\/\/www.hoymercedes.com.ar\/principal\/wp-json\/wp\/v2\/posts"}],"about":[{"href":"https:\/\/www.hoymercedes.com.ar\/principal\/wp-json\/wp\/v2\/types\/post"}],"author":[{"embeddable":true,"href":"https:\/\/www.hoymercedes.com.ar\/principal\/wp-json\/wp\/v2\/users\/1"}],"replies":[{"embeddable":true,"href":"https:\/\/www.hoymercedes.com.ar\/principal\/wp-json\/wp\/v2\/comments?post=2437"}],"version-history":[{"count":0,"href":"https:\/\/www.hoymercedes.com.ar\/principal\/wp-json\/wp\/v2\/posts\/2437\/revisions"}],"wp:attachment":[{"href":"https:\/\/www.hoymercedes.com.ar\/principal\/wp-json\/wp\/v2\/media?parent=2437"}],"wp:term":[{"taxonomy":"category","embeddable":true,"href":"https:\/\/www.hoymercedes.com.ar\/principal\/wp-json\/wp\/v2\/categories?post=2437"},{"taxonomy":"post_tag","embeddable":true,"href":"https:\/\/www.hoymercedes.com.ar\/principal\/wp-json\/wp\/v2\/tags?post=2437"}],"curies":[{"name":"wp","href":"https:\/\/api.w.org\/{rel}","templated":true}]}}