{"id":24383,"date":"2013-08-01T00:51:31","date_gmt":"2013-08-01T00:51:31","guid":{"rendered":"http:\/\/www.hoymercedes.com.ar\/principal\/?p=24383"},"modified":"2013-08-01T00:51:31","modified_gmt":"2013-08-01T00:51:31","slug":"frente-renovador-trabaja-en-mejoras-en-clasica-canchita-de-la-15-en-san-jose","status":"publish","type":"post","link":"https:\/\/www.hoymercedes.com.ar\/principal\/2013\/08\/01\/frente-renovador-trabaja-en-mejoras-en-clasica-canchita-de-la-15-en-san-jose\/","title":{"rendered":"Frente Renovador trabaja en mejoras en cl\u00e1sica \u00abcanchita de la 15\u00bb en San Jos\u00e9"},"content":{"rendered":"<p><a href=\"https:\/\/www.hoymercedes.com.ar\/principal\/wp-content\/uploads\/2013\/08\/sanjose-cancha15.jpg\"><img loading=\"lazy\" decoding=\"async\" data-attachment-id=\"24385\" data-permalink=\"https:\/\/www.hoymercedes.com.ar\/principal\/2013\/08\/01\/frente-renovador-trabaja-en-mejoras-en-clasica-canchita-de-la-15-en-san-jose\/sanjose-cancha15\/#main\" data-orig-file=\"https:\/\/www.hoymercedes.com.ar\/principal\/wp-content\/uploads\/2013\/08\/sanjose-cancha15.jpg\" data-orig-size=\"620,413\" data-comments-opened=\"1\" data-image-meta=\"{&quot;aperture&quot;:&quot;9&quot;,&quot;credit&quot;:&quot;&quot;,&quot;camera&quot;:&quot;NIKON D3100&quot;,&quot;caption&quot;:&quot;&quot;,&quot;created_timestamp&quot;:&quot;1374882405&quot;,&quot;copyright&quot;:&quot;&quot;,&quot;focal_length&quot;:&quot;24&quot;,&quot;iso&quot;:&quot;400&quot;,&quot;shutter_speed&quot;:&quot;0.008&quot;,&quot;title&quot;:&quot;&quot;}\" data-image-title=\"sanjose-cancha15\" data-image-description=\"\" data-image-caption=\"\" data-large-file=\"https:\/\/www.hoymercedes.com.ar\/principal\/wp-content\/uploads\/2013\/08\/sanjose-cancha15.jpg\" class=\"aligncenter size-full wp-image-24385\" alt=\"sanjose-cancha15\" src=\"https:\/\/www.hoymercedes.com.ar\/principal\/wp-content\/uploads\/2013\/08\/sanjose-cancha15.jpg\" width=\"620\" height=\"413\" \/><\/a><\/p>\n<p><em><strong>Militantes del Frente Renovador junto con vecinos del barrio San Jos\u00e9 reacondicionaron una cancha de f\u00fatbol y est\u00e1n organizando un campeonato para el s\u00e1bado. La canchita es un cl\u00e1sico de la zona utilizada desde hace a\u00f1os por los vecinos.<\/strong><\/em><\/p>\n<p>La militancia del Frente Renovador llev\u00f3 adelante una jornada de trabajo con vecinos del barrio San Jos\u00e9, donde se acondicion\u00f3 la canchita ubicada en calle 54. El duro trabajo consisti\u00f3 en poner en condiciones el predio y colocar arcos de f\u00fatbol. Adem\u00e1s los j\u00f3venes militantes obtuvieron de parte de la Municipalidad balones de f\u00fatbol que fueron entregados en la barriada para que los chicos de la zona puedan jugar.<\/p>\n<p>Tambi\u00e9n confirmaron que el s\u00e1bado pr\u00f3ximo se llevar\u00e1 adelante un torneo de f\u00fatbol con la inscripci\u00f3n de diferentes equipos y con una finalidad: juntar dinero para comprar juguetes para el pr\u00f3ximo festejo del D\u00eda del Ni\u00f1o.<\/p>\n","protected":false},"excerpt":{"rendered":"<p>Militantes del Frente Renovador junto con vecinos del barrio San Jos\u00e9 reacondicionaron una cancha de f\u00fatbol y est\u00e1n organizando un &#8230; <a title=\"Frente Renovador trabaja en mejoras en cl\u00e1sica \u00abcanchita de la 15\u00bb en San Jos\u00e9\" class=\"read-more\" href=\"https:\/\/www.hoymercedes.com.ar\/principal\/2013\/08\/01\/frente-renovador-trabaja-en-mejoras-en-clasica-canchita-de-la-15-en-san-jose\/\" aria-label=\"Leer m\u00e1s sobre Frente Renovador trabaja en mejoras en cl\u00e1sica \u00abcanchita de la 15\u00bb en San Jos\u00e9\">Leer m\u00e1s<\/a><\/p>\n","protected":false},"author":1,"featured_media":0,"comment_status":"open","ping_status":"open","sticky":false,"template":"","format":"standard","meta":{"_monsterinsights_skip_tracking":false,"_monsterinsights_sitenote_active":false,"_monsterinsights_sitenote_note":"","_monsterinsights_sitenote_category":0,"jetpack_post_was_ever_published":false,"_jetpack_newsletter_access":"","_jetpack_dont_email_post_to_subs":false,"_jetpack_newsletter_tier_id":0,"_jetpack_memberships_contains_paywalled_content":false,"_jetpack_memberships_contains_paid_content":false,"footnotes":"","jetpack_publicize_message":"","jetpack_publicize_feature_enabled":true,"jetpack_social_post_already_shared":true,"jetpack_social_options":{"image_generator_settings":{"template":"highway","default_image_id":0,"font":"","enabled":false},"version":2},"_wpas_customize_per_network":false},"categories":[5],"tags":[1868,3537],"class_list":["post-24383","post","type-post","status-publish","format-standard","hentry","category-politica","tag-barrio-san-jose","tag-frente-renovador","generate-columns","tablet-grid-50","mobile-grid-100","grid-parent","grid-50"],"jetpack_publicize_connections":[],"jetpack_featured_media_url":"","wps_subtitle":"","jetpack_sharing_enabled":true,"_links":{"self":[{"href":"https:\/\/www.hoymercedes.com.ar\/principal\/wp-json\/wp\/v2\/posts\/24383","targetHints":{"allow":["GET"]}}],"collection":[{"href":"https:\/\/www.hoymercedes.com.ar\/principal\/wp-json\/wp\/v2\/posts"}],"about":[{"href":"https:\/\/www.hoymercedes.com.ar\/principal\/wp-json\/wp\/v2\/types\/post"}],"author":[{"embeddable":true,"href":"https:\/\/www.hoymercedes.com.ar\/principal\/wp-json\/wp\/v2\/users\/1"}],"replies":[{"embeddable":true,"href":"https:\/\/www.hoymercedes.com.ar\/principal\/wp-json\/wp\/v2\/comments?post=24383"}],"version-history":[{"count":0,"href":"https:\/\/www.hoymercedes.com.ar\/principal\/wp-json\/wp\/v2\/posts\/24383\/revisions"}],"wp:attachment":[{"href":"https:\/\/www.hoymercedes.com.ar\/principal\/wp-json\/wp\/v2\/media?parent=24383"}],"wp:term":[{"taxonomy":"category","embeddable":true,"href":"https:\/\/www.hoymercedes.com.ar\/principal\/wp-json\/wp\/v2\/categories?post=24383"},{"taxonomy":"post_tag","embeddable":true,"href":"https:\/\/www.hoymercedes.com.ar\/principal\/wp-json\/wp\/v2\/tags?post=24383"}],"curies":[{"name":"wp","href":"https:\/\/api.w.org\/{rel}","templated":true}]}}