{"id":24387,"date":"2013-08-01T01:01:00","date_gmt":"2013-08-01T01:01:00","guid":{"rendered":"http:\/\/www.hoymercedes.com.ar\/principal\/?p=24387"},"modified":"2013-08-01T01:01:00","modified_gmt":"2013-08-01T01:01:00","slug":"fmpv-desmiente-espana-de-pedro-ustarroz-o-cualquiera-de-ellos-haya-comprado-la-clinica","status":"publish","type":"post","link":"https:\/\/www.hoymercedes.com.ar\/principal\/2013\/08\/01\/fmpv-desmiente-espana-de-pedro-ustarroz-o-cualquiera-de-ellos-haya-comprado-la-clinica\/","title":{"rendered":"FMPV desmiente \u00abEspa\u00f1a, De Pedro, Ustarroz o cualquiera de ellos haya comprado la Cl\u00ednica"},"content":{"rendered":"<p>Desde hace varios d\u00edas la informaci\u00f3n corr\u00eda como versi\u00f3n tomando cada vez m\u00e1s fuerza. Se dec\u00eda que la Cl\u00ednica de las Mercedes cambiaba este 1 de agosto de manos siendo adquirida por el Diputado Provincial Cucho Espa\u00f1a, integrante del Frente Mercedino. El Diario El Oeste narr\u00f3 la informaci\u00f3n dando una serie de datos que contaban parte de la realidad interna de la Cl\u00ednica y explicando una serie de potenciales movimientos.<\/p>\n<p>El Oeste mencion\u00f3 que\u00a0\u00a0los empleados de la Cl\u00ednica ya saben que no est\u00e1 m\u00e1s a cargo del Dr. Casiraghi y el interventor \u00c1lvarez que desde el primer d\u00eda h\u00e1bil de agosto cambiar\u00e1 la conducci\u00f3n y sosten\u00eda que una posibilidad es que Rodolfo Pr\u00edncipi se quedara a cargo de la Cl\u00ednica que pasar\u00eda a llamarse Cl\u00ednica de la Ciudad.<\/p>\n<p>La noticia despert\u00f3 una serie de inquietudes e interrogantes que llevaron a que el Frente Mercedino emitiera un comunicado no dando lugar a tal situaci\u00f3n afirmando:<\/p>\n<p style=\"padding-left: 60px;\">A ra\u00edz de la noticia publicada en su edici\u00f3n del mi\u00e9rcoles por el diario El Oeste, de nuestra ciudad, queremos desmentir categ\u00f3ricamente la adquisici\u00f3n de la Cl\u00ednica de las Mercedes por parte de los diputados Eduardo \u2018Wado\u2019 de Pedro y Alberto \u2018Cucho\u2019 Espa\u00f1a, del doctor Juan Ignacio Ustarroz o de cualquier otra persona vinculada al Frente Mercedino para la Victoria o la agrupaci\u00f3n La C\u00e1mpora. Nos duele que se juegue con el dolor y la angustia de los trabajadores y sus familias que est\u00e1n expectantes de la resoluci\u00f3n que se tome.<\/p>\n<p style=\"padding-left: 60px;\">Ahora bien, y m\u00e1s all\u00e1 de la formalidad de la desmentida, queremos dejar en claro que la maniobra, por repetida, forma parte evidente de una campa\u00f1a sucia promovida por sectores del oficialismo municipal, del mismo modo que lo hicieron en 2011 con los rumores sobre la llegada de la Villa 31 (luego de perder las primarias); o que se haya reconocido esa propia derrota para despu\u00e9s hablar de fraude (cuando nuestro espacio creci\u00f3 dos mil votos en las generales de octubre); o, m\u00e1s ac\u00e1 en el tiempo, con la denuncia hecha desde un perfil \u2018trucho\u2019 de Facebook sobre una supuesta confecci\u00f3n de DNI ap\u00f3crifos en la ANSES. Esta fue la forma que encontraron de responder la denuncia penal y en la AFIP, que impulsamos con el acompa\u00f1amiento de otros concejales, por las sospechosas y millonarias concesiones en el servicio de mantenimiento de plazas y canteros.<\/p>\n<p style=\"padding-left: 60px;\">\u00a0En 2012 realizamos una exitosa cena a beneficio del hospital Blas Dubarry y ahora, a pocos d\u00edas de repetir la experiencia, curiosamente aparece esta \u2018informaci\u00f3n\u2019.<\/p>\n<p style=\"padding-left: 60px;\">\u00a0No nos van a hacer bajar los brazos. Como tampoco nos hacen bajar los brazos los agresivos \u2018graffitis\u2019 que aparecieron en la fachada del Conservatorio (despu\u00e9s de que militantes del Frente la dejaran \u2018a nuevo\u2019), o las pintadas insultantes hacia la figura de \u2018Juani\u2019 en cercan\u00edas del colegio San Patricio, al que acuden sus hijos.<\/p>\n<p style=\"padding-left: 60px;\">\u00a0Aquella cena por el hospital fue la s\u00edntesis de lo que queremos para nuestra ciudad: sumar, aportar, proponer. Fue ejemplo de que es posible dejar de lado las diferencias y trabajar en armon\u00eda, con un proyecto integrador, para el beneficio de todos, el objetivo que ciment\u00f3 el nacimiento de nuestra agrupaci\u00f3n.<\/p>\n<p style=\"padding-left: 60px;\">\u00a0Nosotros mantenemos las puertas abiertas a todos los vecinos que quieran aportar ideas para mejorar la ciudad y hoy, con orgullo, podemos decir que somos m\u00e1s que los que fuimos en 2011. Escuchamos a los vecinos. Intercambiamos proyectos, los mejoramos con la opini\u00f3n de cada uno. Nos nutrimos y crecemos con el otro. Y nos recargamos cotidianamente las pilas: que no se preocupe tanto el municipio ni gaste el dinero de los vecinos en publicidades en tal sentido, que, por suerte, nuestra energ\u00eda para trabajar por Mercedes es inagotable<\/p>\n<p style=\"padding-left: 60px;\">\n","protected":false},"excerpt":{"rendered":"<p>Desde hace varios d\u00edas la informaci\u00f3n corr\u00eda como versi\u00f3n tomando cada vez m\u00e1s fuerza. Se dec\u00eda que la Cl\u00ednica de &#8230; <a title=\"FMPV desmiente \u00abEspa\u00f1a, De Pedro, Ustarroz o cualquiera de ellos haya comprado la Cl\u00ednica\" class=\"read-more\" href=\"https:\/\/www.hoymercedes.com.ar\/principal\/2013\/08\/01\/fmpv-desmiente-espana-de-pedro-ustarroz-o-cualquiera-de-ellos-haya-comprado-la-clinica\/\" aria-label=\"Leer m\u00e1s sobre FMPV desmiente \u00abEspa\u00f1a, De Pedro, Ustarroz o cualquiera de ellos haya comprado la Cl\u00ednica\">Leer m\u00e1s<\/a><\/p>\n","protected":false},"author":1,"featured_media":0,"comment_status":"open","ping_status":"open","sticky":false,"template":"","format":"standard","meta":{"_monsterinsights_skip_tracking":false,"_monsterinsights_sitenote_active":false,"_monsterinsights_sitenote_note":"","_monsterinsights_sitenote_category":0,"jetpack_post_was_ever_published":false,"_jetpack_newsletter_access":"","_jetpack_dont_email_post_to_subs":false,"_jetpack_newsletter_tier_id":0,"_jetpack_memberships_contains_paywalled_content":false,"_jetpack_memberships_contains_paid_content":false,"footnotes":"","jetpack_publicize_message":"","jetpack_publicize_feature_enabled":true,"jetpack_social_post_already_shared":true,"jetpack_social_options":{"image_generator_settings":{"template":"highway","default_image_id":0,"font":"","enabled":false},"version":2},"_wpas_customize_per_network":false},"categories":[8],"tags":[3716,1204,281],"class_list":["post-24387","post","type-post","status-publish","format-standard","hentry","category-sociedad","tag-clinica-mercedes","tag-cucho-espana","tag-wado-de-pedro","generate-columns","tablet-grid-50","mobile-grid-100","grid-parent","grid-50"],"jetpack_publicize_connections":[],"jetpack_featured_media_url":"","wps_subtitle":"","jetpack_sharing_enabled":true,"_links":{"self":[{"href":"https:\/\/www.hoymercedes.com.ar\/principal\/wp-json\/wp\/v2\/posts\/24387","targetHints":{"allow":["GET"]}}],"collection":[{"href":"https:\/\/www.hoymercedes.com.ar\/principal\/wp-json\/wp\/v2\/posts"}],"about":[{"href":"https:\/\/www.hoymercedes.com.ar\/principal\/wp-json\/wp\/v2\/types\/post"}],"author":[{"embeddable":true,"href":"https:\/\/www.hoymercedes.com.ar\/principal\/wp-json\/wp\/v2\/users\/1"}],"replies":[{"embeddable":true,"href":"https:\/\/www.hoymercedes.com.ar\/principal\/wp-json\/wp\/v2\/comments?post=24387"}],"version-history":[{"count":0,"href":"https:\/\/www.hoymercedes.com.ar\/principal\/wp-json\/wp\/v2\/posts\/24387\/revisions"}],"wp:attachment":[{"href":"https:\/\/www.hoymercedes.com.ar\/principal\/wp-json\/wp\/v2\/media?parent=24387"}],"wp:term":[{"taxonomy":"category","embeddable":true,"href":"https:\/\/www.hoymercedes.com.ar\/principal\/wp-json\/wp\/v2\/categories?post=24387"},{"taxonomy":"post_tag","embeddable":true,"href":"https:\/\/www.hoymercedes.com.ar\/principal\/wp-json\/wp\/v2\/tags?post=24387"}],"curies":[{"name":"wp","href":"https:\/\/api.w.org\/{rel}","templated":true}]}}