{"id":24406,"date":"2013-08-01T11:50:53","date_gmt":"2013-08-01T11:50:53","guid":{"rendered":"http:\/\/www.hoymercedes.com.ar\/principal\/?p=24406"},"modified":"2013-08-01T11:50:53","modified_gmt":"2013-08-01T11:50:53","slug":"frente-renovador-recorrio-y-dialogo-con-vecinos-de-barrio-san-martin","status":"publish","type":"post","link":"https:\/\/www.hoymercedes.com.ar\/principal\/2013\/08\/01\/frente-renovador-recorrio-y-dialogo-con-vecinos-de-barrio-san-martin\/","title":{"rendered":"Frente Renovador recorri\u00f3 y dialog\u00f3 con vecinos de Barrio San Mart\u00edn"},"content":{"rendered":"<p><a href=\"https:\/\/www.hoymercedes.com.ar\/principal\/wp-content\/uploads\/2013\/08\/caminatasanmartin.jpg\"><img loading=\"lazy\" decoding=\"async\" data-attachment-id=\"24408\" data-permalink=\"https:\/\/www.hoymercedes.com.ar\/principal\/2013\/08\/01\/frente-renovador-recorrio-y-dialogo-con-vecinos-de-barrio-san-martin\/caminatasanmartin\/#main\" data-orig-file=\"https:\/\/www.hoymercedes.com.ar\/principal\/wp-content\/uploads\/2013\/08\/caminatasanmartin.jpg\" data-orig-size=\"620,351\" data-comments-opened=\"1\" data-image-meta=\"{&quot;aperture&quot;:&quot;0&quot;,&quot;credit&quot;:&quot;&quot;,&quot;camera&quot;:&quot;&quot;,&quot;caption&quot;:&quot;&quot;,&quot;created_timestamp&quot;:&quot;0&quot;,&quot;copyright&quot;:&quot;&quot;,&quot;focal_length&quot;:&quot;0&quot;,&quot;iso&quot;:&quot;0&quot;,&quot;shutter_speed&quot;:&quot;0&quot;,&quot;title&quot;:&quot;&quot;}\" data-image-title=\"caminatasanmartin\" data-image-description=\"\" data-image-caption=\"\" data-large-file=\"https:\/\/www.hoymercedes.com.ar\/principal\/wp-content\/uploads\/2013\/08\/caminatasanmartin.jpg\" class=\"aligncenter size-full wp-image-24408\" alt=\"caminatasanmartin\" src=\"https:\/\/www.hoymercedes.com.ar\/principal\/wp-content\/uploads\/2013\/08\/caminatasanmartin.jpg\" width=\"620\" height=\"351\" \/><\/a><\/p>\n<p><em><strong>Candidatos y militantes del Frente Renovador caminaron el barrio San Mart\u00edn. Desde el Frente Renovador afirmaron que fueron: \u00abacompa\u00f1ados de la calidez y excelente \u00e1nimo de los vecinos, que los recibieron con los brazos abiertos y dejando en claro dos cosas: hay equipo y esperanza.\u00bb<\/strong><\/em><\/p>\n<p>Candidatos del Frente Renovador como Sabrina Selva y Agust\u00edn Lasala, y Yanina Oviedo, actuales concejales como Carlos Milhomme y militantes tomaron como base de operaciones la unidad b\u00e1sica \u201cCompa\u00f1era Evita\u201d ubicada en el coraz\u00f3n del barrio San Mart\u00edn y de all\u00ed partieron por las calles de la zona para charlar con los vecinos y contarles sobre las propuestas de esta lista 504 que tiene a Sergio Massa como candidato a diputado nacional y a Ricardo Bozzini como primer concejal.<\/p>\n<p><em>\u201cLa gente nos demostr\u00f3 mucho afecto y nos dio muchas fuerzas para seguir adelante con esta campa\u00f1a que nos llena de esperanza, ya que vemos en el horizonte un proyecto pol\u00edtico con mucho futuro<\/em>\u201d, sostuvo Carlos Milhomme luego de la caminata.<\/p>\n<p><em>\u00abLa relaci\u00f3n entre la militancia de la agrupaci\u00f3n 17 de octubre, que tiene a Carlos Selva como l\u00edder, y los vecinos es \u00f3ptima y esto est\u00e1 fundamentado en que nos son las primeras apariciones en el barrio\u00bb<\/em> afirmaron.<\/p>\n<p><em> \u201cHace a\u00f1os que venimos trabajando en el San Mart\u00edn. Desde lo que es gesti\u00f3n hemos trabajado fuertemente con el programa Envi\u00f3n y desde la militancia tambi\u00e9n hemos tenido fuerte presencia en estos dos a\u00f1os, ya que hemos inaugurado esta unidad b\u00e1sica y adem\u00e1s realizado talleres y eventos sociales. No venimos porque son tiempos electorales, sino que lo hacemos siempre\u201d<\/em>, afirm\u00f3 Agust\u00edn Lasala, candidato a concejal en s\u00e9ptimo lugar de la lista 504 y adem\u00e1s un referente en este barrio populoso.<\/p>\n<p>La visita no se circunscribi\u00f3 al San Mart\u00edn sino que los candidatos tambi\u00e9n estuvieron en el Muttis y el Lopardo.<\/p>\n","protected":false},"excerpt":{"rendered":"<p>Candidatos y militantes del Frente Renovador caminaron el barrio San Mart\u00edn. Desde el Frente Renovador afirmaron que fueron: \u00abacompa\u00f1ados de &#8230; <a title=\"Frente Renovador recorri\u00f3 y dialog\u00f3 con vecinos de Barrio San Mart\u00edn\" class=\"read-more\" href=\"https:\/\/www.hoymercedes.com.ar\/principal\/2013\/08\/01\/frente-renovador-recorrio-y-dialogo-con-vecinos-de-barrio-san-martin\/\" aria-label=\"Leer m\u00e1s sobre Frente Renovador recorri\u00f3 y dialog\u00f3 con vecinos de Barrio San Mart\u00edn\">Leer m\u00e1s<\/a><\/p>\n","protected":false},"author":1,"featured_media":0,"comment_status":"open","ping_status":"open","sticky":false,"template":"","format":"standard","meta":{"_monsterinsights_skip_tracking":false,"_monsterinsights_sitenote_active":false,"_monsterinsights_sitenote_note":"","_monsterinsights_sitenote_category":0,"jetpack_post_was_ever_published":false,"_jetpack_newsletter_access":"","_jetpack_dont_email_post_to_subs":false,"_jetpack_newsletter_tier_id":0,"_jetpack_memberships_contains_paywalled_content":false,"_jetpack_memberships_contains_paid_content":false,"footnotes":"","jetpack_publicize_message":"","jetpack_publicize_feature_enabled":true,"jetpack_social_post_already_shared":true,"jetpack_social_options":{"image_generator_settings":{"template":"highway","default_image_id":0,"font":"","enabled":false},"version":2},"_wpas_customize_per_network":false},"categories":[5],"tags":[1041,3537],"class_list":["post-24406","post","type-post","status-publish","format-standard","hentry","category-politica","tag-barrio-san-martin","tag-frente-renovador","generate-columns","tablet-grid-50","mobile-grid-100","grid-parent","grid-50"],"jetpack_publicize_connections":[],"jetpack_featured_media_url":"","wps_subtitle":"","jetpack_sharing_enabled":true,"_links":{"self":[{"href":"https:\/\/www.hoymercedes.com.ar\/principal\/wp-json\/wp\/v2\/posts\/24406","targetHints":{"allow":["GET"]}}],"collection":[{"href":"https:\/\/www.hoymercedes.com.ar\/principal\/wp-json\/wp\/v2\/posts"}],"about":[{"href":"https:\/\/www.hoymercedes.com.ar\/principal\/wp-json\/wp\/v2\/types\/post"}],"author":[{"embeddable":true,"href":"https:\/\/www.hoymercedes.com.ar\/principal\/wp-json\/wp\/v2\/users\/1"}],"replies":[{"embeddable":true,"href":"https:\/\/www.hoymercedes.com.ar\/principal\/wp-json\/wp\/v2\/comments?post=24406"}],"version-history":[{"count":0,"href":"https:\/\/www.hoymercedes.com.ar\/principal\/wp-json\/wp\/v2\/posts\/24406\/revisions"}],"wp:attachment":[{"href":"https:\/\/www.hoymercedes.com.ar\/principal\/wp-json\/wp\/v2\/media?parent=24406"}],"wp:term":[{"taxonomy":"category","embeddable":true,"href":"https:\/\/www.hoymercedes.com.ar\/principal\/wp-json\/wp\/v2\/categories?post=24406"},{"taxonomy":"post_tag","embeddable":true,"href":"https:\/\/www.hoymercedes.com.ar\/principal\/wp-json\/wp\/v2\/tags?post=24406"}],"curies":[{"name":"wp","href":"https:\/\/api.w.org\/{rel}","templated":true}]}}