{"id":24497,"date":"2013-08-03T21:40:02","date_gmt":"2013-08-03T21:40:02","guid":{"rendered":"http:\/\/www.hoymercedes.com.ar\/principal\/?p=24497"},"modified":"2013-08-03T21:40:02","modified_gmt":"2013-08-03T21:40:02","slug":"mic-nuestra-idea-es-acercarnos-a-las-instituciones-y-sus-necesidades","status":"publish","type":"post","link":"https:\/\/www.hoymercedes.com.ar\/principal\/2013\/08\/03\/mic-nuestra-idea-es-acercarnos-a-las-instituciones-y-sus-necesidades\/","title":{"rendered":"MIC: \u00abnuestra idea es acercarnos a las instituciones y sus necesidades\u00bb"},"content":{"rendered":"<p><strong><em>El Mercedes Independiente Comunal, conducido por Jos\u00e9 Cestari, se encuentra en pleno proceso de generaci\u00f3n de apoyo en la comunidad para lograr no s\u00f3lo sostener la banca que actualmente poseen en el Cuerpo Deliberativo sino tambi\u00e9n contar con presencia en el Consejo Escolar. Desde su propuesta totalmente localista buscan aumentar el apoyo popular y el corte de boleta.<\/em><\/strong><\/p>\n<p>Desde el MIC afirmaron que:<em> \u00abPara la lista de MIC es un anhelo poder tener desde diciembre pr\u00f3ximo un Consejero Escolar y Mat\u00edas G\u00f3mez, profesor de matem\u00e1ticas y primer candidato a ocupar el lugar tiene ganas de trabajar por la ciudad: \u201cen este espacio vecinal encontr\u00e9 la chance de trabajar por Mercedes y ahora estoy en la obligaci\u00f3n de hacerlo\u201d<\/em><\/p>\n<p>Tambi\u00e9n sostuvo Silvia Ivaldis, tercera candidata: <em>\u00abes consiente de que el trabajo en el Consejo no es pedag\u00f3gico y asegur\u00f3 que \u201cnuestra idea es acercarnos a las instituciones y sus necesidades. Ya estamos trabajando en eso y en la pr\u00f3xima sesi\u00f3n del Concejo Deliberante entraran proyectos respecto a esto\u201d. Para la candidata \u201cdesde el Consejo de pueden solucionar muchos de los problemas que hay en las instituciones\u201d.<\/em><\/p>\n<p>Viviana Guerra, que va en segundo lugar, sostiene que es vital <em>\u201ctrabajar en conjunto\u201d<\/em>. La candidata a Concejal Teresita Mansilla, que tambi\u00e9n es docente, cree que<em> \u201ces importante hacer un trabajo de interrelaci\u00f3n entre Concejales y Consejeros\u201d.<\/em><\/p>\n<p>Para G\u00f3mez, adem\u00e1s, <em>\u201cen el MIC hay mucha gente joven que trabaja honestamente y desinteresadamente por la ciudad y me animan a pensar en el futuro\u201d.<\/em><\/p>\n","protected":false},"excerpt":{"rendered":"<p>El Mercedes Independiente Comunal, conducido por Jos\u00e9 Cestari, se encuentra en pleno proceso de generaci\u00f3n de apoyo en la comunidad &#8230; <a title=\"MIC: \u00abnuestra idea es acercarnos a las instituciones y sus necesidades\u00bb\" class=\"read-more\" href=\"https:\/\/www.hoymercedes.com.ar\/principal\/2013\/08\/03\/mic-nuestra-idea-es-acercarnos-a-las-instituciones-y-sus-necesidades\/\" aria-label=\"Leer m\u00e1s sobre MIC: \u00abnuestra idea es acercarnos a las instituciones y sus necesidades\u00bb\">Leer m\u00e1s<\/a><\/p>\n","protected":false},"author":1,"featured_media":0,"comment_status":"open","ping_status":"open","sticky":false,"template":"","format":"standard","meta":{"_monsterinsights_skip_tracking":false,"_monsterinsights_sitenote_active":false,"_monsterinsights_sitenote_note":"","_monsterinsights_sitenote_category":0,"jetpack_post_was_ever_published":false,"_jetpack_newsletter_access":"","_jetpack_dont_email_post_to_subs":false,"_jetpack_newsletter_tier_id":0,"_jetpack_memberships_contains_paywalled_content":false,"_jetpack_memberships_contains_paid_content":false,"footnotes":"","jetpack_publicize_message":"","jetpack_publicize_feature_enabled":true,"jetpack_social_post_already_shared":true,"jetpack_social_options":{"image_generator_settings":{"template":"highway","default_image_id":0,"font":"","enabled":false},"version":2},"_wpas_customize_per_network":false},"categories":[5],"tags":[1956],"class_list":["post-24497","post","type-post","status-publish","format-standard","hentry","category-politica","tag-mic-mercedes","generate-columns","tablet-grid-50","mobile-grid-100","grid-parent","grid-50"],"jetpack_publicize_connections":[],"jetpack_featured_media_url":"","wps_subtitle":"","jetpack_sharing_enabled":true,"_links":{"self":[{"href":"https:\/\/www.hoymercedes.com.ar\/principal\/wp-json\/wp\/v2\/posts\/24497","targetHints":{"allow":["GET"]}}],"collection":[{"href":"https:\/\/www.hoymercedes.com.ar\/principal\/wp-json\/wp\/v2\/posts"}],"about":[{"href":"https:\/\/www.hoymercedes.com.ar\/principal\/wp-json\/wp\/v2\/types\/post"}],"author":[{"embeddable":true,"href":"https:\/\/www.hoymercedes.com.ar\/principal\/wp-json\/wp\/v2\/users\/1"}],"replies":[{"embeddable":true,"href":"https:\/\/www.hoymercedes.com.ar\/principal\/wp-json\/wp\/v2\/comments?post=24497"}],"version-history":[{"count":0,"href":"https:\/\/www.hoymercedes.com.ar\/principal\/wp-json\/wp\/v2\/posts\/24497\/revisions"}],"wp:attachment":[{"href":"https:\/\/www.hoymercedes.com.ar\/principal\/wp-json\/wp\/v2\/media?parent=24497"}],"wp:term":[{"taxonomy":"category","embeddable":true,"href":"https:\/\/www.hoymercedes.com.ar\/principal\/wp-json\/wp\/v2\/categories?post=24497"},{"taxonomy":"post_tag","embeddable":true,"href":"https:\/\/www.hoymercedes.com.ar\/principal\/wp-json\/wp\/v2\/tags?post=24497"}],"curies":[{"name":"wp","href":"https:\/\/api.w.org\/{rel}","templated":true}]}}