{"id":24500,"date":"2013-08-03T22:10:56","date_gmt":"2013-08-03T22:10:56","guid":{"rendered":"http:\/\/www.hoymercedes.com.ar\/principal\/?p=24500"},"modified":"2013-08-03T22:10:56","modified_gmt":"2013-08-03T22:10:56","slug":"frente-renovador-visito-gowland-en-su-brigada-a","status":"publish","type":"post","link":"https:\/\/www.hoymercedes.com.ar\/principal\/2013\/08\/03\/frente-renovador-visito-gowland-en-su-brigada-a\/","title":{"rendered":"Frente Renovador visit\u00f3 Gowland en su \u00abBrigada + A\u201d"},"content":{"rendered":"<p><a href=\"https:\/\/www.hoymercedes.com.ar\/principal\/wp-content\/uploads\/2013\/08\/frenterenovador.mercedes.gowland.jpg\"><img loading=\"lazy\" decoding=\"async\" data-attachment-id=\"24502\" data-permalink=\"https:\/\/www.hoymercedes.com.ar\/principal\/2013\/08\/03\/frente-renovador-visito-gowland-en-su-brigada-a\/frenterenovador-mercedes-gowland\/#main\" data-orig-file=\"https:\/\/www.hoymercedes.com.ar\/principal\/wp-content\/uploads\/2013\/08\/frenterenovador.mercedes.gowland.jpg\" data-orig-size=\"620,413\" data-comments-opened=\"1\" data-image-meta=\"{&quot;aperture&quot;:&quot;5.6&quot;,&quot;credit&quot;:&quot;&quot;,&quot;camera&quot;:&quot;NIKON D3100&quot;,&quot;caption&quot;:&quot;&quot;,&quot;created_timestamp&quot;:&quot;1375133179&quot;,&quot;copyright&quot;:&quot;&quot;,&quot;focal_length&quot;:&quot;22&quot;,&quot;iso&quot;:&quot;100&quot;,&quot;shutter_speed&quot;:&quot;0.005&quot;,&quot;title&quot;:&quot;&quot;}\" data-image-title=\"frenterenovador.mercedes.gowland\" data-image-description=\"\" data-image-caption=\"\" data-large-file=\"https:\/\/www.hoymercedes.com.ar\/principal\/wp-content\/uploads\/2013\/08\/frenterenovador.mercedes.gowland.jpg\" class=\"aligncenter size-full wp-image-24502\" alt=\"frenterenovador.mercedes.gowland\" src=\"https:\/\/www.hoymercedes.com.ar\/principal\/wp-content\/uploads\/2013\/08\/frenterenovador.mercedes.gowland.jpg\" width=\"620\" height=\"413\" \/><\/a><\/p>\n<p><em><strong>Un grupo de miembros del Frente Renovador de nuestra ciudad estuvo recorriendo diversos puntos de la comuna, como lo es Gowland. Lo hicieron por medio de un veh\u00edculo decorado con los colores y los s\u00edmbolos del espacio pol\u00edtico conducido por Carlos Selva en lo que denominaron:\u00a0\u201cBrigada + A\u201d.<\/strong><\/em><\/p>\n<p>Los militantes selvistas y massistas manifestaron:<em> \u00ablos llamamos\u00a0cari\u00f1osamente los \u201cBrigada + A\u201d. Son un grupo de militantes y candidatos del Frente Renovador que recorren los barrios y localidades mercedinas llevando adelante la propuesta de esta fuerza pol\u00edtica que tiene a Sergio Massa como m\u00e1ximo referente nacional y a Carlos Selva como l\u00edder local.\u00bb<\/em><\/p>\n<p>As\u00ed se denominaron dado que: <em>\u00abtienen una camioneta proselitista muy similar a la utilizada en la serie de los 80. Es un veh\u00edculo que los acompa\u00f1a por la ciudad y que ya se est\u00e1 imponiendo entre los ciudadanos.\u00bb comentando que: \u00abM\u00e1s all\u00e1 de todo, lo m\u00e1s importante es que estos candidatos van con propuesta y ganas de aportar para Mercedes. Los candidatos del Frente Renovador, que tiene a Ricardo Bozzini como primer candidato, recorrieron la localidad de Gowland acompa\u00f1ados de los referentes fomentistas llevando puerta a puerta y de cara al vecino las propuestas de esta agrupaci\u00f3n pol\u00edtica que tiene a Carlos selva como l\u00edder local.<\/em>\u00ab, manifestaron<\/p>\n<figure id=\"attachment_24503\" aria-describedby=\"caption-attachment-24503\" style=\"width: 610px\" class=\"wp-caption aligncenter\"><a href=\"https:\/\/www.hoymercedes.com.ar\/principal\/wp-content\/uploads\/2013\/08\/frenterenovador.mercedes.gowland-2.jpg\"><img loading=\"lazy\" decoding=\"async\" data-attachment-id=\"24503\" data-permalink=\"https:\/\/www.hoymercedes.com.ar\/principal\/2013\/08\/03\/frente-renovador-visito-gowland-en-su-brigada-a\/frenterenovador-mercedes-gowland-2\/#main\" data-orig-file=\"https:\/\/www.hoymercedes.com.ar\/principal\/wp-content\/uploads\/2013\/08\/frenterenovador.mercedes.gowland-2.jpg\" data-orig-size=\"620,413\" data-comments-opened=\"1\" data-image-meta=\"{&quot;aperture&quot;:&quot;5.6&quot;,&quot;credit&quot;:&quot;&quot;,&quot;camera&quot;:&quot;NIKON D3100&quot;,&quot;caption&quot;:&quot;&quot;,&quot;created_timestamp&quot;:&quot;1375139679&quot;,&quot;copyright&quot;:&quot;&quot;,&quot;focal_length&quot;:&quot;18&quot;,&quot;iso&quot;:&quot;100&quot;,&quot;shutter_speed&quot;:&quot;0.005&quot;,&quot;title&quot;:&quot;&quot;}\" data-image-title=\"frenterenovador.mercedes.gowland-2\" data-image-description=\"\" data-image-caption=\"&lt;p&gt;Frente Renovador&lt;\/p&gt;\n\" data-large-file=\"https:\/\/www.hoymercedes.com.ar\/principal\/wp-content\/uploads\/2013\/08\/frenterenovador.mercedes.gowland-2.jpg\" class=\"size-full wp-image-24503\" alt=\"Frente Renovador\" src=\"https:\/\/www.hoymercedes.com.ar\/principal\/wp-content\/uploads\/2013\/08\/frenterenovador.mercedes.gowland-2.jpg\" width=\"620\" height=\"413\" srcset=\"https:\/\/www.hoymercedes.com.ar\/principal\/wp-content\/uploads\/2013\/08\/frenterenovador.mercedes.gowland-2.jpg 620w, https:\/\/www.hoymercedes.com.ar\/principal\/wp-content\/uploads\/2013\/08\/frenterenovador.mercedes.gowland-2-300x199.jpg 300w\" sizes=\"auto, (max-width: 620px) 100vw, 620px\" \/><\/a><figcaption id=\"caption-attachment-24503\" class=\"wp-caption-text\">Frente Renovador<\/figcaption><\/figure>\n<p><em>\u00a0\u201cGowland es una localidad que creci\u00f3 enormemente y que desde el inicio de la gesti\u00f3n del intendente Selva se prioriz\u00f3 la cuesti\u00f3n educativa. Hoy la localidad tiene un jard\u00edn nuevo, una Escuela 20 restaurada y ampliada y una Escuela T\u00e9cnica N\u00b0 2 que es un orgullo para todos\u201d,<\/em> sostuvo Sabrina Selva al inicio de la caminata por la localidad.<\/p>\n<p>Los candidatos en esta oportunidad estuvieron acompa\u00f1ados adem\u00e1s por el presidente de la sociedad de fomento \u201cBeto\u201d Gonz\u00e1lez, quien hizo un repaso de lo que se est\u00e1 haciendo en la localidad por estos d\u00edas. <em>\u201cLa Municipalidad viene trabajando fuerte en el arreglo de calles, en la construcci\u00f3n de veredas y en la limpieza en general. Tenemos una recolecci\u00f3n de residuos que pasa tres veces por semana y que mantiene la zona limpia\u201d<\/em>, asegur\u00f3 el fomentista que triunf\u00f3 hace unos meses contra la lista del Frente Mercedino.<\/p>\n<p><em>\u00abLa visita a la localidad de Gowland fue por dem\u00e1s de fruct\u00edfera para los integrantes de la lista 504, ya que se fueron con la certeza que los vecinos los van a acompa\u00f1ar.\u00bb<\/em> afirmaron desde la 17 de Octubre<\/p>\n","protected":false},"excerpt":{"rendered":"<p>Un grupo de miembros del Frente Renovador de nuestra ciudad estuvo recorriendo diversos puntos de la comuna, como lo es &#8230; <a title=\"Frente Renovador visit\u00f3 Gowland en su \u00abBrigada + A\u201d\" class=\"read-more\" href=\"https:\/\/www.hoymercedes.com.ar\/principal\/2013\/08\/03\/frente-renovador-visito-gowland-en-su-brigada-a\/\" aria-label=\"Leer m\u00e1s sobre Frente Renovador visit\u00f3 Gowland en su \u00abBrigada + A\u201d\">Leer m\u00e1s<\/a><\/p>\n","protected":false},"author":1,"featured_media":0,"comment_status":"open","ping_status":"open","sticky":false,"template":"","format":"standard","meta":{"_monsterinsights_skip_tracking":false,"_monsterinsights_sitenote_active":false,"_monsterinsights_sitenote_note":"","_monsterinsights_sitenote_category":0,"jetpack_post_was_ever_published":false,"_jetpack_newsletter_access":"","_jetpack_dont_email_post_to_subs":false,"_jetpack_newsletter_tier_id":0,"_jetpack_memberships_contains_paywalled_content":false,"_jetpack_memberships_contains_paid_content":false,"footnotes":"","jetpack_publicize_message":"","jetpack_publicize_feature_enabled":true,"jetpack_social_post_already_shared":true,"jetpack_social_options":{"image_generator_settings":{"template":"highway","default_image_id":0,"font":"","enabled":false},"version":2},"_wpas_customize_per_network":false},"categories":[5],"tags":[3537],"class_list":["post-24500","post","type-post","status-publish","format-standard","hentry","category-politica","tag-frente-renovador","generate-columns","tablet-grid-50","mobile-grid-100","grid-parent","grid-50"],"jetpack_publicize_connections":[],"jetpack_featured_media_url":"","wps_subtitle":"","jetpack_sharing_enabled":true,"_links":{"self":[{"href":"https:\/\/www.hoymercedes.com.ar\/principal\/wp-json\/wp\/v2\/posts\/24500","targetHints":{"allow":["GET"]}}],"collection":[{"href":"https:\/\/www.hoymercedes.com.ar\/principal\/wp-json\/wp\/v2\/posts"}],"about":[{"href":"https:\/\/www.hoymercedes.com.ar\/principal\/wp-json\/wp\/v2\/types\/post"}],"author":[{"embeddable":true,"href":"https:\/\/www.hoymercedes.com.ar\/principal\/wp-json\/wp\/v2\/users\/1"}],"replies":[{"embeddable":true,"href":"https:\/\/www.hoymercedes.com.ar\/principal\/wp-json\/wp\/v2\/comments?post=24500"}],"version-history":[{"count":0,"href":"https:\/\/www.hoymercedes.com.ar\/principal\/wp-json\/wp\/v2\/posts\/24500\/revisions"}],"wp:attachment":[{"href":"https:\/\/www.hoymercedes.com.ar\/principal\/wp-json\/wp\/v2\/media?parent=24500"}],"wp:term":[{"taxonomy":"category","embeddable":true,"href":"https:\/\/www.hoymercedes.com.ar\/principal\/wp-json\/wp\/v2\/categories?post=24500"},{"taxonomy":"post_tag","embeddable":true,"href":"https:\/\/www.hoymercedes.com.ar\/principal\/wp-json\/wp\/v2\/tags?post=24500"}],"curies":[{"name":"wp","href":"https:\/\/api.w.org\/{rel}","templated":true}]}}