{"id":24505,"date":"2013-08-03T22:17:40","date_gmt":"2013-08-03T22:17:40","guid":{"rendered":"http:\/\/www.hoymercedes.com.ar\/principal\/?p=24505"},"modified":"2013-08-03T22:17:40","modified_gmt":"2013-08-03T22:17:40","slug":"banco-nacion-coloco-un-nuevo-cajero-automatico-en-mercedes","status":"publish","type":"post","link":"https:\/\/www.hoymercedes.com.ar\/principal\/2013\/08\/03\/banco-nacion-coloco-un-nuevo-cajero-automatico-en-mercedes\/","title":{"rendered":"Banco Naci\u00f3n coloc\u00f3 un nuevo cajero autom\u00e1tico en Mercedes"},"content":{"rendered":"<p><a href=\"https:\/\/www.hoymercedes.com.ar\/principal\/wp-content\/uploads\/2013\/08\/Ustarroz-Bauducco.jpg\"><img loading=\"lazy\" decoding=\"async\" data-attachment-id=\"24507\" data-permalink=\"https:\/\/www.hoymercedes.com.ar\/principal\/2013\/08\/03\/banco-nacion-coloco-un-nuevo-cajero-automatico-en-mercedes\/ustarroz-bauducco\/#main\" data-orig-file=\"https:\/\/www.hoymercedes.com.ar\/principal\/wp-content\/uploads\/2013\/08\/Ustarroz-Bauducco.jpg\" data-orig-size=\"620,303\" data-comments-opened=\"1\" data-image-meta=\"{&quot;aperture&quot;:&quot;3.2&quot;,&quot;credit&quot;:&quot;&quot;,&quot;camera&quot;:&quot;COOLPIX L820&quot;,&quot;caption&quot;:&quot;&quot;,&quot;created_timestamp&quot;:&quot;1373884599&quot;,&quot;copyright&quot;:&quot;&quot;,&quot;focal_length&quot;:&quot;5.1&quot;,&quot;iso&quot;:&quot;200&quot;,&quot;shutter_speed&quot;:&quot;0.033333333333333&quot;,&quot;title&quot;:&quot;&quot;}\" data-image-title=\"Ustarroz-Bauducco\" data-image-description=\"\" data-image-caption=\"\" data-large-file=\"https:\/\/www.hoymercedes.com.ar\/principal\/wp-content\/uploads\/2013\/08\/Ustarroz-Bauducco.jpg\" class=\"aligncenter size-full wp-image-24507\" alt=\"Ustarroz-Bauducco\" src=\"https:\/\/www.hoymercedes.com.ar\/principal\/wp-content\/uploads\/2013\/08\/Ustarroz-Bauducco.jpg\" width=\"620\" height=\"303\" \/><\/a><\/p>\n<p>&nbsp;<\/p>\n<p>La sucursal Mercedes del Banco Naci\u00f3n sum\u00f3\u00a0 un nuevo servicio: su cuarto cajero autom\u00e1tico. <em>\u201cPara nosotros es important\u00edsimo haber logrado este beneficio porque descomprime tanto lo que es atenci\u00f3n al cliente en mostrador como en la propia red de cajeros que est\u00e1\u00a0en el ingreso a la sede\u201d<\/em>, cont\u00f3\u00a0el gerente, Jorge Bauducco.<\/p>\n<p>La llegada del cajero, que se encuentra funcionando desde unos d\u00edas, estuvo enmarcada en conversaciones en tal sentido que vienen manteniendo, desde hace algunas semanas, el propio Bauducco y el primer precandidato a concejal y principal referente del Frente Mercedino para la Victoria, doctor Juan Ignacio Ustarroz, sostuvieron desde la Fuerza pol\u00edtica de calle 25.<\/p>\n<p><em>\u201cNosotros nos acercamos para ver de qu\u00e9 manera podemos contribuir al crecimiento de la sucursal que el Banco Naci\u00f3n tiene en Mercedes. Como todos los organismos nacionales, el Banco viene desarrollando una pol\u00edtica de ampliaci\u00f3n de servicios y la instalaci\u00f3n de este nuevo cajero autom\u00e1tico viene a confirmarlo. La gesti\u00f3n del gerente es excelente y siempre nos agrada poder trabajar en conjunto\u201d<\/em>, expres\u00f3 Ustarroz.<\/p>\n<p>As\u00ed, Mercedes fue incluida en un proyecto nacional de ampliaci\u00f3n de la red de cajeros en la entidad bancaria. De las cuatro unidades que est\u00e1n en el ingreso de la sucursal local, una est\u00e1\u00a0 programada para uso exclusivo de los clientes y, seg\u00fan inform\u00f3\u00a0 el directivo, <em>\u201cfunciona solamente para hacer retiro de efectivo, no operaciones de dep\u00f3sitos\u201d.<\/em><\/p>\n<p><em>\u201cHay otro cajero de uso exclusivo en las instalaciones de Gendarmer\u00eda -agreg\u00f3 el gerente-. Despu\u00e9s, lo que es la instalaci\u00f3n de cajeros autom\u00e1ticos en sedes de otros organismos nacionales es m\u00e1s complejo, sobre todo por el tema de seguridad. Por eso lo importante es este nuevo servicio que se brinda a la comunidad de Mercedes en nuestra sede\u201d, en la esquina de avenida 29 y calle 20. Ustarroz, en tanto, se mostr\u00f3 \u201cmuy reconfortado\u201d por la ampliaci\u00f3n del servicio en la sucursal local del Banco Naci\u00f3n. \u201cPor esta sede pasan muchos empleados de la administraci\u00f3n p\u00fablica y era necesario este refuerzo de un nuevo cajero autom\u00e1tico\u201d.<\/em><\/p>\n","protected":false},"excerpt":{"rendered":"<p>&nbsp; La sucursal Mercedes del Banco Naci\u00f3n sum\u00f3\u00a0 un nuevo servicio: su cuarto cajero autom\u00e1tico. \u201cPara nosotros es important\u00edsimo haber &#8230; <a title=\"Banco Naci\u00f3n coloc\u00f3 un nuevo cajero autom\u00e1tico en Mercedes\" class=\"read-more\" href=\"https:\/\/www.hoymercedes.com.ar\/principal\/2013\/08\/03\/banco-nacion-coloco-un-nuevo-cajero-automatico-en-mercedes\/\" aria-label=\"Leer m\u00e1s sobre Banco Naci\u00f3n coloc\u00f3 un nuevo cajero autom\u00e1tico en Mercedes\">Leer m\u00e1s<\/a><\/p>\n","protected":false},"author":1,"featured_media":0,"comment_status":"open","ping_status":"open","sticky":false,"template":"","format":"standard","meta":{"_monsterinsights_skip_tracking":false,"_monsterinsights_sitenote_active":false,"_monsterinsights_sitenote_note":"","_monsterinsights_sitenote_category":0,"jetpack_post_was_ever_published":false,"_jetpack_newsletter_access":"","_jetpack_dont_email_post_to_subs":false,"_jetpack_newsletter_tier_id":0,"_jetpack_memberships_contains_paywalled_content":false,"_jetpack_memberships_contains_paid_content":false,"footnotes":"","jetpack_publicize_message":"","jetpack_publicize_feature_enabled":true,"jetpack_social_post_already_shared":true,"jetpack_social_options":{"image_generator_settings":{"template":"highway","default_image_id":0,"font":"","enabled":false},"version":2},"_wpas_customize_per_network":false},"categories":[8],"tags":[814,585],"class_list":["post-24505","post","type-post","status-publish","format-standard","hentry","category-sociedad","tag-banco-nacion","tag-juan-ustarroz","generate-columns","tablet-grid-50","mobile-grid-100","grid-parent","grid-50"],"jetpack_publicize_connections":[],"jetpack_featured_media_url":"","wps_subtitle":"","jetpack_sharing_enabled":true,"_links":{"self":[{"href":"https:\/\/www.hoymercedes.com.ar\/principal\/wp-json\/wp\/v2\/posts\/24505","targetHints":{"allow":["GET"]}}],"collection":[{"href":"https:\/\/www.hoymercedes.com.ar\/principal\/wp-json\/wp\/v2\/posts"}],"about":[{"href":"https:\/\/www.hoymercedes.com.ar\/principal\/wp-json\/wp\/v2\/types\/post"}],"author":[{"embeddable":true,"href":"https:\/\/www.hoymercedes.com.ar\/principal\/wp-json\/wp\/v2\/users\/1"}],"replies":[{"embeddable":true,"href":"https:\/\/www.hoymercedes.com.ar\/principal\/wp-json\/wp\/v2\/comments?post=24505"}],"version-history":[{"count":0,"href":"https:\/\/www.hoymercedes.com.ar\/principal\/wp-json\/wp\/v2\/posts\/24505\/revisions"}],"wp:attachment":[{"href":"https:\/\/www.hoymercedes.com.ar\/principal\/wp-json\/wp\/v2\/media?parent=24505"}],"wp:term":[{"taxonomy":"category","embeddable":true,"href":"https:\/\/www.hoymercedes.com.ar\/principal\/wp-json\/wp\/v2\/categories?post=24505"},{"taxonomy":"post_tag","embeddable":true,"href":"https:\/\/www.hoymercedes.com.ar\/principal\/wp-json\/wp\/v2\/tags?post=24505"}],"curies":[{"name":"wp","href":"https:\/\/api.w.org\/{rel}","templated":true}]}}