{"id":24509,"date":"2013-08-03T22:20:43","date_gmt":"2013-08-03T22:20:43","guid":{"rendered":"http:\/\/www.hoymercedes.com.ar\/principal\/?p=24509"},"modified":"2013-08-03T22:20:43","modified_gmt":"2013-08-03T22:20:43","slug":"selva-no-se-dejen-presionar-con-cosas-sin-sentido","status":"publish","type":"post","link":"https:\/\/www.hoymercedes.com.ar\/principal\/2013\/08\/03\/selva-no-se-dejen-presionar-con-cosas-sin-sentido\/","title":{"rendered":"Selva: \u00abNo se dejen presionar con cosas sin sentido\u00bb"},"content":{"rendered":"<figure id=\"attachment_24511\" aria-describedby=\"caption-attachment-24511\" style=\"width: 610px\" class=\"wp-caption aligncenter\"><a href=\"https:\/\/www.hoymercedes.com.ar\/principal\/wp-content\/uploads\/2013\/08\/Selva-BarrioEsperanza-FrenteRenovador.jpg\"><img loading=\"lazy\" decoding=\"async\" data-attachment-id=\"24511\" data-permalink=\"https:\/\/www.hoymercedes.com.ar\/principal\/2013\/08\/03\/selva-no-se-dejen-presionar-con-cosas-sin-sentido\/selva-barrioesperanza-frenterenovador\/#main\" data-orig-file=\"https:\/\/www.hoymercedes.com.ar\/principal\/wp-content\/uploads\/2013\/08\/Selva-BarrioEsperanza-FrenteRenovador.jpg\" data-orig-size=\"620,413\" data-comments-opened=\"1\" data-image-meta=\"{&quot;aperture&quot;:&quot;3.5&quot;,&quot;credit&quot;:&quot;&quot;,&quot;camera&quot;:&quot;NIKON D3100&quot;,&quot;caption&quot;:&quot;&quot;,&quot;created_timestamp&quot;:&quot;1375156193&quot;,&quot;copyright&quot;:&quot;&quot;,&quot;focal_length&quot;:&quot;18&quot;,&quot;iso&quot;:&quot;3200&quot;,&quot;shutter_speed&quot;:&quot;0.016666666666667&quot;,&quot;title&quot;:&quot;&quot;}\" data-image-title=\"Selva-BarrioEsperanza-FrenteRenovador\" data-image-description=\"\" data-image-caption=\"&lt;p&gt;Carlos Selva en Barrio Esperanza&lt;\/p&gt;\n\" data-large-file=\"https:\/\/www.hoymercedes.com.ar\/principal\/wp-content\/uploads\/2013\/08\/Selva-BarrioEsperanza-FrenteRenovador.jpg\" class=\"size-full wp-image-24511\" alt=\"Carlos Selva en Barrio Esperanza\" src=\"https:\/\/www.hoymercedes.com.ar\/principal\/wp-content\/uploads\/2013\/08\/Selva-BarrioEsperanza-FrenteRenovador.jpg\" width=\"620\" height=\"413\" \/><\/a><figcaption id=\"caption-attachment-24511\" class=\"wp-caption-text\">Carlos Selva en Barrio Esperanza<\/figcaption><\/figure>\n<p><em><strong>Carlos Selva y los candidatos del Frente Renovador compartieron una reuni\u00f3n con choripaneada incluida en el barrio Esperanza el viernes por la noche.<\/strong><\/em><\/p>\n<p>El intendente municipal visit\u00f3 el barrio Esperanza junto con los candidatos del Frente Renovador que lleva a Sergio Massa como diputado nacional y a Ricardo Bozzini como cabeza de la lista 504 en Mercedes. Estuvo el referente barrial del Esperanza Agust\u00edn Pacini junto a los candidatos y militantes del Frente Renovador. Selva fue el que tom\u00f3 la palabra y pidi\u00f3 el acompa\u00f1amiento a los vecinos en esta nueva elecci\u00f3n. <em>\u201cNo se dejen presionar con cosas sin sentido. La asignaci\u00f3n universal seguir\u00e1n en pie y otros derechos que ya est\u00e1n adquiridos tambi\u00e9n porque nosotros con Massa no venimos a romper nada sino a que las cosas se hagan de mejor manera\u201d<\/em>, sostuvo el intendente ante los vecinos que se acercaron para compartir un momento en la noche fr\u00eda del viernes.<\/p>\n<p><em>\u00abM\u00e1s all\u00e1 de lo que fue la reuni\u00f3n en la vecindad, un hecho destacado es la nueva panor\u00e1mica que tiene la barriada con la inauguraci\u00f3n del play\u00f3n deportivo, ya que el viernes por la noche decenas de chicos jugaban al f\u00fatbol gracias a la gran iluminaci\u00f3n existente\u00bb<\/em> remarcaron desde la fuerza pol\u00edtica<\/p>\n<p>&nbsp;<\/p>\n","protected":false},"excerpt":{"rendered":"<p>Carlos Selva y los candidatos del Frente Renovador compartieron una reuni\u00f3n con choripaneada incluida en el barrio Esperanza el viernes &#8230; <a title=\"Selva: \u00abNo se dejen presionar con cosas sin sentido\u00bb\" class=\"read-more\" href=\"https:\/\/www.hoymercedes.com.ar\/principal\/2013\/08\/03\/selva-no-se-dejen-presionar-con-cosas-sin-sentido\/\" aria-label=\"Leer m\u00e1s sobre Selva: \u00abNo se dejen presionar con cosas sin sentido\u00bb\">Leer m\u00e1s<\/a><\/p>\n","protected":false},"author":1,"featured_media":0,"comment_status":"open","ping_status":"open","sticky":false,"template":"","format":"standard","meta":{"_monsterinsights_skip_tracking":false,"_monsterinsights_sitenote_active":false,"_monsterinsights_sitenote_note":"","_monsterinsights_sitenote_category":0,"jetpack_post_was_ever_published":false,"_jetpack_newsletter_access":"","_jetpack_dont_email_post_to_subs":false,"_jetpack_newsletter_tier_id":0,"_jetpack_memberships_contains_paywalled_content":false,"_jetpack_memberships_contains_paid_content":false,"footnotes":"","jetpack_publicize_message":"","jetpack_publicize_feature_enabled":true,"jetpack_social_post_already_shared":true,"jetpack_social_options":{"image_generator_settings":{"template":"highway","default_image_id":0,"font":"","enabled":false},"version":2},"_wpas_customize_per_network":false},"categories":[5],"tags":[39,3537],"class_list":["post-24509","post","type-post","status-publish","format-standard","hentry","category-politica","tag-carlos-selva","tag-frente-renovador","generate-columns","tablet-grid-50","mobile-grid-100","grid-parent","grid-50"],"jetpack_publicize_connections":[],"jetpack_featured_media_url":"","wps_subtitle":"","jetpack_sharing_enabled":true,"_links":{"self":[{"href":"https:\/\/www.hoymercedes.com.ar\/principal\/wp-json\/wp\/v2\/posts\/24509","targetHints":{"allow":["GET"]}}],"collection":[{"href":"https:\/\/www.hoymercedes.com.ar\/principal\/wp-json\/wp\/v2\/posts"}],"about":[{"href":"https:\/\/www.hoymercedes.com.ar\/principal\/wp-json\/wp\/v2\/types\/post"}],"author":[{"embeddable":true,"href":"https:\/\/www.hoymercedes.com.ar\/principal\/wp-json\/wp\/v2\/users\/1"}],"replies":[{"embeddable":true,"href":"https:\/\/www.hoymercedes.com.ar\/principal\/wp-json\/wp\/v2\/comments?post=24509"}],"version-history":[{"count":0,"href":"https:\/\/www.hoymercedes.com.ar\/principal\/wp-json\/wp\/v2\/posts\/24509\/revisions"}],"wp:attachment":[{"href":"https:\/\/www.hoymercedes.com.ar\/principal\/wp-json\/wp\/v2\/media?parent=24509"}],"wp:term":[{"taxonomy":"category","embeddable":true,"href":"https:\/\/www.hoymercedes.com.ar\/principal\/wp-json\/wp\/v2\/categories?post=24509"},{"taxonomy":"post_tag","embeddable":true,"href":"https:\/\/www.hoymercedes.com.ar\/principal\/wp-json\/wp\/v2\/tags?post=24509"}],"curies":[{"name":"wp","href":"https:\/\/api.w.org\/{rel}","templated":true}]}}