{"id":24561,"date":"2013-08-05T12:00:24","date_gmt":"2013-08-05T12:00:24","guid":{"rendered":"http:\/\/www.hoymercedes.com.ar\/principal\/?p=24561"},"modified":"2013-08-05T12:00:24","modified_gmt":"2013-08-05T12:00:24","slug":"violencia-de-genero-detenidos-y-violacion-de-perimetros","status":"publish","type":"post","link":"https:\/\/www.hoymercedes.com.ar\/principal\/2013\/08\/05\/violencia-de-genero-detenidos-y-violacion-de-perimetros\/","title":{"rendered":"Violencia de g\u00e9nero: detenidos y violaci\u00f3n de per\u00edmetros"},"content":{"rendered":"<p><em><strong>La polic\u00eda local actu\u00f3 en los \u00faltimos d\u00edas en diversos casos de violencia de g\u00e9nero o vinculados a el tema que genera constante preocupaci\u00f3n en la sociedad y en las instituciones intervinientes. Algunos casos, se supo, pasaron por la Comisaria, otros, no.\u00a0<\/strong><\/em><\/p>\n<p><strong>Detenido<\/strong><\/p>\n<p>En la semana pasada hubo otro detenido por este hecho; se trata de un sujeto de 31 a\u00f1os, sobre quien el Juzgado de Familiar hab\u00eda dispuesto la restricci\u00f3n perimetral respecto de su concubina por cuestiones de violencia familiar. El sujeto se hizo presente en la casa de la joven y rompi\u00f3 varios elementos, tales como ventanas y adornos; por esto la se\u00f1ora dio aviso a la Polic\u00eda, quien una vez en el lugar logr\u00f3 detener al agresor, el que fue puesto a disposici\u00f3n de la justicia.<\/p>\n<p><strong>Agresor<\/strong><\/p>\n<p>El hecho ocurri\u00f3 en el cuartel X, extensi\u00f3n de calle 34, cuando una joven de 34 a\u00f1os dio aviso a la Polic\u00eda, que su ex pareja de 28 a\u00f1os, se hab\u00eda hecho presente en su casa y hab\u00eda efectuado un disparo al aire con una escopeta que llevaba. Al hacerse presente los uniformados en el lugar se entrevistan con la se\u00f1ora quien les indica donde se encontraba viviendo el sujeto, y as\u00ed fueron hasta ese lugar, constatando que el joven se encontraba ebrio y cerca de \u00e9l, hab\u00eda una escopeta de grueso calibre, por lo que lo detuvieron y tambi\u00e9n secuestraron el arma, trasladando todo a la Comisaria local, inici\u00e1ndose as\u00ed una causa con intervenci\u00f3n de la fiscal\u00eda en turno.<\/p>\n<p><strong>Otros casos<\/strong><\/p>\n<p>Se supo tambi\u00e9n que existieron otros casos que llevaron a la necesidad de actuar de diversas instituciones locales que trabajan con esta problem\u00e1tica social que cada d\u00eda se pone m\u00e1s de manifiesto. Es interesante observar que no se trata de algo nuevo, sino, como dicen algunos entendidos en el tema, ahora existen mayores mecanismos y herramientas para denunciar, detectar y poner de manifiesto la violencia de g\u00e9nero.<\/p>\n","protected":false},"excerpt":{"rendered":"<p>La polic\u00eda local actu\u00f3 en los \u00faltimos d\u00edas en diversos casos de violencia de g\u00e9nero o vinculados a el tema &#8230; <a title=\"Violencia de g\u00e9nero: detenidos y violaci\u00f3n de per\u00edmetros\" class=\"read-more\" href=\"https:\/\/www.hoymercedes.com.ar\/principal\/2013\/08\/05\/violencia-de-genero-detenidos-y-violacion-de-perimetros\/\" aria-label=\"Leer m\u00e1s sobre Violencia de g\u00e9nero: detenidos y violaci\u00f3n de per\u00edmetros\">Leer m\u00e1s<\/a><\/p>\n","protected":false},"author":1,"featured_media":0,"comment_status":"open","ping_status":"open","sticky":false,"template":"","format":"standard","meta":{"_monsterinsights_skip_tracking":false,"_monsterinsights_sitenote_active":false,"_monsterinsights_sitenote_note":"","_monsterinsights_sitenote_category":0,"jetpack_post_was_ever_published":false,"_jetpack_newsletter_access":"","_jetpack_dont_email_post_to_subs":false,"_jetpack_newsletter_tier_id":0,"_jetpack_memberships_contains_paywalled_content":false,"_jetpack_memberships_contains_paid_content":false,"footnotes":"","jetpack_publicize_message":"","jetpack_publicize_feature_enabled":true,"jetpack_social_post_already_shared":true,"jetpack_social_options":{"image_generator_settings":{"template":"highway","default_image_id":0,"font":"","enabled":false},"version":2},"_wpas_customize_per_network":false},"categories":[85],"tags":[1475],"class_list":["post-24561","post","type-post","status-publish","format-standard","hentry","category-policial","tag-violencia-de-genero","generate-columns","tablet-grid-50","mobile-grid-100","grid-parent","grid-50"],"jetpack_publicize_connections":[],"jetpack_featured_media_url":"","wps_subtitle":"","jetpack_sharing_enabled":true,"_links":{"self":[{"href":"https:\/\/www.hoymercedes.com.ar\/principal\/wp-json\/wp\/v2\/posts\/24561","targetHints":{"allow":["GET"]}}],"collection":[{"href":"https:\/\/www.hoymercedes.com.ar\/principal\/wp-json\/wp\/v2\/posts"}],"about":[{"href":"https:\/\/www.hoymercedes.com.ar\/principal\/wp-json\/wp\/v2\/types\/post"}],"author":[{"embeddable":true,"href":"https:\/\/www.hoymercedes.com.ar\/principal\/wp-json\/wp\/v2\/users\/1"}],"replies":[{"embeddable":true,"href":"https:\/\/www.hoymercedes.com.ar\/principal\/wp-json\/wp\/v2\/comments?post=24561"}],"version-history":[{"count":0,"href":"https:\/\/www.hoymercedes.com.ar\/principal\/wp-json\/wp\/v2\/posts\/24561\/revisions"}],"wp:attachment":[{"href":"https:\/\/www.hoymercedes.com.ar\/principal\/wp-json\/wp\/v2\/media?parent=24561"}],"wp:term":[{"taxonomy":"category","embeddable":true,"href":"https:\/\/www.hoymercedes.com.ar\/principal\/wp-json\/wp\/v2\/categories?post=24561"},{"taxonomy":"post_tag","embeddable":true,"href":"https:\/\/www.hoymercedes.com.ar\/principal\/wp-json\/wp\/v2\/tags?post=24561"}],"curies":[{"name":"wp","href":"https:\/\/api.w.org\/{rel}","templated":true}]}}