{"id":24572,"date":"2013-08-05T23:15:23","date_gmt":"2013-08-05T23:15:23","guid":{"rendered":"http:\/\/www.hoymercedes.com.ar\/principal\/?p=24572"},"modified":"2013-08-05T23:15:23","modified_gmt":"2013-08-05T23:15:23","slug":"mirta-tundis-candidata-del-frente-renovador-visitara-mercedes","status":"publish","type":"post","link":"https:\/\/www.hoymercedes.com.ar\/principal\/2013\/08\/05\/mirta-tundis-candidata-del-frente-renovador-visitara-mercedes\/","title":{"rendered":"Mirta Tundis, candidata del Frente Renovador visitar\u00e1 Mercedes"},"content":{"rendered":"<figure id=\"attachment_24574\" aria-describedby=\"caption-attachment-24574\" style=\"width: 610px\" class=\"wp-caption aligncenter\"><a href=\"https:\/\/www.hoymercedes.com.ar\/principal\/wp-content\/uploads\/2013\/08\/Tundis-FrenteRenovador.jpg\"><img loading=\"lazy\" decoding=\"async\" data-attachment-id=\"24574\" data-permalink=\"https:\/\/www.hoymercedes.com.ar\/principal\/2013\/08\/05\/mirta-tundis-candidata-del-frente-renovador-visitara-mercedes\/tundis-frenterenovador\/#main\" data-orig-file=\"https:\/\/www.hoymercedes.com.ar\/principal\/wp-content\/uploads\/2013\/08\/Tundis-FrenteRenovador.jpg\" data-orig-size=\"620,413\" data-comments-opened=\"1\" data-image-meta=\"{&quot;aperture&quot;:&quot;3.5&quot;,&quot;credit&quot;:&quot;&quot;,&quot;camera&quot;:&quot;NIKON D3100&quot;,&quot;caption&quot;:&quot;&quot;,&quot;created_timestamp&quot;:&quot;1372642987&quot;,&quot;copyright&quot;:&quot;&quot;,&quot;focal_length&quot;:&quot;18&quot;,&quot;iso&quot;:&quot;3200&quot;,&quot;shutter_speed&quot;:&quot;0.016666666666667&quot;,&quot;title&quot;:&quot;&quot;}\" data-image-title=\"Tundis-FrenteRenovador\" data-image-description=\"\" data-image-caption=\"&lt;p&gt;Mirta Tundis&lt;\/p&gt;\n\" data-large-file=\"https:\/\/www.hoymercedes.com.ar\/principal\/wp-content\/uploads\/2013\/08\/Tundis-FrenteRenovador.jpg\" class=\"size-full wp-image-24574\" alt=\"Mirta Tundis\" src=\"https:\/\/www.hoymercedes.com.ar\/principal\/wp-content\/uploads\/2013\/08\/Tundis-FrenteRenovador.jpg\" width=\"620\" height=\"413\" \/><\/a><figcaption id=\"caption-attachment-24574\" class=\"wp-caption-text\">Mirta Tundis<\/figcaption><\/figure>\n<p><em><strong>Seg\u00fan informan desde el Frente Renovador la candidata a diputada nacional estar\u00e1 en Mercedes este martes en horas de la tarde y ser\u00e1 parte de una reuni\u00f3n que se llevar\u00e1 adelante en el C\u00edrculo Italiano.<\/strong><\/em><\/p>\n<p>La candidata de la lista que encabeza Sergio Massa popr el Frente Renovador, \u00a0Mirta Tundis, conocida por sus tareas en el \u00e1mbito de los jubilados y pensionados estar\u00e1 en nuestra ciudad en un acto a desarrollarse en el C\u00edrculo Italiano.<\/p>\n<p>Ser\u00e1 el encuentro parte de las actividades de campa\u00f1a de la lista local encabezada por Ricardo Bozzini.<\/p>\n<p>En la ocasi\u00f3n Carlos Selva llevar\u00e1 a cabo una reuni\u00f3n con instituciones y sociedades intermedias de nuestra ciudad.<\/p>\n","protected":false},"excerpt":{"rendered":"<p>Seg\u00fan informan desde el Frente Renovador la candidata a diputada nacional estar\u00e1 en Mercedes este martes en horas de la &#8230; <a title=\"Mirta Tundis, candidata del Frente Renovador visitar\u00e1 Mercedes\" class=\"read-more\" href=\"https:\/\/www.hoymercedes.com.ar\/principal\/2013\/08\/05\/mirta-tundis-candidata-del-frente-renovador-visitara-mercedes\/\" aria-label=\"Leer m\u00e1s sobre Mirta Tundis, candidata del Frente Renovador visitar\u00e1 Mercedes\">Leer m\u00e1s<\/a><\/p>\n","protected":false},"author":1,"featured_media":0,"comment_status":"open","ping_status":"open","sticky":false,"template":"","format":"standard","meta":{"_monsterinsights_skip_tracking":false,"_monsterinsights_sitenote_active":false,"_monsterinsights_sitenote_note":"","_monsterinsights_sitenote_category":0,"jetpack_post_was_ever_published":false,"_jetpack_newsletter_access":"","_jetpack_dont_email_post_to_subs":false,"_jetpack_newsletter_tier_id":0,"_jetpack_memberships_contains_paywalled_content":false,"_jetpack_memberships_contains_paid_content":false,"footnotes":"","jetpack_publicize_message":"","jetpack_publicize_feature_enabled":true,"jetpack_social_post_already_shared":true,"jetpack_social_options":{"image_generator_settings":{"template":"highway","default_image_id":0,"font":"","enabled":false},"version":2},"_wpas_customize_per_network":false},"categories":[5],"tags":[3647,3738],"class_list":["post-24572","post","type-post","status-publish","format-standard","hentry","category-politica","tag-frente-renovador-mercedes","tag-mirta-tundis","generate-columns","tablet-grid-50","mobile-grid-100","grid-parent","grid-50"],"jetpack_publicize_connections":[],"jetpack_featured_media_url":"","wps_subtitle":"","jetpack_sharing_enabled":true,"_links":{"self":[{"href":"https:\/\/www.hoymercedes.com.ar\/principal\/wp-json\/wp\/v2\/posts\/24572","targetHints":{"allow":["GET"]}}],"collection":[{"href":"https:\/\/www.hoymercedes.com.ar\/principal\/wp-json\/wp\/v2\/posts"}],"about":[{"href":"https:\/\/www.hoymercedes.com.ar\/principal\/wp-json\/wp\/v2\/types\/post"}],"author":[{"embeddable":true,"href":"https:\/\/www.hoymercedes.com.ar\/principal\/wp-json\/wp\/v2\/users\/1"}],"replies":[{"embeddable":true,"href":"https:\/\/www.hoymercedes.com.ar\/principal\/wp-json\/wp\/v2\/comments?post=24572"}],"version-history":[{"count":0,"href":"https:\/\/www.hoymercedes.com.ar\/principal\/wp-json\/wp\/v2\/posts\/24572\/revisions"}],"wp:attachment":[{"href":"https:\/\/www.hoymercedes.com.ar\/principal\/wp-json\/wp\/v2\/media?parent=24572"}],"wp:term":[{"taxonomy":"category","embeddable":true,"href":"https:\/\/www.hoymercedes.com.ar\/principal\/wp-json\/wp\/v2\/categories?post=24572"},{"taxonomy":"post_tag","embeddable":true,"href":"https:\/\/www.hoymercedes.com.ar\/principal\/wp-json\/wp\/v2\/tags?post=24572"}],"curies":[{"name":"wp","href":"https:\/\/api.w.org\/{rel}","templated":true}]}}