{"id":24587,"date":"2013-08-07T03:33:07","date_gmt":"2013-08-07T03:33:07","guid":{"rendered":"http:\/\/www.hoymercedes.com.ar\/principal\/?p=24587"},"modified":"2013-08-07T03:33:07","modified_gmt":"2013-08-07T03:33:07","slug":"podemos-invita-a-sumarse-como-fiscal-cada-voto-vale-oro","status":"publish","type":"post","link":"https:\/\/www.hoymercedes.com.ar\/principal\/2013\/08\/07\/podemos-invita-a-sumarse-como-fiscal-cada-voto-vale-oro\/","title":{"rendered":"PODEMOS invita a sumarse como fiscal: \u00abCada Voto Vale Oro\u00bb"},"content":{"rendered":"<p><a href=\"https:\/\/www.hoymercedes.com.ar\/principal\/wp-content\/uploads\/2013\/08\/fiscales-podemos.png\"><img loading=\"lazy\" decoding=\"async\" data-attachment-id=\"24590\" data-permalink=\"https:\/\/www.hoymercedes.com.ar\/principal\/2013\/08\/07\/podemos-invita-a-sumarse-como-fiscal-cada-voto-vale-oro\/fiscales-podemos\/#main\" data-orig-file=\"https:\/\/www.hoymercedes.com.ar\/principal\/wp-content\/uploads\/2013\/08\/fiscales-podemos.png\" data-orig-size=\"620,551\" data-comments-opened=\"1\" data-image-meta=\"{&quot;aperture&quot;:&quot;0&quot;,&quot;credit&quot;:&quot;&quot;,&quot;camera&quot;:&quot;&quot;,&quot;caption&quot;:&quot;&quot;,&quot;created_timestamp&quot;:&quot;0&quot;,&quot;copyright&quot;:&quot;&quot;,&quot;focal_length&quot;:&quot;0&quot;,&quot;iso&quot;:&quot;0&quot;,&quot;shutter_speed&quot;:&quot;0&quot;,&quot;title&quot;:&quot;&quot;}\" data-image-title=\"fiscales-podemos\" data-image-description=\"\" data-image-caption=\"\" data-large-file=\"https:\/\/www.hoymercedes.com.ar\/principal\/wp-content\/uploads\/2013\/08\/fiscales-podemos.png\" class=\"aligncenter size-full wp-image-24590\" alt=\"fiscales-podemos\" src=\"https:\/\/www.hoymercedes.com.ar\/principal\/wp-content\/uploads\/2013\/08\/fiscales-podemos.png\" width=\"620\" height=\"551\" \/><\/a><\/p>\n<p>&nbsp;<\/p>\n<p>&nbsp;<\/p>\n<p><em><strong>Desde el Frente PODEMOS vemos la necesidad de hacer un llamado a todos aquellos que crean necesario fortalecer la democracia y as\u00ed dar un paso hacia adelante respecto a la permanente lucha contra los proscriptivos requisitos que ha implementado la reforma pol\u00edtica del kirchnerismo en el a\u00f1o 2010. Las fuerzas emergentes y alternativas como la nuestra, que no nos enfrentamos internamente entre nosotros porque somos propuestas colectivas, debemos participar de una elecci\u00f3n para la cual arrancamos en desventaja econ\u00f3mica y de organizaci\u00f3n.<\/strong><\/em><\/p>\n<p>Somos un espacio novedoso y transformador, que viene a desequilibrar a las estructuras tradicionales de la ciudad y a comenzar un camino de construcci\u00f3n colectiva con vistas en el futuro, y en base a esto es que creemos que ser\u00eda muy \u00fatil que la ciudad de Mercedes tenga en octubre la opci\u00f3n de elegirnos, para lo cual tendremos mas tiempo para expresarnos con mayor amplitud y para que nos conozcan en profundidad. Pero para esto debemos sobrepasar las primarias del 11 de agosto. Necesitamos el 1,5 de los votos, que depende de la cantidad de gente que ese d\u00eda vaya a votar, y eso puede variar entre 550 y 800 votos (Seg\u00fan nuestros c\u00e1lculos).<\/p>\n<p>Para las fuerzas emergentes como la nuestra, cada voto es de vital importancia, y creemos que podremos lograrlo con una fiscalizaci\u00f3n eficiente en cada una de las escuelas de la ciudad, cuidando cada uno de los votos que saquemos.<\/p>\n<p>Es por esto que invitamos a la ciudadan\u00eda a que si nos conoce, si apoya nuestras propuestas o si le parece justo que podamos estar en octubre, nos vote en agosto para estar en octubre y as\u00ed estar\u00e1n contribuyendo a una justa causa, que es que una fuerza emergente y sin compromisos con el poder local como la nuestra sea parte de las elecciones generales.<\/p>\n<p>Pero adem\u00e1s invitamos a todos a ser parte de esta construcci\u00f3n pol\u00edtica colectiva y diferente. Porque creemos profundamente en los proyectos colectivos, en que las cosas se cambian con propuestas pero a la vez con compromiso y participaci\u00f3n de miles organizados.<\/p>\n<p>Creemos que todos tenemos valiosas ideas para aportar y que somos muchos mas los que queremos una realidad distinta y un futuro esperanzador, y es por eso que invitamos a todos a votarnos y en lo posible que se sumen a darnos una mano enorme en la fiscalizaci\u00f3n, porque cada uno de los votos para nosotros vale oro.<\/p>\n<p>Estaremos realizando dos reuniones de capacitaci\u00f3n para fiscales, a primera ser\u00e1 el martes 6 de agosto a las 20 hs y la segunda ser\u00e1 el jueves 8 de agosto a las 18hs. en el sal\u00f3n de la Casa del Pueblo de calle 35 entre 22 y 24. Tambi\u00e9n pueden ponerse en contacto con nosotros a trav\u00e9s de Facebook como Podemos Mercedes, o entrando en www.podemosmercedes.com.ar y anotarse alli como fiscal en el link para ello.<\/p>\n","protected":false},"excerpt":{"rendered":"<p>&nbsp; &nbsp; Desde el Frente PODEMOS vemos la necesidad de hacer un llamado a todos aquellos que crean necesario fortalecer &#8230; <a title=\"PODEMOS invita a sumarse como fiscal: \u00abCada Voto Vale Oro\u00bb\" class=\"read-more\" href=\"https:\/\/www.hoymercedes.com.ar\/principal\/2013\/08\/07\/podemos-invita-a-sumarse-como-fiscal-cada-voto-vale-oro\/\" aria-label=\"Leer m\u00e1s sobre PODEMOS invita a sumarse como fiscal: \u00abCada Voto Vale Oro\u00bb\">Leer m\u00e1s<\/a><\/p>\n","protected":false},"author":1,"featured_media":0,"comment_status":"open","ping_status":"open","sticky":false,"template":"","format":"standard","meta":{"_monsterinsights_skip_tracking":false,"_monsterinsights_sitenote_active":false,"_monsterinsights_sitenote_note":"","_monsterinsights_sitenote_category":0,"jetpack_post_was_ever_published":false,"_jetpack_newsletter_access":"","_jetpack_dont_email_post_to_subs":false,"_jetpack_newsletter_tier_id":0,"_jetpack_memberships_contains_paywalled_content":false,"_jetpack_memberships_contains_paid_content":false,"footnotes":"","jetpack_publicize_message":"","jetpack_publicize_feature_enabled":true,"jetpack_social_post_already_shared":true,"jetpack_social_options":{"image_generator_settings":{"template":"highway","default_image_id":0,"font":"","enabled":false},"version":2},"_wpas_customize_per_network":false},"categories":[5],"tags":[3616],"class_list":["post-24587","post","type-post","status-publish","format-standard","hentry","category-politica","tag-podemos-mercedes","generate-columns","tablet-grid-50","mobile-grid-100","grid-parent","grid-50"],"jetpack_publicize_connections":[],"jetpack_featured_media_url":"","wps_subtitle":"","jetpack_sharing_enabled":true,"_links":{"self":[{"href":"https:\/\/www.hoymercedes.com.ar\/principal\/wp-json\/wp\/v2\/posts\/24587","targetHints":{"allow":["GET"]}}],"collection":[{"href":"https:\/\/www.hoymercedes.com.ar\/principal\/wp-json\/wp\/v2\/posts"}],"about":[{"href":"https:\/\/www.hoymercedes.com.ar\/principal\/wp-json\/wp\/v2\/types\/post"}],"author":[{"embeddable":true,"href":"https:\/\/www.hoymercedes.com.ar\/principal\/wp-json\/wp\/v2\/users\/1"}],"replies":[{"embeddable":true,"href":"https:\/\/www.hoymercedes.com.ar\/principal\/wp-json\/wp\/v2\/comments?post=24587"}],"version-history":[{"count":0,"href":"https:\/\/www.hoymercedes.com.ar\/principal\/wp-json\/wp\/v2\/posts\/24587\/revisions"}],"wp:attachment":[{"href":"https:\/\/www.hoymercedes.com.ar\/principal\/wp-json\/wp\/v2\/media?parent=24587"}],"wp:term":[{"taxonomy":"category","embeddable":true,"href":"https:\/\/www.hoymercedes.com.ar\/principal\/wp-json\/wp\/v2\/categories?post=24587"},{"taxonomy":"post_tag","embeddable":true,"href":"https:\/\/www.hoymercedes.com.ar\/principal\/wp-json\/wp\/v2\/tags?post=24587"}],"curies":[{"name":"wp","href":"https:\/\/api.w.org\/{rel}","templated":true}]}}