{"id":2461,"date":"2011-02-28T03:37:06","date_gmt":"2011-02-28T03:37:06","guid":{"rendered":"http:\/\/www.hoymercedes.com.ar\/principal\/?p=2461"},"modified":"2011-02-28T03:40:59","modified_gmt":"2011-02-28T03:40:59","slug":"revista-noticias-tambien-habla-de-wado-de-pedro-y-la-campora","status":"publish","type":"post","link":"https:\/\/www.hoymercedes.com.ar\/principal\/2011\/02\/28\/revista-noticias-tambien-habla-de-wado-de-pedro-y-la-campora\/","title":{"rendered":"Revista Noticias tambi\u00e9n habla de Wado De Pedro y La C\u00e1mpora"},"content":{"rendered":"<p style=\"text-align: justify;\">La c\u00e1mpora est\u00e1 dando mucho que hablar y, tambi\u00e9n, de comer a los medios de prensa, sobre todos aquellos con un claro perfil de distanciamiento al gobierno. Ya no se puede decir \u00a0\u201ccr\u00edtico\u201d que ser\u00eda correcto, sino, m\u00e1s all\u00e1. Son parte, algunos del juego pol\u00edtico de la realidad.<\/p>\n<p style=\"text-align: justify;\">Ahora la ya farandulezca revista Noticias realiza un informe sobre \u201cLa C\u00e1mpora\u201d como instancia de choque primero y de gesti\u00f3n despu\u00e9s d\u00e1ndoles un nivel de influencia enorme.<\/p>\n<p style=\"text-align: justify;\">Una nota que se asemeja much\u00edsimo a la publicada una semana atr\u00e1s por el diario <a href=\"https:\/\/www.hoymercedes.com.ar\/principal\/2011\/02\/21\/wado-de-pedro-%C2%BFel-comisario-2\/\" target=\"_blank\">La Naci\u00f3n<\/a> en su suplemento enfoque donde daban un tratamiento id\u00e9ntico con comentarios sobre los mismos personajes.<\/p>\n<p style=\"text-align: justify;\">Sin ninguna originalidad Revista Noticias ahora publica una nota sobre la l\u00ednea pol\u00edtica \u201cLa C\u00e1mpora\u201d, su influencia en el gobierno, su accionar en los medios, los militantes, los espacios de gesti\u00f3n que posee y, claro, en la tapa, el mercedino Wado De Pedro como uno de los protagonistas de esta seguidilla de publicaciones que intentan explicar lo que est\u00e1 sucediendo en el actual gobierno y los grupos, sobre todo de j\u00f3venes, que defienden sus acciones y fomentan su continuidad.<\/p>\n<p><a href=\"https:\/\/www.hoymercedes.com.ar\/principal\/wp-content\/uploads\/2011\/02\/NoticiasFebrero28.jpg\"><img loading=\"lazy\" decoding=\"async\" data-attachment-id=\"2460\" data-permalink=\"https:\/\/www.hoymercedes.com.ar\/principal\/not-1783-001-tapa-indd\/\" data-orig-file=\"https:\/\/www.hoymercedes.com.ar\/principal\/wp-content\/uploads\/2011\/02\/NoticiasFebrero28.jpg\" data-orig-size=\"379,500\" data-comments-opened=\"1\" data-image-meta=\"{&quot;aperture&quot;:&quot;0&quot;,&quot;credit&quot;:&quot;&quot;,&quot;camera&quot;:&quot;&quot;,&quot;caption&quot;:&quot;&quot;,&quot;created_timestamp&quot;:&quot;0&quot;,&quot;copyright&quot;:&quot;&quot;,&quot;focal_length&quot;:&quot;0&quot;,&quot;iso&quot;:&quot;0&quot;,&quot;shutter_speed&quot;:&quot;0&quot;,&quot;title&quot;:&quot;NOT-1783-001-TAPA.indd&quot;}\" data-image-title=\"Revista Noticias\" data-image-description=\"\" data-image-caption=\"\" data-large-file=\"https:\/\/www.hoymercedes.com.ar\/principal\/wp-content\/uploads\/2011\/02\/NoticiasFebrero28.jpg\" class=\"size-full wp-image-2460 aligncenter\" title=\"Revista Noticias\" src=\"https:\/\/www.hoymercedes.com.ar\/principal\/wp-content\/uploads\/2011\/02\/NoticiasFebrero28.jpg\" alt=\"\" width=\"379\" height=\"500\" \/><\/a><\/p>\n","protected":false},"excerpt":{"rendered":"<p>La c\u00e1mpora est\u00e1 dando mucho que hablar y, tambi\u00e9n, de comer a los medios de prensa, sobre todos aquellos con &#8230; <a title=\"Revista Noticias tambi\u00e9n habla de Wado De Pedro y La C\u00e1mpora\" class=\"read-more\" href=\"https:\/\/www.hoymercedes.com.ar\/principal\/2011\/02\/28\/revista-noticias-tambien-habla-de-wado-de-pedro-y-la-campora\/\" aria-label=\"Leer m\u00e1s sobre Revista Noticias tambi\u00e9n habla de Wado De Pedro y La C\u00e1mpora\">Leer m\u00e1s<\/a><\/p>\n","protected":false},"author":1,"featured_media":0,"comment_status":"open","ping_status":"open","sticky":false,"template":"","format":"standard","meta":{"_monsterinsights_skip_tracking":false,"_monsterinsights_sitenote_active":false,"_monsterinsights_sitenote_note":"","_monsterinsights_sitenote_category":0,"jetpack_post_was_ever_published":false,"_jetpack_newsletter_access":"","_jetpack_dont_email_post_to_subs":false,"_jetpack_newsletter_tier_id":0,"_jetpack_memberships_contains_paywalled_content":false,"_jetpack_memberships_contains_paid_content":false,"footnotes":"","jetpack_publicize_message":"","jetpack_publicize_feature_enabled":true,"jetpack_social_post_already_shared":false,"jetpack_social_options":{"image_generator_settings":{"template":"highway","default_image_id":0,"font":"","enabled":false},"version":2},"_wpas_customize_per_network":false},"categories":[1],"tags":[425,281],"class_list":["post-2461","post","type-post","status-publish","format-standard","hentry","category-opinion","tag-la-campora","tag-wado-de-pedro","generate-columns","tablet-grid-50","mobile-grid-100","grid-parent","grid-50"],"jetpack_publicize_connections":[],"jetpack_featured_media_url":"","wps_subtitle":"","jetpack_sharing_enabled":true,"_links":{"self":[{"href":"https:\/\/www.hoymercedes.com.ar\/principal\/wp-json\/wp\/v2\/posts\/2461","targetHints":{"allow":["GET"]}}],"collection":[{"href":"https:\/\/www.hoymercedes.com.ar\/principal\/wp-json\/wp\/v2\/posts"}],"about":[{"href":"https:\/\/www.hoymercedes.com.ar\/principal\/wp-json\/wp\/v2\/types\/post"}],"author":[{"embeddable":true,"href":"https:\/\/www.hoymercedes.com.ar\/principal\/wp-json\/wp\/v2\/users\/1"}],"replies":[{"embeddable":true,"href":"https:\/\/www.hoymercedes.com.ar\/principal\/wp-json\/wp\/v2\/comments?post=2461"}],"version-history":[{"count":0,"href":"https:\/\/www.hoymercedes.com.ar\/principal\/wp-json\/wp\/v2\/posts\/2461\/revisions"}],"wp:attachment":[{"href":"https:\/\/www.hoymercedes.com.ar\/principal\/wp-json\/wp\/v2\/media?parent=2461"}],"wp:term":[{"taxonomy":"category","embeddable":true,"href":"https:\/\/www.hoymercedes.com.ar\/principal\/wp-json\/wp\/v2\/categories?post=2461"},{"taxonomy":"post_tag","embeddable":true,"href":"https:\/\/www.hoymercedes.com.ar\/principal\/wp-json\/wp\/v2\/tags?post=2461"}],"curies":[{"name":"wp","href":"https:\/\/api.w.org\/{rel}","templated":true}]}}