{"id":24631,"date":"2013-08-07T16:40:59","date_gmt":"2013-08-07T16:40:59","guid":{"rendered":"http:\/\/www.hoymercedes.com.ar\/principal\/?p=24631"},"modified":"2013-08-07T16:40:59","modified_gmt":"2013-08-07T16:40:59","slug":"detenido-en-el-57-por-hurto-durante-el-viaje-con-pedido-de-captura","status":"publish","type":"post","link":"https:\/\/www.hoymercedes.com.ar\/principal\/2013\/08\/07\/detenido-en-el-57-por-hurto-durante-el-viaje-con-pedido-de-captura\/","title":{"rendered":"Detenido en el 57 por hurto durante el viaje con pedido de captura"},"content":{"rendered":"<p><a href=\"https:\/\/www.hoymercedes.com.ar\/principal\/wp-content\/uploads\/2013\/08\/Atl\u00e1ntida57-Mercedes.jpg\"><img loading=\"lazy\" decoding=\"async\" data-attachment-id=\"24633\" data-permalink=\"https:\/\/www.hoymercedes.com.ar\/principal\/2013\/08\/07\/detenido-en-el-57-por-hurto-durante-el-viaje-con-pedido-de-captura\/atlantida57-mercedes-2\/#main\" data-orig-file=\"https:\/\/www.hoymercedes.com.ar\/principal\/wp-content\/uploads\/2013\/08\/Atl\u00e1ntida57-Mercedes.jpg\" data-orig-size=\"620,359\" data-comments-opened=\"1\" data-image-meta=\"{&quot;aperture&quot;:&quot;2.8&quot;,&quot;credit&quot;:&quot;&quot;,&quot;camera&quot;:&quot;COOLPIX L10&quot;,&quot;caption&quot;:&quot;&quot;,&quot;created_timestamp&quot;:&quot;1337587075&quot;,&quot;copyright&quot;:&quot;Copyright 2006&quot;,&quot;focal_length&quot;:&quot;6.2&quot;,&quot;iso&quot;:&quot;64&quot;,&quot;shutter_speed&quot;:&quot;0.0054141851651326&quot;,&quot;title&quot;:&quot;&quot;}\" data-image-title=\"Atl\u00e1ntida57-Mercedes\" data-image-description=\"\" data-image-caption=\"\" data-large-file=\"https:\/\/www.hoymercedes.com.ar\/principal\/wp-content\/uploads\/2013\/08\/Atl\u00e1ntida57-Mercedes.jpg\" class=\"aligncenter size-full wp-image-24633\" alt=\"Atl\u00e1ntida57-Mercedes\" src=\"https:\/\/www.hoymercedes.com.ar\/principal\/wp-content\/uploads\/2013\/08\/Atl\u00e1ntida57-Mercedes.jpg\" width=\"620\" height=\"359\" \/><\/a><\/p>\n<p><strong><em>Durante la semana pasada ocurri\u00f3 este curioso acontecimiento donde un sujeto fue detenido por robar a un \u00abcompa\u00f1ero\u00bb de viaje. La polic\u00eda local intervino y se detuvo al ladr\u00f3n.\u00a0<\/em><\/strong><\/p>\n<p>Todo transcurri\u00f3 en el interior de un micro de la l\u00ednea 57, que ingresaba a esta ciudad proveniente de la localidad de Moreno; al disponerse a bajar del micro un hombre que se domicilia en esta ciudad, constata que le faltaba una billetera que conten\u00eda dinero en efectivo y documentaci\u00f3n personal; as\u00ed tambi\u00e9n al momento se da cuenta que quien se hab\u00eda apoderado de dicha billetera fue otro pasajero que viaj\u00f3 en el asiento junto a \u00e9l, denunciando esto a la Polic\u00eda (911), describiendo tanto a ese se\u00f1or, como a las personas que lo acompa\u00f1aban, trat\u00e1ndose de otro hombre y una mujer. De inmediato efectivos de la Comisaria local se entrevistaron con el damnificado, quien les brindo los datos necesarios, y as\u00ed luego de implementarse un operativo de b\u00fasqueda, dieron con esas personas, trat\u00e1ndose todos de vecinos de la ciudad de Moreno, quienes, casualmente, concurr\u00edan a la Unidad n\u00ba 5 a visitar a otro familiar<\/p>\n<p>As\u00ed y todo no termin\u00f3 el asunto ah\u00ed, ya que luego la Polic\u00eda pudo determinar que uno de ellos, m\u00e1s espec\u00edficamente la se\u00f1ora, de apellido P\u00e9rez, ten\u00eda un pedido de captura solicitado por una fiscal\u00eda de Luj\u00e1n.<\/p>\n<p>&nbsp;<\/p>\n","protected":false},"excerpt":{"rendered":"<p>Durante la semana pasada ocurri\u00f3 este curioso acontecimiento donde un sujeto fue detenido por robar a un \u00abcompa\u00f1ero\u00bb de viaje. &#8230; <a title=\"Detenido en el 57 por hurto durante el viaje con pedido de captura\" class=\"read-more\" href=\"https:\/\/www.hoymercedes.com.ar\/principal\/2013\/08\/07\/detenido-en-el-57-por-hurto-durante-el-viaje-con-pedido-de-captura\/\" aria-label=\"Leer m\u00e1s sobre Detenido en el 57 por hurto durante el viaje con pedido de captura\">Leer m\u00e1s<\/a><\/p>\n","protected":false},"author":1,"featured_media":0,"comment_status":"open","ping_status":"open","sticky":false,"template":"","format":"standard","meta":{"_monsterinsights_skip_tracking":false,"_monsterinsights_sitenote_active":false,"_monsterinsights_sitenote_note":"","_monsterinsights_sitenote_category":0,"jetpack_post_was_ever_published":false,"_jetpack_newsletter_access":"","_jetpack_dont_email_post_to_subs":false,"_jetpack_newsletter_tier_id":0,"_jetpack_memberships_contains_paywalled_content":false,"_jetpack_memberships_contains_paid_content":false,"footnotes":"","jetpack_publicize_message":"","jetpack_publicize_feature_enabled":true,"jetpack_social_post_already_shared":true,"jetpack_social_options":{"image_generator_settings":{"template":"highway","default_image_id":0,"font":"","enabled":false},"version":2},"_wpas_customize_per_network":false},"categories":[85],"tags":[2760],"class_list":["post-24631","post","type-post","status-publish","format-standard","hentry","category-policial","tag-robo-mercedes","generate-columns","tablet-grid-50","mobile-grid-100","grid-parent","grid-50"],"jetpack_publicize_connections":[],"jetpack_featured_media_url":"","wps_subtitle":"","jetpack_sharing_enabled":true,"_links":{"self":[{"href":"https:\/\/www.hoymercedes.com.ar\/principal\/wp-json\/wp\/v2\/posts\/24631","targetHints":{"allow":["GET"]}}],"collection":[{"href":"https:\/\/www.hoymercedes.com.ar\/principal\/wp-json\/wp\/v2\/posts"}],"about":[{"href":"https:\/\/www.hoymercedes.com.ar\/principal\/wp-json\/wp\/v2\/types\/post"}],"author":[{"embeddable":true,"href":"https:\/\/www.hoymercedes.com.ar\/principal\/wp-json\/wp\/v2\/users\/1"}],"replies":[{"embeddable":true,"href":"https:\/\/www.hoymercedes.com.ar\/principal\/wp-json\/wp\/v2\/comments?post=24631"}],"version-history":[{"count":0,"href":"https:\/\/www.hoymercedes.com.ar\/principal\/wp-json\/wp\/v2\/posts\/24631\/revisions"}],"wp:attachment":[{"href":"https:\/\/www.hoymercedes.com.ar\/principal\/wp-json\/wp\/v2\/media?parent=24631"}],"wp:term":[{"taxonomy":"category","embeddable":true,"href":"https:\/\/www.hoymercedes.com.ar\/principal\/wp-json\/wp\/v2\/categories?post=24631"},{"taxonomy":"post_tag","embeddable":true,"href":"https:\/\/www.hoymercedes.com.ar\/principal\/wp-json\/wp\/v2\/tags?post=24631"}],"curies":[{"name":"wp","href":"https:\/\/api.w.org\/{rel}","templated":true}]}}