{"id":24651,"date":"2013-08-07T21:04:47","date_gmt":"2013-08-07T21:04:47","guid":{"rendered":"http:\/\/www.hoymercedes.com.ar\/principal\/?p=24651"},"modified":"2013-08-07T21:04:50","modified_gmt":"2013-08-07T21:04:50","slug":"frente-mercedino-suspende-acto-de-cierre-por-tragedia-en-rosario","status":"publish","type":"post","link":"https:\/\/www.hoymercedes.com.ar\/principal\/2013\/08\/07\/frente-mercedino-suspende-acto-de-cierre-por-tragedia-en-rosario\/","title":{"rendered":"Frente Mercedino suspende acto de cierre por tragedia en Rosario"},"content":{"rendered":"<figure id=\"attachment_24653\" aria-describedby=\"caption-attachment-24653\" style=\"width: 610px\" class=\"wp-caption aligncenter\"><a href=\"https:\/\/www.hoymercedes.com.ar\/principal\/wp-content\/uploads\/2013\/08\/frenteparalavictoria.jpg\"><img loading=\"lazy\" decoding=\"async\" data-attachment-id=\"24653\" data-permalink=\"https:\/\/www.hoymercedes.com.ar\/principal\/2013\/08\/07\/frente-mercedino-suspende-acto-de-cierre-por-tragedia-en-rosario\/frenteparalavictoria\/#main\" data-orig-file=\"https:\/\/www.hoymercedes.com.ar\/principal\/wp-content\/uploads\/2013\/08\/frenteparalavictoria.jpg\" data-orig-size=\"620,167\" data-comments-opened=\"1\" data-image-meta=\"{&quot;aperture&quot;:&quot;0&quot;,&quot;credit&quot;:&quot;&quot;,&quot;camera&quot;:&quot;&quot;,&quot;caption&quot;:&quot;&quot;,&quot;created_timestamp&quot;:&quot;0&quot;,&quot;copyright&quot;:&quot;&quot;,&quot;focal_length&quot;:&quot;0&quot;,&quot;iso&quot;:&quot;0&quot;,&quot;shutter_speed&quot;:&quot;0&quot;,&quot;title&quot;:&quot;&quot;}\" data-image-title=\"frenteparalavictoria\" data-image-description=\"\" data-image-caption=\"&lt;p&gt;Frente Mercedino&lt;\/p&gt;\n\" data-large-file=\"https:\/\/www.hoymercedes.com.ar\/principal\/wp-content\/uploads\/2013\/08\/frenteparalavictoria.jpg\" class=\"size-full wp-image-24653\" alt=\"Frente Mercedino \" src=\"https:\/\/www.hoymercedes.com.ar\/principal\/wp-content\/uploads\/2013\/08\/frenteparalavictoria.jpg\" width=\"620\" height=\"167\" \/><\/a><figcaption id=\"caption-attachment-24653\" class=\"wp-caption-text\">Frente Mercedino<\/figcaption><\/figure>\n<p><em><strong>En estos momentos el pa\u00eds todo se encuentra bajo luto a partir de la tragedia vivida en Rosario, Santa F\u00e9, donde varios argentinos perdieron la vida y otros permanecen desaparecidos. Es por ello que desde el Frente Mercedino afirmaron realizan una suspensi\u00f3n de actividad programada.<\/strong><\/em><\/p>\n<p>Con un comunicado de prensa, desde la fuerza pol\u00edtica que lleva a Juan Ustarroz como primer pre candidato al Concejo Deliberante, afirmaron:<\/p>\n<p><em>\u00abA ra\u00edz de la tragedia ocurrida en Rosario, por la que la Presidenta Cristina Fern\u00e1ndez de Kirchner decret\u00f3 dos d\u00edas de duelo nacional, el Frente Mercedino para la Victoria anuncia la suspensi\u00f3n de su acto de cierre de campa\u00f1a, que estaba previsto para ma\u00f1ana a la noche en el Club Comunicaciones.<\/em><\/p>\n<div><em>Asimismo, desde el Frente Mercedino expresamos nuestro m\u00e1s profundo dolor por lo ocurrido en Rosario y nos solidarizamos tanto con las v\u00edctimas de la tragedia como con sus familiares y sus afectos. Gracias.\u00bb<\/em><\/div>\n<div><\/div>\n<div>De esta manera el Frente Mercedino expresa su dolor y solidaridad con las v\u00edctimas y la suspensi\u00f3n del acto.<\/div>\n","protected":false},"excerpt":{"rendered":"<p>En estos momentos el pa\u00eds todo se encuentra bajo luto a partir de la tragedia vivida en Rosario, Santa F\u00e9, &#8230; <a title=\"Frente Mercedino suspende acto de cierre por tragedia en Rosario\" class=\"read-more\" href=\"https:\/\/www.hoymercedes.com.ar\/principal\/2013\/08\/07\/frente-mercedino-suspende-acto-de-cierre-por-tragedia-en-rosario\/\" aria-label=\"Leer m\u00e1s sobre Frente Mercedino suspende acto de cierre por tragedia en Rosario\">Leer m\u00e1s<\/a><\/p>\n","protected":false},"author":1,"featured_media":0,"comment_status":"open","ping_status":"open","sticky":false,"template":"","format":"standard","meta":{"_monsterinsights_skip_tracking":false,"_monsterinsights_sitenote_active":false,"_monsterinsights_sitenote_note":"","_monsterinsights_sitenote_category":0,"jetpack_post_was_ever_published":false,"_jetpack_newsletter_access":"","_jetpack_dont_email_post_to_subs":false,"_jetpack_newsletter_tier_id":0,"_jetpack_memberships_contains_paywalled_content":false,"_jetpack_memberships_contains_paid_content":false,"footnotes":"","jetpack_publicize_message":"","jetpack_publicize_feature_enabled":true,"jetpack_social_post_already_shared":true,"jetpack_social_options":{"image_generator_settings":{"template":"highway","default_image_id":0,"font":"","enabled":false},"version":2},"_wpas_customize_per_network":false},"categories":[5],"tags":[379,585],"class_list":["post-24651","post","type-post","status-publish","format-standard","hentry","category-politica","tag-frente-mercedino-para-la-victoria","tag-juan-ustarroz","generate-columns","tablet-grid-50","mobile-grid-100","grid-parent","grid-50"],"jetpack_publicize_connections":[],"jetpack_featured_media_url":"","wps_subtitle":"","jetpack_sharing_enabled":true,"_links":{"self":[{"href":"https:\/\/www.hoymercedes.com.ar\/principal\/wp-json\/wp\/v2\/posts\/24651","targetHints":{"allow":["GET"]}}],"collection":[{"href":"https:\/\/www.hoymercedes.com.ar\/principal\/wp-json\/wp\/v2\/posts"}],"about":[{"href":"https:\/\/www.hoymercedes.com.ar\/principal\/wp-json\/wp\/v2\/types\/post"}],"author":[{"embeddable":true,"href":"https:\/\/www.hoymercedes.com.ar\/principal\/wp-json\/wp\/v2\/users\/1"}],"replies":[{"embeddable":true,"href":"https:\/\/www.hoymercedes.com.ar\/principal\/wp-json\/wp\/v2\/comments?post=24651"}],"version-history":[{"count":0,"href":"https:\/\/www.hoymercedes.com.ar\/principal\/wp-json\/wp\/v2\/posts\/24651\/revisions"}],"wp:attachment":[{"href":"https:\/\/www.hoymercedes.com.ar\/principal\/wp-json\/wp\/v2\/media?parent=24651"}],"wp:term":[{"taxonomy":"category","embeddable":true,"href":"https:\/\/www.hoymercedes.com.ar\/principal\/wp-json\/wp\/v2\/categories?post=24651"},{"taxonomy":"post_tag","embeddable":true,"href":"https:\/\/www.hoymercedes.com.ar\/principal\/wp-json\/wp\/v2\/tags?post=24651"}],"curies":[{"name":"wp","href":"https:\/\/api.w.org\/{rel}","templated":true}]}}