{"id":24687,"date":"2013-08-08T17:00:26","date_gmt":"2013-08-08T17:00:26","guid":{"rendered":"http:\/\/www.hoymercedes.com.ar\/principal\/?p=24687"},"modified":"2013-08-08T11:52:03","modified_gmt":"2013-08-08T11:52:03","slug":"mic-insiste-e-invita-a-los-vecinos-a-cortar-boleta","status":"publish","type":"post","link":"https:\/\/www.hoymercedes.com.ar\/principal\/2013\/08\/08\/mic-insiste-e-invita-a-los-vecinos-a-cortar-boleta\/","title":{"rendered":"MIC insiste e invita a los vecinos a cortar boleta"},"content":{"rendered":"<p><a href=\"https:\/\/www.hoymercedes.com.ar\/principal\/wp-content\/uploads\/2013\/08\/mic-corta-boleta.jpg\"><img loading=\"lazy\" decoding=\"async\" data-attachment-id=\"24689\" data-permalink=\"https:\/\/www.hoymercedes.com.ar\/principal\/2013\/08\/08\/mic-insiste-e-invita-a-los-vecinos-a-cortar-boleta\/mic-corta-boleta\/#main\" data-orig-file=\"https:\/\/www.hoymercedes.com.ar\/principal\/wp-content\/uploads\/2013\/08\/mic-corta-boleta.jpg\" data-orig-size=\"620,731\" data-comments-opened=\"1\" data-image-meta=\"{&quot;aperture&quot;:&quot;2.8&quot;,&quot;credit&quot;:&quot;&quot;,&quot;camera&quot;:&quot;LG-E451g&quot;,&quot;caption&quot;:&quot;&quot;,&quot;created_timestamp&quot;:&quot;1375901764&quot;,&quot;copyright&quot;:&quot;&quot;,&quot;focal_length&quot;:&quot;3.5&quot;,&quot;iso&quot;:&quot;174&quot;,&quot;shutter_speed&quot;:&quot;0.010005&quot;,&quot;title&quot;:&quot;&quot;}\" data-image-title=\"mic-corta-boleta\" data-image-description=\"\" data-image-caption=\"\" data-large-file=\"https:\/\/www.hoymercedes.com.ar\/principal\/wp-content\/uploads\/2013\/08\/mic-corta-boleta.jpg\" class=\"aligncenter size-full wp-image-24689\" alt=\"mic-corta-boleta\" src=\"https:\/\/www.hoymercedes.com.ar\/principal\/wp-content\/uploads\/2013\/08\/mic-corta-boleta.jpg\" width=\"620\" height=\"731\" srcset=\"https:\/\/www.hoymercedes.com.ar\/principal\/wp-content\/uploads\/2013\/08\/mic-corta-boleta.jpg 620w, https:\/\/www.hoymercedes.com.ar\/principal\/wp-content\/uploads\/2013\/08\/mic-corta-boleta-525x620.jpg 525w\" sizes=\"auto, (max-width: 620px) 100vw, 620px\" \/><\/a><\/p>\n<p>El Movimiento Mercedes Comunal invita a los mercedinos desde hace tiempo a que se corte boleta este domingo 11 en las Primarias Abiertas Simult\u00e1neas y Obligatorias entendiendo ellos \u00abrepresentan a la ciudadan\u00eda\u00bb desde su lista vecinal.<\/p>\n<p>Los vecinos que reciben bajo su puerta constantemente propuestas pol\u00edticas y en pos de alg\u00fan partido tienen tambi\u00e9n las b\u00fasquedas del MIC que lleva a Jos\u00e9 Cesteri en primer t\u00e9rmino buscando su reelecci\u00f3n en el cuerpo deliberativo de que se corte boleta con un volante a todo color instructivo para que no se cometan errores a la hora se seleccionar a nivel local una fuerza y a nivel nacional otra.<\/p>\n<p>El MIC, de esta manera, refuerza su visi\u00f3n de que son una fuerza \u00edntegramente local y que piensa en la ciudad sin compromisos pol\u00edticos de arriba que los \u00abcomprometan\u00bb m\u00e1s all\u00e1 de los mercedinos.<\/p>\n","protected":false},"excerpt":{"rendered":"<p>El Movimiento Mercedes Comunal invita a los mercedinos desde hace tiempo a que se corte boleta este domingo 11 en &#8230; <a title=\"MIC insiste e invita a los vecinos a cortar boleta\" class=\"read-more\" href=\"https:\/\/www.hoymercedes.com.ar\/principal\/2013\/08\/08\/mic-insiste-e-invita-a-los-vecinos-a-cortar-boleta\/\" aria-label=\"Leer m\u00e1s sobre MIC insiste e invita a los vecinos a cortar boleta\">Leer m\u00e1s<\/a><\/p>\n","protected":false},"author":1,"featured_media":0,"comment_status":"open","ping_status":"open","sticky":false,"template":"","format":"standard","meta":{"_monsterinsights_skip_tracking":false,"_monsterinsights_sitenote_active":false,"_monsterinsights_sitenote_note":"","_monsterinsights_sitenote_category":0,"jetpack_post_was_ever_published":false,"_jetpack_newsletter_access":"","_jetpack_dont_email_post_to_subs":false,"_jetpack_newsletter_tier_id":0,"_jetpack_memberships_contains_paywalled_content":false,"_jetpack_memberships_contains_paid_content":false,"footnotes":"","jetpack_publicize_message":"","jetpack_publicize_feature_enabled":true,"jetpack_social_post_already_shared":true,"jetpack_social_options":{"image_generator_settings":{"template":"highway","default_image_id":0,"font":"","enabled":false},"version":2},"_wpas_customize_per_network":false},"categories":[5],"tags":[1956],"class_list":["post-24687","post","type-post","status-publish","format-standard","hentry","category-politica","tag-mic-mercedes","generate-columns","tablet-grid-50","mobile-grid-100","grid-parent","grid-50"],"jetpack_publicize_connections":[],"jetpack_featured_media_url":"","wps_subtitle":"","jetpack_sharing_enabled":true,"_links":{"self":[{"href":"https:\/\/www.hoymercedes.com.ar\/principal\/wp-json\/wp\/v2\/posts\/24687","targetHints":{"allow":["GET"]}}],"collection":[{"href":"https:\/\/www.hoymercedes.com.ar\/principal\/wp-json\/wp\/v2\/posts"}],"about":[{"href":"https:\/\/www.hoymercedes.com.ar\/principal\/wp-json\/wp\/v2\/types\/post"}],"author":[{"embeddable":true,"href":"https:\/\/www.hoymercedes.com.ar\/principal\/wp-json\/wp\/v2\/users\/1"}],"replies":[{"embeddable":true,"href":"https:\/\/www.hoymercedes.com.ar\/principal\/wp-json\/wp\/v2\/comments?post=24687"}],"version-history":[{"count":0,"href":"https:\/\/www.hoymercedes.com.ar\/principal\/wp-json\/wp\/v2\/posts\/24687\/revisions"}],"wp:attachment":[{"href":"https:\/\/www.hoymercedes.com.ar\/principal\/wp-json\/wp\/v2\/media?parent=24687"}],"wp:term":[{"taxonomy":"category","embeddable":true,"href":"https:\/\/www.hoymercedes.com.ar\/principal\/wp-json\/wp\/v2\/categories?post=24687"},{"taxonomy":"post_tag","embeddable":true,"href":"https:\/\/www.hoymercedes.com.ar\/principal\/wp-json\/wp\/v2\/tags?post=24687"}],"curies":[{"name":"wp","href":"https:\/\/api.w.org\/{rel}","templated":true}]}}