{"id":2478,"date":"2011-03-01T04:02:02","date_gmt":"2011-03-01T04:02:02","guid":{"rendered":"http:\/\/www.hoymercedes.com.ar\/principal\/?p=2478"},"modified":"2011-03-01T04:03:43","modified_gmt":"2011-03-01T04:03:43","slug":"frustran-robos-en-dos-puntos-de-la-ciudad","status":"publish","type":"post","link":"https:\/\/www.hoymercedes.com.ar\/principal\/2011\/03\/01\/frustran-robos-en-dos-puntos-de-la-ciudad\/","title":{"rendered":"Frustran robos en dos puntos de la ciudad"},"content":{"rendered":"<p>El Secretario de Seguridad de la comuna, Esteban Rossi confirm\u00f3 que en las primeras horas del lunes pasado personal policial logro frustrar dos intentos de robos que se estaban generando en diferentes puntos de la ciudad.<\/p>\n<p>El funcionario\u00a0 municipal sostuvo \u00abuno de los hechos ocurri\u00f3 en la conocida confiter\u00eda ubicada en 24 y 27 (La Recova) donde una vez m\u00e1s un grupo de por lo menos cuatro personas j\u00f3venes rompieron una de las vidrieras intentando ingresar al interior de la misma pero alertados el personal policial concurri\u00f3 de inmediato\u00a0 logrando frenar el intento y la detenci\u00f3n de los autores.<\/p>\n<p>El otro episodio fue en las instalaciones del Centro de Educaci\u00f3n F\u00edsica (CEF 40) cuando un grupo integrado por no menos de siete j\u00f3venes logr\u00f3 forzar la cerradura de la puerta principal de ingreso con el prop\u00f3sito de sustraer elementos que all\u00ed se guardan que tienen que ver de manera estricta con la pr\u00e1ctica de actividades deportivas.<br \/>\nPor suerte\u00a0 la polic\u00eda logro llegar a tiempo y evit\u00f3 el robo logrando la detenci\u00f3n de tres de los 7 integrantes, los tres menores de edad por lo cual fueron puestos a disposici\u00f3n de las autoridades judiciales de Menores\u00bb, para luego agregar \u00abpor suerte el s\u00e1bado el comportamiento de los pibes que concurrieron al recital de rock fue muy bueno ya que no debimos tomar intervenci\u00f3n en ning\u00fan hecho desagradable\u00bb-<\/p>\n<p>&nbsp;<\/p>\n","protected":false},"excerpt":{"rendered":"<p>El Secretario de Seguridad de la comuna, Esteban Rossi confirm\u00f3 que en las primeras horas del lunes pasado personal policial &#8230; <a title=\"Frustran robos en dos puntos de la ciudad\" class=\"read-more\" href=\"https:\/\/www.hoymercedes.com.ar\/principal\/2011\/03\/01\/frustran-robos-en-dos-puntos-de-la-ciudad\/\" aria-label=\"Leer m\u00e1s sobre Frustran robos en dos puntos de la ciudad\">Leer m\u00e1s<\/a><\/p>\n","protected":false},"author":1,"featured_media":0,"comment_status":"open","ping_status":"open","sticky":false,"template":"","format":"standard","meta":{"_monsterinsights_skip_tracking":false,"_monsterinsights_sitenote_active":false,"_monsterinsights_sitenote_note":"","_monsterinsights_sitenote_category":0,"jetpack_post_was_ever_published":false,"_jetpack_newsletter_access":"","_jetpack_dont_email_post_to_subs":false,"_jetpack_newsletter_tier_id":0,"_jetpack_memberships_contains_paywalled_content":false,"_jetpack_memberships_contains_paid_content":false,"footnotes":"","jetpack_publicize_message":"","jetpack_publicize_feature_enabled":true,"jetpack_social_post_already_shared":false,"jetpack_social_options":{"image_generator_settings":{"template":"highway","default_image_id":0,"font":"","enabled":false},"version":2},"_wpas_customize_per_network":false},"categories":[1],"tags":[],"class_list":["post-2478","post","type-post","status-publish","format-standard","hentry","category-opinion","generate-columns","tablet-grid-50","mobile-grid-100","grid-parent","grid-50"],"jetpack_publicize_connections":[],"jetpack_featured_media_url":"","wps_subtitle":"","jetpack_sharing_enabled":true,"_links":{"self":[{"href":"https:\/\/www.hoymercedes.com.ar\/principal\/wp-json\/wp\/v2\/posts\/2478","targetHints":{"allow":["GET"]}}],"collection":[{"href":"https:\/\/www.hoymercedes.com.ar\/principal\/wp-json\/wp\/v2\/posts"}],"about":[{"href":"https:\/\/www.hoymercedes.com.ar\/principal\/wp-json\/wp\/v2\/types\/post"}],"author":[{"embeddable":true,"href":"https:\/\/www.hoymercedes.com.ar\/principal\/wp-json\/wp\/v2\/users\/1"}],"replies":[{"embeddable":true,"href":"https:\/\/www.hoymercedes.com.ar\/principal\/wp-json\/wp\/v2\/comments?post=2478"}],"version-history":[{"count":0,"href":"https:\/\/www.hoymercedes.com.ar\/principal\/wp-json\/wp\/v2\/posts\/2478\/revisions"}],"wp:attachment":[{"href":"https:\/\/www.hoymercedes.com.ar\/principal\/wp-json\/wp\/v2\/media?parent=2478"}],"wp:term":[{"taxonomy":"category","embeddable":true,"href":"https:\/\/www.hoymercedes.com.ar\/principal\/wp-json\/wp\/v2\/categories?post=2478"},{"taxonomy":"post_tag","embeddable":true,"href":"https:\/\/www.hoymercedes.com.ar\/principal\/wp-json\/wp\/v2\/tags?post=2478"}],"curies":[{"name":"wp","href":"https:\/\/api.w.org\/{rel}","templated":true}]}}