{"id":24823,"date":"2013-08-10T14:56:07","date_gmt":"2013-08-10T14:56:07","guid":{"rendered":"http:\/\/www.hoymercedes.com.ar\/principal\/?p=24823"},"modified":"2013-08-10T14:56:07","modified_gmt":"2013-08-10T14:56:07","slug":"dos-hombres-con-pedido-de-captura-fueron-detenidos","status":"publish","type":"post","link":"https:\/\/www.hoymercedes.com.ar\/principal\/2013\/08\/10\/dos-hombres-con-pedido-de-captura-fueron-detenidos\/","title":{"rendered":"Dos hombres con pedido de captura fueron detenidos"},"content":{"rendered":"<p><em><strong>Todo ocurri\u00f3 en el marco de un operativo que llevaba a cabo personal de la Comisaria local, al demorar para identificar a dos j\u00f3venes que caminaban por pleno centro de esta ciudad, concretamente en 27 y 16, pudiendo certificar que se trataba de un sujeto de 37 a\u00f1os, domiciliado en la localidad de Gonz\u00e1lez Cat\u00e1n, y otro de 25 a\u00f1os, vecino de Mercedes, sobre los cuales \u00a0\u201cpesaba impedimento legal\u201d<\/strong><\/em><\/p>\n<p>Para con uno de ellos, del Juzgado de Ejecuci\u00f3n Penal de nuestra ciudad, mientras que para el otro, por el delito de \u201cimpedimento de contacto\u201d (de su hijo para con su madre), del Poder Judicial de La Matanza.<\/p>\n<p>De esta manera los sujetos en cuesti\u00f3n fueron detenidos y puestos a disposici\u00f3n de los juzgados intervinientes que hab\u00edan emitido los pedidos.<\/p>\n<p>&nbsp;<\/p>\n","protected":false},"excerpt":{"rendered":"<p>Todo ocurri\u00f3 en el marco de un operativo que llevaba a cabo personal de la Comisaria local, al demorar para &#8230; <a title=\"Dos hombres con pedido de captura fueron detenidos\" class=\"read-more\" href=\"https:\/\/www.hoymercedes.com.ar\/principal\/2013\/08\/10\/dos-hombres-con-pedido-de-captura-fueron-detenidos\/\" aria-label=\"Leer m\u00e1s sobre Dos hombres con pedido de captura fueron detenidos\">Leer m\u00e1s<\/a><\/p>\n","protected":false},"author":1,"featured_media":0,"comment_status":"open","ping_status":"open","sticky":false,"template":"","format":"standard","meta":{"_monsterinsights_skip_tracking":false,"_monsterinsights_sitenote_active":false,"_monsterinsights_sitenote_note":"","_monsterinsights_sitenote_category":0,"jetpack_post_was_ever_published":false,"_jetpack_newsletter_access":"","_jetpack_dont_email_post_to_subs":false,"_jetpack_newsletter_tier_id":0,"_jetpack_memberships_contains_paywalled_content":false,"_jetpack_memberships_contains_paid_content":false,"footnotes":"","jetpack_publicize_message":"","jetpack_publicize_feature_enabled":true,"jetpack_social_post_already_shared":true,"jetpack_social_options":{"image_generator_settings":{"template":"highway","default_image_id":0,"font":"","enabled":false},"version":2},"_wpas_customize_per_network":false},"categories":[85],"tags":[499,430,126],"class_list":["post-24823","post","type-post","status-publish","format-standard","hentry","category-policial","tag-499","tag-comisaria-mercedes","tag-policia-mercedes","generate-columns","tablet-grid-50","mobile-grid-100","grid-parent","grid-50"],"jetpack_publicize_connections":[],"jetpack_featured_media_url":"","wps_subtitle":"","jetpack_sharing_enabled":true,"_links":{"self":[{"href":"https:\/\/www.hoymercedes.com.ar\/principal\/wp-json\/wp\/v2\/posts\/24823","targetHints":{"allow":["GET"]}}],"collection":[{"href":"https:\/\/www.hoymercedes.com.ar\/principal\/wp-json\/wp\/v2\/posts"}],"about":[{"href":"https:\/\/www.hoymercedes.com.ar\/principal\/wp-json\/wp\/v2\/types\/post"}],"author":[{"embeddable":true,"href":"https:\/\/www.hoymercedes.com.ar\/principal\/wp-json\/wp\/v2\/users\/1"}],"replies":[{"embeddable":true,"href":"https:\/\/www.hoymercedes.com.ar\/principal\/wp-json\/wp\/v2\/comments?post=24823"}],"version-history":[{"count":0,"href":"https:\/\/www.hoymercedes.com.ar\/principal\/wp-json\/wp\/v2\/posts\/24823\/revisions"}],"wp:attachment":[{"href":"https:\/\/www.hoymercedes.com.ar\/principal\/wp-json\/wp\/v2\/media?parent=24823"}],"wp:term":[{"taxonomy":"category","embeddable":true,"href":"https:\/\/www.hoymercedes.com.ar\/principal\/wp-json\/wp\/v2\/categories?post=24823"},{"taxonomy":"post_tag","embeddable":true,"href":"https:\/\/www.hoymercedes.com.ar\/principal\/wp-json\/wp\/v2\/tags?post=24823"}],"curies":[{"name":"wp","href":"https:\/\/api.w.org\/{rel}","templated":true}]}}